{"id":5171,"date":"2025-02-01T08:00:00","date_gmt":"2025-02-01T06:00:00","guid":{"rendered":"https:\/\/www.mostkatowice.pl\/?p=5171"},"modified":"2025-10-03T09:59:49","modified_gmt":"2025-10-03T07:59:49","slug":"harmonogram-form-wsparcia-na-miesiac-wrzesien-2025-centrum-integracji-spolecznej-w-zabrzu-5","status":"publish","type":"post","link":"https:\/\/www.mostkatowice.pl\/en\/harmonogram-form-wsparcia-na-miesiac-wrzesien-2025-centrum-integracji-spolecznej-w-zabrzu-5\/","title":{"rendered":"Harmonogram form wsparcia na\u00a0miesi\u0105c luty 2025 Centrum Integracji Spo\u0142ecznej w Zabrzu"},"content":{"rendered":"<p>Przedstawiamy pa\u0144stwu harmonogram form wsparcia<\/p>\n\n\n\n<div data-wp-interactive=\"core\/file\" class=\"wp-block-file\"><object data-wp-bind--hidden=\"!state.hasPdfPreview\" hidden class=\"wp-block-file__embed\" data=\"http:\/\/www.mostkatowice.pl\/wp-content\/uploads\/2025\/10\/Harmonogram-form-wsparcia-luty.pdf\" type=\"application\/pdf\" style=\"width:100%;height:600px\" aria-label=\"Embed of Harmonogram form wsparcia luty.\"><\/object><a id=\"wp-block-file--media-63464000-9677-4788-a4af-71cc75465e39\" href=\"http:\/\/www.mostkatowice.pl\/wp-content\/uploads\/2025\/10\/Harmonogram-form-wsparcia-luty.pdf\">Harmonogram form wsparcia luty<\/a><a href=\"http:\/\/www.mostkatowice.pl\/wp-content\/uploads\/2025\/10\/Harmonogram-form-wsparcia-luty.pdf\" class=\"wp-block-file__button wp-element-button\" download aria-describedby=\"wp-block-file--media-63464000-9677-4788-a4af-71cc75465e39\">Pobierz<\/a><\/div>\n\n\n\n<figure class=\"wp-block-image size-large\"><img fetchpriority=\"high\" decoding=\"async\" width=\"1024\" height=\"108\" src=\"http:\/\/www.mostkatowice.pl\/wp-content\/uploads\/2025\/08\/FE-SL-kolor-poziom-br-1024x108.jpg\" alt=\"FESL logotypy unijne\" class=\"wp-image-4875\" srcset=\"https:\/\/www.mostkatowice.pl\/wp-content\/uploads\/2025\/08\/FE-SL-kolor-poziom-br-1024x108.jpg 1024w, https:\/\/www.mostkatowice.pl\/wp-content\/uploads\/2025\/08\/FE-SL-kolor-poziom-br-300x32.jpg 300w, https:\/\/www.mostkatowice.pl\/wp-content\/uploads\/2025\/08\/FE-SL-kolor-poziom-br-768x81.jpg 768w, https:\/\/www.mostkatowice.pl\/wp-content\/uploads\/2025\/08\/FE-SL-kolor-poziom-br-1536x162.jpg 1536w, https:\/\/www.mostkatowice.pl\/wp-content\/uploads\/2025\/08\/FE-SL-kolor-poziom-br-18x2.jpg 18w, https:\/\/www.mostkatowice.pl\/wp-content\/uploads\/2025\/08\/FE-SL-kolor-poziom-br.jpg 2015w\" sizes=\"(max-width: 1024px) 100vw, 1024px\" \/><\/figure>\n\n\n\n<p class=\"has-text-align-center\"><em><sub>CENTRUM INTEGRACJI SPO\u0141ECZNEJ W ZABRZU <\/sub><\/em><\/p>\n\n\n\n<p class=\"has-text-align-center\"><em><sup>Projekt dofinansowany ze \u015brodk\u00f3w Unii Europejskiej w ramach Fundusze Europejskie dla \u015al\u0105skiego 2021-2027 (Europejski Fundusz Spo\u0142eczny+) dla Priorytetu: FESL.07.00-Fundusze Europejskie dla spo\u0142ecze\u0144stwa dla Dzia\u0142ania: FESL.07.02-Aktywna integracja<\/sup><\/em><\/p>\n\n\n\n<p><\/p>","protected":false},"excerpt":{"rendered":"<p>Przedstawiamy pa\u0144stwu harmonogram form wsparcia CENTRUM INTEGRACJI SPO\u0141ECZNEJ W ZABRZU Projekt dofinansowany ze \u015brodk\u00f3w Unii Europejskiej w ramach Fundusze Europejskie dla \u015al\u0105skiego 2021-2027 (Europejski Fundusz Spo\u0142eczny+) dla Priorytetu: FESL.07.00-Fundusze Europejskie dla spo\u0142ecze\u0144stwa dla Dzia\u0142ania: FESL.07.02-Aktywna integracja<\/p>","protected":false},"author":7,"featured_media":0,"comment_status":"closed","ping_status":"closed","sticky":false,"template":"","format":"standard","meta":{"om_disable_all_campaigns":false,"_monsterinsights_skip_tracking":false,"_monsterinsights_sitenote_active":false,"_monsterinsights_sitenote_note":"","_monsterinsights_sitenote_category":0,"_uf_show_specific_survey":0,"_uf_disable_surveys":false,"footnotes":""},"categories":[5],"tags":[],"class_list":["post-5171","post","type-post","status-publish","format-standard","hentry","category-aktualnosci"],"yoast_head":"<!-- This site is optimized with the Yoast SEO plugin v26.8 - https:\/\/yoast.com\/product\/yoast-seo-wordpress\/ -->\n<title>Harmonogram form wsparcia na\u00a0miesi\u0105c luty 2025 Centrum Integracji Spo\u0142ecznej w Zabrzu - Stowarzyszenie MOST<\/title>\n<meta name=\"robots\" content=\"index, follow, max-snippet:-1, max-image-preview:large, max-video-preview:-1\" \/>\n<link rel=\"canonical\" href=\"https:\/\/www.mostkatowice.pl\/en\/harmonogram-form-wsparcia-na-miesiac-wrzesien-2025-centrum-integracji-spolecznej-w-zabrzu-5\/\" \/>\n<meta property=\"og:locale\" content=\"en_US\" \/>\n<meta property=\"og:type\" content=\"article\" \/>\n<meta property=\"og:title\" content=\"Harmonogram form wsparcia na\u00a0miesi\u0105c luty 2025 Centrum Integracji Spo\u0142ecznej w Zabrzu - Stowarzyszenie MOST\" \/>\n<meta property=\"og:description\" content=\"Przedstawiamy pa\u0144stwu harmonogram form wsparcia CENTRUM INTEGRACJI SPO\u0141ECZNEJ W ZABRZU Projekt dofinansowany ze \u015brodk\u00f3w Unii Europejskiej w ramach Fundusze Europejskie dla \u015al\u0105skiego 2021-2027 (Europejski Fundusz Spo\u0142eczny+) dla Priorytetu: FESL.07.00-Fundusze Europejskie dla spo\u0142ecze\u0144stwa dla Dzia\u0142ania: FESL.07.02-Aktywna integracja\" \/>\n<meta property=\"og:url\" content=\"https:\/\/www.mostkatowice.pl\/en\/harmonogram-form-wsparcia-na-miesiac-wrzesien-2025-centrum-integracji-spolecznej-w-zabrzu-5\/\" \/>\n<meta property=\"og:site_name\" content=\"Stowarzyszenie MOST\" \/>\n<meta property=\"article:publisher\" content=\"https:\/\/www.facebook.com\/mostkatowice\" \/>\n<meta property=\"article:published_time\" content=\"2025-02-01T06:00:00+00:00\" \/>\n<meta property=\"article:modified_time\" content=\"2025-10-03T07:59:49+00:00\" \/>\n<meta property=\"og:image\" content=\"https:\/\/www.mostkatowice.pl\/wp-content\/uploads\/2025\/08\/FE-SL-kolor-poziom-br.jpg\" \/>\n\t<meta property=\"og:image:width\" content=\"2015\" \/>\n\t<meta property=\"og:image:height\" content=\"213\" \/>\n\t<meta property=\"og:image:type\" content=\"image\/jpeg\" \/>\n<meta name=\"author\" content=\"ola\" \/>\n<meta name=\"twitter:card\" content=\"summary_large_image\" \/>\n<meta name=\"twitter:label1\" content=\"Written by\" \/>\n\t<meta name=\"twitter:data1\" content=\"ola\" \/>\n\t<meta name=\"twitter:label2\" content=\"Est. reading time\" \/>\n\t<meta name=\"twitter:data2\" content=\"1 minute\" \/>\n<script type=\"application\/ld+json\" class=\"yoast-schema-graph\">{\"@context\":\"https:\/\/schema.org\",\"@graph\":[{\"@type\":\"Article\",\"@id\":\"https:\/\/www.mostkatowice.pl\/harmonogram-form-wsparcia-na-miesiac-wrzesien-2025-centrum-integracji-spolecznej-w-zabrzu-5\/#article\",\"isPartOf\":{\"@id\":\"https:\/\/www.mostkatowice.pl\/harmonogram-form-wsparcia-na-miesiac-wrzesien-2025-centrum-integracji-spolecznej-w-zabrzu-5\/\"},\"author\":{\"name\":\"ola\",\"@id\":\"https:\/\/www.mostkatowice.pl\/#\/schema\/person\/4b0dd1fcb04c4675c694b5c46bfa62d3\"},\"headline\":\"Harmonogram form wsparcia na\u00a0miesi\u0105c luty 2025 Centrum Integracji Spo\u0142ecznej w Zabrzu\",\"datePublished\":\"2025-02-01T06:00:00+00:00\",\"dateModified\":\"2025-10-03T07:59:49+00:00\",\"mainEntityOfPage\":{\"@id\":\"https:\/\/www.mostkatowice.pl\/harmonogram-form-wsparcia-na-miesiac-wrzesien-2025-centrum-integracji-spolecznej-w-zabrzu-5\/\"},\"wordCount\":64,\"publisher\":{\"@id\":\"https:\/\/www.mostkatowice.pl\/#organization\"},\"image\":{\"@id\":\"https:\/\/www.mostkatowice.pl\/harmonogram-form-wsparcia-na-miesiac-wrzesien-2025-centrum-integracji-spolecznej-w-zabrzu-5\/#primaryimage\"},\"thumbnailUrl\":\"http:\/\/www.mostkatowice.pl\/wp-content\/uploads\/2025\/08\/FE-SL-kolor-poziom-br-1024x108.jpg\",\"articleSection\":[\"Aktualno\u015bci\"],\"inLanguage\":\"en-US\"},{\"@type\":\"WebPage\",\"@id\":\"https:\/\/www.mostkatowice.pl\/harmonogram-form-wsparcia-na-miesiac-wrzesien-2025-centrum-integracji-spolecznej-w-zabrzu-5\/\",\"url\":\"https:\/\/www.mostkatowice.pl\/harmonogram-form-wsparcia-na-miesiac-wrzesien-2025-centrum-integracji-spolecznej-w-zabrzu-5\/\",\"name\":\"Harmonogram form wsparcia na\u00a0miesi\u0105c luty 2025 Centrum Integracji Spo\u0142ecznej w Zabrzu - Stowarzyszenie MOST\",\"isPartOf\":{\"@id\":\"https:\/\/www.mostkatowice.pl\/#website\"},\"primaryImageOfPage\":{\"@id\":\"https:\/\/www.mostkatowice.pl\/harmonogram-form-wsparcia-na-miesiac-wrzesien-2025-centrum-integracji-spolecznej-w-zabrzu-5\/#primaryimage\"},\"image\":{\"@id\":\"https:\/\/www.mostkatowice.pl\/harmonogram-form-wsparcia-na-miesiac-wrzesien-2025-centrum-integracji-spolecznej-w-zabrzu-5\/#primaryimage\"},\"thumbnailUrl\":\"http:\/\/www.mostkatowice.pl\/wp-content\/uploads\/2025\/08\/FE-SL-kolor-poziom-br-1024x108.jpg\",\"datePublished\":\"2025-02-01T06:00:00+00:00\",\"dateModified\":\"2025-10-03T07:59:49+00:00\",\"breadcrumb\":{\"@id\":\"https:\/\/www.mostkatowice.pl\/harmonogram-form-wsparcia-na-miesiac-wrzesien-2025-centrum-integracji-spolecznej-w-zabrzu-5\/#breadcrumb\"},\"inLanguage\":\"en-US\",\"potentialAction\":[{\"@type\":\"ReadAction\",\"target\":[\"https:\/\/www.mostkatowice.pl\/harmonogram-form-wsparcia-na-miesiac-wrzesien-2025-centrum-integracji-spolecznej-w-zabrzu-5\/\"]}]},{\"@type\":\"ImageObject\",\"inLanguage\":\"en-US\",\"@id\":\"https:\/\/www.mostkatowice.pl\/harmonogram-form-wsparcia-na-miesiac-wrzesien-2025-centrum-integracji-spolecznej-w-zabrzu-5\/#primaryimage\",\"url\":\"http:\/\/www.mostkatowice.pl\/wp-content\/uploads\/2025\/08\/FE-SL-kolor-poziom-br-1024x108.jpg\",\"contentUrl\":\"http:\/\/www.mostkatowice.pl\/wp-content\/uploads\/2025\/08\/FE-SL-kolor-poziom-br-1024x108.jpg\"},{\"@type\":\"BreadcrumbList\",\"@id\":\"https:\/\/www.mostkatowice.pl\/harmonogram-form-wsparcia-na-miesiac-wrzesien-2025-centrum-integracji-spolecznej-w-zabrzu-5\/#breadcrumb\",\"itemListElement\":[{\"@type\":\"ListItem\",\"position\":1,\"name\":\"Strona g\u0142\u00f3wna\",\"item\":\"https:\/\/www.mostkatowice.pl\/\"},{\"@type\":\"ListItem\",\"position\":2,\"name\":\"Harmonogram form wsparcia na\u00a0miesi\u0105c luty 2025 Centrum Integracji Spo\u0142ecznej w Zabrzu\"}]},{\"@type\":\"WebSite\",\"@id\":\"https:\/\/www.mostkatowice.pl\/#website\",\"url\":\"https:\/\/www.mostkatowice.pl\/\",\"name\":\"Stowarzyszenie MOST\",\"description\":\"Most \u0142\u0105czy\",\"publisher\":{\"@id\":\"https:\/\/www.mostkatowice.pl\/#organization\"},\"potentialAction\":[{\"@type\":\"SearchAction\",\"target\":{\"@type\":\"EntryPoint\",\"urlTemplate\":\"https:\/\/www.mostkatowice.pl\/?s={search_term_string}\"},\"query-input\":{\"@type\":\"PropertyValueSpecification\",\"valueRequired\":true,\"valueName\":\"search_term_string\"}}],\"inLanguage\":\"en-US\"},{\"@type\":\"Organization\",\"@id\":\"https:\/\/www.mostkatowice.pl\/#organization\",\"name\":\"Stowarzyszenie MOST\",\"url\":\"https:\/\/www.mostkatowice.pl\/\",\"logo\":{\"@type\":\"ImageObject\",\"inLanguage\":\"en-US\",\"@id\":\"https:\/\/www.mostkatowice.pl\/#\/schema\/logo\/image\/\",\"url\":\"https:\/\/www.mostkatowice.pl\/wp-content\/uploads\/2022\/11\/cropped-cropped-cropped-MOST_Stowarzyszenie_Logo_RGB-03-4-e1667486323777.png\",\"contentUrl\":\"https:\/\/www.mostkatowice.pl\/wp-content\/uploads\/2022\/11\/cropped-cropped-cropped-MOST_Stowarzyszenie_Logo_RGB-03-4-e1667486323777.png\",\"width\":128,\"height\":89,\"caption\":\"Stowarzyszenie MOST\"},\"image\":{\"@id\":\"https:\/\/www.mostkatowice.pl\/#\/schema\/logo\/image\/\"},\"sameAs\":[\"https:\/\/www.facebook.com\/mostkatowice\",\"https:\/\/www.youtube.com\/@stowarzyszeniemost832\"]},{\"@type\":\"Person\",\"@id\":\"https:\/\/www.mostkatowice.pl\/#\/schema\/person\/4b0dd1fcb04c4675c694b5c46bfa62d3\",\"name\":\"ola\",\"image\":{\"@type\":\"ImageObject\",\"inLanguage\":\"en-US\",\"@id\":\"https:\/\/www.mostkatowice.pl\/#\/schema\/person\/image\/\",\"url\":\"https:\/\/secure.gravatar.com\/avatar\/f6338b34efeb28adba41ea76d083274658dbd6c784fbb1b451b0da10f8d099c0?s=96&d=mm&r=g\",\"contentUrl\":\"https:\/\/secure.gravatar.com\/avatar\/f6338b34efeb28adba41ea76d083274658dbd6c784fbb1b451b0da10f8d099c0?s=96&d=mm&r=g\",\"caption\":\"ola\"},\"url\":\"https:\/\/www.mostkatowice.pl\/en\/author\/ola\/\"}]}<\/script>\n<!-- \/ Yoast SEO plugin. -->","yoast_head_json":{"title":"Harmonogram form wsparcia na\u00a0miesi\u0105c luty 2025 Centrum Integracji Spo\u0142ecznej w Zabrzu - Stowarzyszenie MOST","robots":{"index":"index","follow":"follow","max-snippet":"max-snippet:-1","max-image-preview":"max-image-preview:large","max-video-preview":"max-video-preview:-1"},"canonical":"https:\/\/www.mostkatowice.pl\/en\/harmonogram-form-wsparcia-na-miesiac-wrzesien-2025-centrum-integracji-spolecznej-w-zabrzu-5\/","og_locale":"en_US","og_type":"article","og_title":"Harmonogram form wsparcia na\u00a0miesi\u0105c luty 2025 Centrum Integracji Spo\u0142ecznej w Zabrzu - Stowarzyszenie MOST","og_description":"Przedstawiamy pa\u0144stwu harmonogram form wsparcia CENTRUM INTEGRACJI SPO\u0141ECZNEJ W ZABRZU Projekt dofinansowany ze \u015brodk\u00f3w Unii Europejskiej w ramach Fundusze Europejskie dla \u015al\u0105skiego 2021-2027 (Europejski Fundusz Spo\u0142eczny+) dla Priorytetu: FESL.07.00-Fundusze Europejskie dla spo\u0142ecze\u0144stwa dla Dzia\u0142ania: FESL.07.02-Aktywna integracja","og_url":"https:\/\/www.mostkatowice.pl\/en\/harmonogram-form-wsparcia-na-miesiac-wrzesien-2025-centrum-integracji-spolecznej-w-zabrzu-5\/","og_site_name":"Stowarzyszenie MOST","article_publisher":"https:\/\/www.facebook.com\/mostkatowice","article_published_time":"2025-02-01T06:00:00+00:00","article_modified_time":"2025-10-03T07:59:49+00:00","og_image":[{"width":2015,"height":213,"url":"https:\/\/www.mostkatowice.pl\/wp-content\/uploads\/2025\/08\/FE-SL-kolor-poziom-br.jpg","type":"image\/jpeg"}],"author":"ola","twitter_card":"summary_large_image","twitter_misc":{"Written by":"ola","Est. reading time":"1 minute"},"schema":{"@context":"https:\/\/schema.org","@graph":[{"@type":"Article","@id":"https:\/\/www.mostkatowice.pl\/harmonogram-form-wsparcia-na-miesiac-wrzesien-2025-centrum-integracji-spolecznej-w-zabrzu-5\/#article","isPartOf":{"@id":"https:\/\/www.mostkatowice.pl\/harmonogram-form-wsparcia-na-miesiac-wrzesien-2025-centrum-integracji-spolecznej-w-zabrzu-5\/"},"author":{"name":"ola","@id":"https:\/\/www.mostkatowice.pl\/#\/schema\/person\/4b0dd1fcb04c4675c694b5c46bfa62d3"},"headline":"Harmonogram form wsparcia na\u00a0miesi\u0105c luty 2025 Centrum Integracji Spo\u0142ecznej w Zabrzu","datePublished":"2025-02-01T06:00:00+00:00","dateModified":"2025-10-03T07:59:49+00:00","mainEntityOfPage":{"@id":"https:\/\/www.mostkatowice.pl\/harmonogram-form-wsparcia-na-miesiac-wrzesien-2025-centrum-integracji-spolecznej-w-zabrzu-5\/"},"wordCount":64,"publisher":{"@id":"https:\/\/www.mostkatowice.pl\/#organization"},"image":{"@id":"https:\/\/www.mostkatowice.pl\/harmonogram-form-wsparcia-na-miesiac-wrzesien-2025-centrum-integracji-spolecznej-w-zabrzu-5\/#primaryimage"},"thumbnailUrl":"http:\/\/www.mostkatowice.pl\/wp-content\/uploads\/2025\/08\/FE-SL-kolor-poziom-br-1024x108.jpg","articleSection":["Aktualno\u015bci"],"inLanguage":"en-US"},{"@type":"WebPage","@id":"https:\/\/www.mostkatowice.pl\/harmonogram-form-wsparcia-na-miesiac-wrzesien-2025-centrum-integracji-spolecznej-w-zabrzu-5\/","url":"https:\/\/www.mostkatowice.pl\/harmonogram-form-wsparcia-na-miesiac-wrzesien-2025-centrum-integracji-spolecznej-w-zabrzu-5\/","name":"Harmonogram form wsparcia na\u00a0miesi\u0105c luty 2025 Centrum Integracji Spo\u0142ecznej w Zabrzu - Stowarzyszenie MOST","isPartOf":{"@id":"https:\/\/www.mostkatowice.pl\/#website"},"primaryImageOfPage":{"@id":"https:\/\/www.mostkatowice.pl\/harmonogram-form-wsparcia-na-miesiac-wrzesien-2025-centrum-integracji-spolecznej-w-zabrzu-5\/#primaryimage"},"image":{"@id":"https:\/\/www.mostkatowice.pl\/harmonogram-form-wsparcia-na-miesiac-wrzesien-2025-centrum-integracji-spolecznej-w-zabrzu-5\/#primaryimage"},"thumbnailUrl":"http:\/\/www.mostkatowice.pl\/wp-content\/uploads\/2025\/08\/FE-SL-kolor-poziom-br-1024x108.jpg","datePublished":"2025-02-01T06:00:00+00:00","dateModified":"2025-10-03T07:59:49+00:00","breadcrumb":{"@id":"https:\/\/www.mostkatowice.pl\/harmonogram-form-wsparcia-na-miesiac-wrzesien-2025-centrum-integracji-spolecznej-w-zabrzu-5\/#breadcrumb"},"inLanguage":"en-US","potentialAction":[{"@type":"ReadAction","target":["https:\/\/www.mostkatowice.pl\/harmonogram-form-wsparcia-na-miesiac-wrzesien-2025-centrum-integracji-spolecznej-w-zabrzu-5\/"]}]},{"@type":"ImageObject","inLanguage":"en-US","@id":"https:\/\/www.mostkatowice.pl\/harmonogram-form-wsparcia-na-miesiac-wrzesien-2025-centrum-integracji-spolecznej-w-zabrzu-5\/#primaryimage","url":"http:\/\/www.mostkatowice.pl\/wp-content\/uploads\/2025\/08\/FE-SL-kolor-poziom-br-1024x108.jpg","contentUrl":"http:\/\/www.mostkatowice.pl\/wp-content\/uploads\/2025\/08\/FE-SL-kolor-poziom-br-1024x108.jpg"},{"@type":"BreadcrumbList","@id":"https:\/\/www.mostkatowice.pl\/harmonogram-form-wsparcia-na-miesiac-wrzesien-2025-centrum-integracji-spolecznej-w-zabrzu-5\/#breadcrumb","itemListElement":[{"@type":"ListItem","position":1,"name":"Strona g\u0142\u00f3wna","item":"https:\/\/www.mostkatowice.pl\/"},{"@type":"ListItem","position":2,"name":"Harmonogram form wsparcia na\u00a0miesi\u0105c luty 2025 Centrum Integracji Spo\u0142ecznej w Zabrzu"}]},{"@type":"WebSite","@id":"https:\/\/www.mostkatowice.pl\/#website","url":"https:\/\/www.mostkatowice.pl\/","name":"Stowarzyszenie MOST","description":"Most \u0142\u0105czy","publisher":{"@id":"https:\/\/www.mostkatowice.pl\/#organization"},"potentialAction":[{"@type":"SearchAction","target":{"@type":"EntryPoint","urlTemplate":"https:\/\/www.mostkatowice.pl\/?s={search_term_string}"},"query-input":{"@type":"PropertyValueSpecification","valueRequired":true,"valueName":"search_term_string"}}],"inLanguage":"en-US"},{"@type":"Organization","@id":"https:\/\/www.mostkatowice.pl\/#organization","name":"Stowarzyszenie MOST","url":"https:\/\/www.mostkatowice.pl\/","logo":{"@type":"ImageObject","inLanguage":"en-US","@id":"https:\/\/www.mostkatowice.pl\/#\/schema\/logo\/image\/","url":"https:\/\/www.mostkatowice.pl\/wp-content\/uploads\/2022\/11\/cropped-cropped-cropped-MOST_Stowarzyszenie_Logo_RGB-03-4-e1667486323777.png","contentUrl":"https:\/\/www.mostkatowice.pl\/wp-content\/uploads\/2022\/11\/cropped-cropped-cropped-MOST_Stowarzyszenie_Logo_RGB-03-4-e1667486323777.png","width":128,"height":89,"caption":"Stowarzyszenie MOST"},"image":{"@id":"https:\/\/www.mostkatowice.pl\/#\/schema\/logo\/image\/"},"sameAs":["https:\/\/www.facebook.com\/mostkatowice","https:\/\/www.youtube.com\/@stowarzyszeniemost832"]},{"@type":"Person","@id":"https:\/\/www.mostkatowice.pl\/#\/schema\/person\/4b0dd1fcb04c4675c694b5c46bfa62d3","name":"ola","image":{"@type":"ImageObject","inLanguage":"en-US","@id":"https:\/\/www.mostkatowice.pl\/#\/schema\/person\/image\/","url":"https:\/\/secure.gravatar.com\/avatar\/f6338b34efeb28adba41ea76d083274658dbd6c784fbb1b451b0da10f8d099c0?s=96&d=mm&r=g","contentUrl":"https:\/\/secure.gravatar.com\/avatar\/f6338b34efeb28adba41ea76d083274658dbd6c784fbb1b451b0da10f8d099c0?s=96&d=mm&r=g","caption":"ola"},"url":"https:\/\/www.mostkatowice.pl\/en\/author\/ola\/"}]}},"_links":{"self":[{"href":"https:\/\/www.mostkatowice.pl\/en\/wp-json\/wp\/v2\/posts\/5171","targetHints":{"allow":["GET"]}}],"collection":[{"href":"https:\/\/www.mostkatowice.pl\/en\/wp-json\/wp\/v2\/posts"}],"about":[{"href":"https:\/\/www.mostkatowice.pl\/en\/wp-json\/wp\/v2\/types\/post"}],"author":[{"embeddable":true,"href":"https:\/\/www.mostkatowice.pl\/en\/wp-json\/wp\/v2\/users\/7"}],"replies":[{"embeddable":true,"href":"https:\/\/www.mostkatowice.pl\/en\/wp-json\/wp\/v2\/comments?post=5171"}],"version-history":[{"count":1,"href":"https:\/\/www.mostkatowice.pl\/en\/wp-json\/wp\/v2\/posts\/5171\/revisions"}],"predecessor-version":[{"id":5172,"href":"https:\/\/www.mostkatowice.pl\/en\/wp-json\/wp\/v2\/posts\/5171\/revisions\/5172"}],"wp:attachment":[{"href":"https:\/\/www.mostkatowice.pl\/en\/wp-json\/wp\/v2\/media?parent=5171"}],"wp:term":[{"taxonomy":"category","embeddable":true,"href":"https:\/\/www.mostkatowice.pl\/en\/wp-json\/wp\/v2\/categories?post=5171"},{"taxonomy":"post_tag","embeddable":true,"href":"https:\/\/www.mostkatowice.pl\/en\/wp-json\/wp\/v2\/tags?post=5171"}],"curies":[{"name":"wp","href":"https:\/\/api.w.org\/{rel}","templated":true}]}}