{"id":4644,"date":"2025-06-30T12:57:24","date_gmt":"2025-06-30T10:57:24","guid":{"rendered":"https:\/\/www.mostkatowice.pl\/?p=4644"},"modified":"2025-07-01T10:14:45","modified_gmt":"2025-07-01T08:14:45","slug":"zajecia-grupowe-dla-seniorow-w-ramach-projektu-spoleczna-transformacja-katowic-5","status":"publish","type":"post","link":"https:\/\/www.mostkatowice.pl\/en\/zajecia-grupowe-dla-seniorow-w-ramach-projektu-spoleczna-transformacja-katowic-5\/","title":{"rendered":"Zaj\u0119cia grupowe dla senior\u00f3w w\u00a0ramach projektu Spo\u0142eczna transformacja Katowic"},"content":{"rendered":"<h2 class=\"wp-block-heading\">Czerwiec pe\u0142en spotka\u0144, rozm\u00f3w i wsp\u00f3lnego \u015bpiewu<\/h2>\n\n\n\n<p>Czerwiec w projekcie <strong>\u201eSpo\u0142eczna transformacja Katowic\u201d<\/strong> up\u0142yn\u0105\u0142 seniorom pod znakiem intensywnych spotka\u0144, rozwijaj\u0105cych warsztat\u00f3w i wyj\u0105tkowych wydarze\u0144 integracyjnych. Nasze zaj\u0119cia \u2013 jak zawsze \u2013 \u0142\u0105czy\u0142y przyjazn\u0105 atmosfer\u0119 z trosk\u0105 o aktywno\u015b\u0107, rozw\u00f3j i relacje mi\u0119dzyludzkie.<\/p>\n\n\n\n<h2 class=\"wp-block-heading\">Mi\u0119dzynarodowe spotkanie senior\u00f3w z Polski i Ukrainy<\/h2>\n\n\n\n<p>W tym miesi\u0105cu odby\u0142o si\u0119 szczeg\u00f3lne wydarzenie \u2013 <strong>mi\u0119dzynarodowe spotkanie senior\u00f3w z Polski i Ukrainy<\/strong> w <strong>Klubie Seniora Pani Ma\u0142gorzaty Herman<\/strong>. By\u0142 to inspiruj\u0105cy czas, wype\u0142niony rozmowami o kulturze, to\u017csamo\u015bci i wsp\u00f3lnych do\u015bwiadczeniach.<\/p>\n\n\n\n<p>Seniorzy \u015bpiewali polskie i ukrai\u0144skie piosenki, dzielili si\u0119 historiami z \u017cycia oraz tym, co ich \u0142\u0105czy \u2013 mimo r\u00f3\u017cnych j\u0119zyk\u00f3w i tradycji. Powsta\u0142a prawdziwa przestrze\u0144 zrozumienia i wzajemnego szacunku.<\/p>\n\n\n\n<p><strong>To spotkanie na d\u0142ugo pozostanie w naszych sercach.<\/strong><\/p>\n\n\n\n<p>Serdeczne podzi\u0119kowania kierujemy do <strong>Pani Ma\u0142gorzaty Herman<\/strong> oraz <strong>Stowarzyszenia \u201eWsp\u00f3lnie-Razem\u201d<\/strong> za wsp\u00f3\u0142prac\u0119, otwarto\u015b\u0107 i mo\u017cliwo\u015b\u0107 tworzenia tak wa\u017cnych chwil razem.<\/p>\n\n\n\n<h2 class=\"wp-block-heading\">Sta\u0142e zaj\u0119cia i aktywno\u015bci w czerwcu<\/h2>\n\n\n\n<p>Poza wydarzeniami specjalnymi kontynuowali\u015bmy regularne zaj\u0119cia:<br>\u2013 warsztaty artystyczne,<br>\u2013 treningi pami\u0119ci i koncentracji,<br>\u2013 zaj\u0119cia ruchowe i relaksacyjne,<br>\u2013 \u0107wiczenia z zakresu aktywizacji spo\u0142ecznej i rozmowy przy kawie.<\/p>\n\n\n\n<p><strong>Dzi\u0119kujemy wszystkim uczestnikom za obecno\u015b\u0107, energi\u0119 i wsp\u00f3lne budowanie przestrzeni przyjaznej seniorom.<\/strong><\/p>\n\n\n\n<h2 class=\"wp-block-heading\">Galeria zdj\u0119\u0107<\/h2>\n\n\n\n<figure class=\"wp-block-gallery has-nested-images columns-default is-cropped wp-block-gallery-1 is-layout-flex wp-block-gallery-is-layout-flex\">\n<figure class=\"wp-block-image size-large\"><img fetchpriority=\"high\" decoding=\"async\" width=\"1024\" height=\"576\" data-id=\"4650\" src=\"https:\/\/www.mostkatowice.pl\/wp-content\/uploads\/2025\/06\/IMG_1073-1024x576.jpg\" alt=\"\" class=\"wp-image-4650\" srcset=\"https:\/\/www.mostkatowice.pl\/wp-content\/uploads\/2025\/06\/IMG_1073-1024x576.jpg 1024w, https:\/\/www.mostkatowice.pl\/wp-content\/uploads\/2025\/06\/IMG_1073-300x169.jpg 300w, https:\/\/www.mostkatowice.pl\/wp-content\/uploads\/2025\/06\/IMG_1073-768x432.jpg 768w, https:\/\/www.mostkatowice.pl\/wp-content\/uploads\/2025\/06\/IMG_1073-1536x864.jpg 1536w, https:\/\/www.mostkatowice.pl\/wp-content\/uploads\/2025\/06\/IMG_1073-2048x1152.jpg 2048w, https:\/\/www.mostkatowice.pl\/wp-content\/uploads\/2025\/06\/IMG_1073-18x10.jpg 18w\" sizes=\"(max-width: 1024px) 100vw, 1024px\" \/><\/figure>\n\n\n\n<figure class=\"wp-block-image size-large\"><img decoding=\"async\" width=\"1024\" height=\"576\" data-id=\"4651\" src=\"https:\/\/www.mostkatowice.pl\/wp-content\/uploads\/2025\/06\/IMG_1085-1024x576.jpg\" alt=\"\" class=\"wp-image-4651\" srcset=\"https:\/\/www.mostkatowice.pl\/wp-content\/uploads\/2025\/06\/IMG_1085-1024x576.jpg 1024w, https:\/\/www.mostkatowice.pl\/wp-content\/uploads\/2025\/06\/IMG_1085-300x169.jpg 300w, https:\/\/www.mostkatowice.pl\/wp-content\/uploads\/2025\/06\/IMG_1085-768x432.jpg 768w, https:\/\/www.mostkatowice.pl\/wp-content\/uploads\/2025\/06\/IMG_1085-1536x864.jpg 1536w, https:\/\/www.mostkatowice.pl\/wp-content\/uploads\/2025\/06\/IMG_1085-2048x1152.jpg 2048w, https:\/\/www.mostkatowice.pl\/wp-content\/uploads\/2025\/06\/IMG_1085-18x10.jpg 18w\" sizes=\"(max-width: 1024px) 100vw, 1024px\" \/><\/figure>\n\n\n\n<figure class=\"wp-block-image size-large\"><img decoding=\"async\" width=\"1024\" height=\"576\" data-id=\"4652\" src=\"https:\/\/www.mostkatowice.pl\/wp-content\/uploads\/2025\/06\/IMG_1069-1024x576.jpg\" alt=\"\" class=\"wp-image-4652\" srcset=\"https:\/\/www.mostkatowice.pl\/wp-content\/uploads\/2025\/06\/IMG_1069-1024x576.jpg 1024w, https:\/\/www.mostkatowice.pl\/wp-content\/uploads\/2025\/06\/IMG_1069-300x169.jpg 300w, https:\/\/www.mostkatowice.pl\/wp-content\/uploads\/2025\/06\/IMG_1069-768x432.jpg 768w, https:\/\/www.mostkatowice.pl\/wp-content\/uploads\/2025\/06\/IMG_1069-1536x864.jpg 1536w, https:\/\/www.mostkatowice.pl\/wp-content\/uploads\/2025\/06\/IMG_1069-2048x1152.jpg 2048w, https:\/\/www.mostkatowice.pl\/wp-content\/uploads\/2025\/06\/IMG_1069-18x10.jpg 18w\" sizes=\"(max-width: 1024px) 100vw, 1024px\" \/><\/figure>\n\n\n\n<figure class=\"wp-block-image size-large\"><img loading=\"lazy\" decoding=\"async\" width=\"1024\" height=\"576\" data-id=\"4653\" src=\"https:\/\/www.mostkatowice.pl\/wp-content\/uploads\/2025\/06\/IMG_1079-1024x576.jpg\" alt=\"\" class=\"wp-image-4653\" srcset=\"https:\/\/www.mostkatowice.pl\/wp-content\/uploads\/2025\/06\/IMG_1079-1024x576.jpg 1024w, https:\/\/www.mostkatowice.pl\/wp-content\/uploads\/2025\/06\/IMG_1079-300x169.jpg 300w, https:\/\/www.mostkatowice.pl\/wp-content\/uploads\/2025\/06\/IMG_1079-768x432.jpg 768w, https:\/\/www.mostkatowice.pl\/wp-content\/uploads\/2025\/06\/IMG_1079-1536x864.jpg 1536w, https:\/\/www.mostkatowice.pl\/wp-content\/uploads\/2025\/06\/IMG_1079-2048x1152.jpg 2048w, https:\/\/www.mostkatowice.pl\/wp-content\/uploads\/2025\/06\/IMG_1079-18x10.jpg 18w\" sizes=\"(max-width: 1024px) 100vw, 1024px\" \/><\/figure>\n\n\n\n<figure class=\"wp-block-image size-large\"><img loading=\"lazy\" decoding=\"async\" width=\"1024\" height=\"576\" data-id=\"4654\" src=\"https:\/\/www.mostkatowice.pl\/wp-content\/uploads\/2025\/06\/IMG_2604-1024x576.jpg\" alt=\"\" class=\"wp-image-4654\" srcset=\"https:\/\/www.mostkatowice.pl\/wp-content\/uploads\/2025\/06\/IMG_2604-1024x576.jpg 1024w, https:\/\/www.mostkatowice.pl\/wp-content\/uploads\/2025\/06\/IMG_2604-300x169.jpg 300w, https:\/\/www.mostkatowice.pl\/wp-content\/uploads\/2025\/06\/IMG_2604-768x432.jpg 768w, https:\/\/www.mostkatowice.pl\/wp-content\/uploads\/2025\/06\/IMG_2604-1536x864.jpg 1536w, https:\/\/www.mostkatowice.pl\/wp-content\/uploads\/2025\/06\/IMG_2604-2048x1152.jpg 2048w, https:\/\/www.mostkatowice.pl\/wp-content\/uploads\/2025\/06\/IMG_2604-18x10.jpg 18w\" sizes=\"(max-width: 1024px) 100vw, 1024px\" \/><\/figure>\n\n\n\n<figure class=\"wp-block-image size-large\"><img loading=\"lazy\" decoding=\"async\" width=\"1024\" height=\"576\" data-id=\"4655\" src=\"https:\/\/www.mostkatowice.pl\/wp-content\/uploads\/2025\/06\/IMG_1087-1024x576.jpg\" alt=\"\" class=\"wp-image-4655\" srcset=\"https:\/\/www.mostkatowice.pl\/wp-content\/uploads\/2025\/06\/IMG_1087-1024x576.jpg 1024w, https:\/\/www.mostkatowice.pl\/wp-content\/uploads\/2025\/06\/IMG_1087-300x169.jpg 300w, https:\/\/www.mostkatowice.pl\/wp-content\/uploads\/2025\/06\/IMG_1087-768x432.jpg 768w, https:\/\/www.mostkatowice.pl\/wp-content\/uploads\/2025\/06\/IMG_1087-1536x864.jpg 1536w, https:\/\/www.mostkatowice.pl\/wp-content\/uploads\/2025\/06\/IMG_1087-2048x1152.jpg 2048w, https:\/\/www.mostkatowice.pl\/wp-content\/uploads\/2025\/06\/IMG_1087-18x10.jpg 18w\" sizes=\"(max-width: 1024px) 100vw, 1024px\" \/><\/figure>\n\n\n\n<figure class=\"wp-block-image size-large\"><img loading=\"lazy\" decoding=\"async\" width=\"1024\" height=\"576\" data-id=\"4658\" src=\"https:\/\/www.mostkatowice.pl\/wp-content\/uploads\/2025\/06\/IMG_2607-1024x576.jpg\" alt=\"\" class=\"wp-image-4658\" srcset=\"https:\/\/www.mostkatowice.pl\/wp-content\/uploads\/2025\/06\/IMG_2607-1024x576.jpg 1024w, https:\/\/www.mostkatowice.pl\/wp-content\/uploads\/2025\/06\/IMG_2607-300x169.jpg 300w, https:\/\/www.mostkatowice.pl\/wp-content\/uploads\/2025\/06\/IMG_2607-768x432.jpg 768w, https:\/\/www.mostkatowice.pl\/wp-content\/uploads\/2025\/06\/IMG_2607-1536x864.jpg 1536w, https:\/\/www.mostkatowice.pl\/wp-content\/uploads\/2025\/06\/IMG_2607-2048x1152.jpg 2048w, https:\/\/www.mostkatowice.pl\/wp-content\/uploads\/2025\/06\/IMG_2607-18x10.jpg 18w\" sizes=\"(max-width: 1024px) 100vw, 1024px\" \/><\/figure>\n\n\n\n<figure class=\"wp-block-image size-large\"><img loading=\"lazy\" decoding=\"async\" width=\"2268\" height=\"1701\" data-id=\"4659\" src=\"https:\/\/www.mostkatowice.pl\/wp-content\/uploads\/2025\/06\/IMG_2606-edited.jpg\" alt=\"\" class=\"wp-image-4659\" srcset=\"https:\/\/www.mostkatowice.pl\/wp-content\/uploads\/2025\/06\/IMG_2606-edited.jpg 2268w, https:\/\/www.mostkatowice.pl\/wp-content\/uploads\/2025\/06\/IMG_2606-edited-300x225.jpg 300w, https:\/\/www.mostkatowice.pl\/wp-content\/uploads\/2025\/06\/IMG_2606-edited-1024x768.jpg 1024w, https:\/\/www.mostkatowice.pl\/wp-content\/uploads\/2025\/06\/IMG_2606-edited-768x576.jpg 768w, https:\/\/www.mostkatowice.pl\/wp-content\/uploads\/2025\/06\/IMG_2606-edited-1536x1152.jpg 1536w, https:\/\/www.mostkatowice.pl\/wp-content\/uploads\/2025\/06\/IMG_2606-edited-2048x1536.jpg 2048w, https:\/\/www.mostkatowice.pl\/wp-content\/uploads\/2025\/06\/IMG_2606-edited-16x12.jpg 16w\" sizes=\"(max-width: 2268px) 100vw, 2268px\" \/><\/figure>\n\n\n\n<figure class=\"wp-block-image size-large\"><img loading=\"lazy\" decoding=\"async\" width=\"1024\" height=\"576\" data-id=\"4656\" src=\"https:\/\/www.mostkatowice.pl\/wp-content\/uploads\/2025\/06\/IMG_2608-1024x576.jpg\" alt=\"\" class=\"wp-image-4656\" srcset=\"https:\/\/www.mostkatowice.pl\/wp-content\/uploads\/2025\/06\/IMG_2608-1024x576.jpg 1024w, https:\/\/www.mostkatowice.pl\/wp-content\/uploads\/2025\/06\/IMG_2608-300x169.jpg 300w, https:\/\/www.mostkatowice.pl\/wp-content\/uploads\/2025\/06\/IMG_2608-768x432.jpg 768w, https:\/\/www.mostkatowice.pl\/wp-content\/uploads\/2025\/06\/IMG_2608-1536x864.jpg 1536w, https:\/\/www.mostkatowice.pl\/wp-content\/uploads\/2025\/06\/IMG_2608-2048x1152.jpg 2048w, https:\/\/www.mostkatowice.pl\/wp-content\/uploads\/2025\/06\/IMG_2608-18x10.jpg 18w\" sizes=\"(max-width: 1024px) 100vw, 1024px\" \/><\/figure>\n\n\n\n<figure class=\"wp-block-image size-large\"><img loading=\"lazy\" decoding=\"async\" width=\"1024\" height=\"768\" data-id=\"4660\" src=\"https:\/\/www.mostkatowice.pl\/wp-content\/uploads\/2025\/06\/20250612_155639-1024x768.jpg\" alt=\"\" class=\"wp-image-4660\" srcset=\"https:\/\/www.mostkatowice.pl\/wp-content\/uploads\/2025\/06\/20250612_155639-1024x768.jpg 1024w, https:\/\/www.mostkatowice.pl\/wp-content\/uploads\/2025\/06\/20250612_155639-300x225.jpg 300w, https:\/\/www.mostkatowice.pl\/wp-content\/uploads\/2025\/06\/20250612_155639-768x576.jpg 768w, https:\/\/www.mostkatowice.pl\/wp-content\/uploads\/2025\/06\/20250612_155639-1536x1152.jpg 1536w, https:\/\/www.mostkatowice.pl\/wp-content\/uploads\/2025\/06\/20250612_155639-2048x1536.jpg 2048w, https:\/\/www.mostkatowice.pl\/wp-content\/uploads\/2025\/06\/20250612_155639-16x12.jpg 16w\" sizes=\"(max-width: 1024px) 100vw, 1024px\" \/><\/figure>\n\n\n\n<figure class=\"wp-block-image size-large\"><img loading=\"lazy\" decoding=\"async\" width=\"1024\" height=\"768\" data-id=\"4661\" src=\"https:\/\/www.mostkatowice.pl\/wp-content\/uploads\/2025\/06\/20250612_155730-1024x768.jpg\" alt=\"\" class=\"wp-image-4661\" srcset=\"https:\/\/www.mostkatowice.pl\/wp-content\/uploads\/2025\/06\/20250612_155730-1024x768.jpg 1024w, https:\/\/www.mostkatowice.pl\/wp-content\/uploads\/2025\/06\/20250612_155730-300x225.jpg 300w, https:\/\/www.mostkatowice.pl\/wp-content\/uploads\/2025\/06\/20250612_155730-768x576.jpg 768w, https:\/\/www.mostkatowice.pl\/wp-content\/uploads\/2025\/06\/20250612_155730-1536x1152.jpg 1536w, https:\/\/www.mostkatowice.pl\/wp-content\/uploads\/2025\/06\/20250612_155730-2048x1536.jpg 2048w, https:\/\/www.mostkatowice.pl\/wp-content\/uploads\/2025\/06\/20250612_155730-16x12.jpg 16w\" sizes=\"(max-width: 1024px) 100vw, 1024px\" \/><\/figure>\n\n\n\n<figure class=\"wp-block-image size-large\"><img loading=\"lazy\" decoding=\"async\" width=\"1024\" height=\"768\" data-id=\"4662\" src=\"https:\/\/www.mostkatowice.pl\/wp-content\/uploads\/2025\/06\/20250612_155801-1024x768.jpg\" alt=\"\" class=\"wp-image-4662\" srcset=\"https:\/\/www.mostkatowice.pl\/wp-content\/uploads\/2025\/06\/20250612_155801-1024x768.jpg 1024w, https:\/\/www.mostkatowice.pl\/wp-content\/uploads\/2025\/06\/20250612_155801-300x225.jpg 300w, https:\/\/www.mostkatowice.pl\/wp-content\/uploads\/2025\/06\/20250612_155801-768x576.jpg 768w, https:\/\/www.mostkatowice.pl\/wp-content\/uploads\/2025\/06\/20250612_155801-1536x1152.jpg 1536w, https:\/\/www.mostkatowice.pl\/wp-content\/uploads\/2025\/06\/20250612_155801-2048x1536.jpg 2048w, https:\/\/www.mostkatowice.pl\/wp-content\/uploads\/2025\/06\/20250612_155801-16x12.jpg 16w\" sizes=\"(max-width: 1024px) 100vw, 1024px\" \/><\/figure>\n\n\n\n<figure class=\"wp-block-image size-large\"><img loading=\"lazy\" decoding=\"async\" width=\"768\" height=\"1024\" data-id=\"4647\" src=\"https:\/\/www.mostkatowice.pl\/wp-content\/uploads\/2025\/06\/20250612_155831-768x1024.jpg\" alt=\"\" class=\"wp-image-4647\" srcset=\"https:\/\/www.mostkatowice.pl\/wp-content\/uploads\/2025\/06\/20250612_155831-768x1024.jpg 768w, https:\/\/www.mostkatowice.pl\/wp-content\/uploads\/2025\/06\/20250612_155831-225x300.jpg 225w, https:\/\/www.mostkatowice.pl\/wp-content\/uploads\/2025\/06\/20250612_155831-1152x1536.jpg 1152w, https:\/\/www.mostkatowice.pl\/wp-content\/uploads\/2025\/06\/20250612_155831-1536x2048.jpg 1536w, https:\/\/www.mostkatowice.pl\/wp-content\/uploads\/2025\/06\/20250612_155831-9x12.jpg 9w, https:\/\/www.mostkatowice.pl\/wp-content\/uploads\/2025\/06\/20250612_155831-scaled.jpg 1920w\" sizes=\"(max-width: 768px) 100vw, 768px\" \/><\/figure>\n\n\n\n<figure class=\"wp-block-image size-large\"><img loading=\"lazy\" decoding=\"async\" width=\"768\" height=\"1024\" data-id=\"4648\" src=\"https:\/\/www.mostkatowice.pl\/wp-content\/uploads\/2025\/06\/20250612_155848-768x1024.jpg\" alt=\"\" class=\"wp-image-4648\" srcset=\"https:\/\/www.mostkatowice.pl\/wp-content\/uploads\/2025\/06\/20250612_155848-768x1024.jpg 768w, https:\/\/www.mostkatowice.pl\/wp-content\/uploads\/2025\/06\/20250612_155848-225x300.jpg 225w, https:\/\/www.mostkatowice.pl\/wp-content\/uploads\/2025\/06\/20250612_155848-1152x1536.jpg 1152w, https:\/\/www.mostkatowice.pl\/wp-content\/uploads\/2025\/06\/20250612_155848-1536x2048.jpg 1536w, https:\/\/www.mostkatowice.pl\/wp-content\/uploads\/2025\/06\/20250612_155848-9x12.jpg 9w, https:\/\/www.mostkatowice.pl\/wp-content\/uploads\/2025\/06\/20250612_155848-scaled.jpg 1920w\" sizes=\"(max-width: 768px) 100vw, 768px\" \/><\/figure>\n\n\n\n<figure class=\"wp-block-image size-large\"><img loading=\"lazy\" decoding=\"async\" width=\"768\" height=\"1024\" data-id=\"4649\" src=\"https:\/\/www.mostkatowice.pl\/wp-content\/uploads\/2025\/06\/20250612_155812-768x1024.jpg\" alt=\"\" class=\"wp-image-4649\" srcset=\"https:\/\/www.mostkatowice.pl\/wp-content\/uploads\/2025\/06\/20250612_155812-768x1024.jpg 768w, https:\/\/www.mostkatowice.pl\/wp-content\/uploads\/2025\/06\/20250612_155812-225x300.jpg 225w, https:\/\/www.mostkatowice.pl\/wp-content\/uploads\/2025\/06\/20250612_155812-1152x1536.jpg 1152w, https:\/\/www.mostkatowice.pl\/wp-content\/uploads\/2025\/06\/20250612_155812-1536x2048.jpg 1536w, https:\/\/www.mostkatowice.pl\/wp-content\/uploads\/2025\/06\/20250612_155812-9x12.jpg 9w, https:\/\/www.mostkatowice.pl\/wp-content\/uploads\/2025\/06\/20250612_155812-scaled.jpg 1920w\" sizes=\"(max-width: 768px) 100vw, 768px\" \/><\/figure>\n<\/figure>\n\n\n\n<hr class=\"wp-block-separator has-alpha-channel-opacity\"\/>\n\n\n\n<p class=\"has-small-font-size\"><em>\u201eSpo\u0142eczna Transformacja Katowic\u201d. Projekt dofinansowany ze&nbsp;\u015brodk\u00f3w Unii Europejskiej w&nbsp;ramach Fundusze Europejskie dla \u015al\u0105skiego 2021-2027. Dzia\u0142anie 10.24 W\u0142\u0105czenie spo\u0142eczne \u2013 wzmocnienie procesu sprawiedliwej transformacji.<\/em><\/p>\n\n\n\n<p><\/p>","protected":false},"excerpt":{"rendered":"<p>Czerwiec pe\u0142en spotka\u0144, rozm\u00f3w i wsp\u00f3lnego \u015bpiewu Czerwiec w projekcie \u201eSpo\u0142eczna transformacja Katowic\u201d up\u0142yn\u0105\u0142 seniorom pod znakiem intensywnych spotka\u0144, rozwijaj\u0105cych warsztat\u00f3w i wyj\u0105tkowych wydarze\u0144 integracyjnych. Nasze zaj\u0119cia \u2013 jak zawsze \u2013 \u0142\u0105czy\u0142y przyjazn\u0105 atmosfer\u0119 z trosk\u0105 o aktywno\u015b\u0107, rozw\u00f3j i relacje mi\u0119dzyludzkie. Mi\u0119dzynarodowe spotkanie senior\u00f3w z Polski i Ukrainy W tym miesi\u0105cu odby\u0142o si\u0119 szczeg\u00f3lne [&hellip;]<\/p>","protected":false},"author":11,"featured_media":4645,"comment_status":"closed","ping_status":"closed","sticky":false,"template":"","format":"standard","meta":{"om_disable_all_campaigns":false,"_monsterinsights_skip_tracking":false,"_monsterinsights_sitenote_active":false,"_monsterinsights_sitenote_note":"","_monsterinsights_sitenote_category":0,"_uf_show_specific_survey":0,"_uf_disable_surveys":false,"footnotes":""},"categories":[5],"tags":[77,78,14],"class_list":["post-4644","post","type-post","status-publish","format-standard","has-post-thumbnail","hentry","category-aktualnosci","tag-funduszeeuropejskie","tag-funduszeue","tag-katowice"],"yoast_head":"<!-- This site is optimized with the Yoast SEO plugin v26.8 - https:\/\/yoast.com\/product\/yoast-seo-wordpress\/ -->\n<title>Zaj\u0119cia grupowe dla senior\u00f3w w\u00a0ramach projektu Spo\u0142eczna transformacja Katowic - Stowarzyszenie MOST<\/title>\n<meta name=\"robots\" content=\"index, follow, max-snippet:-1, max-image-preview:large, max-video-preview:-1\" \/>\n<link rel=\"canonical\" href=\"https:\/\/www.mostkatowice.pl\/en\/zajecia-grupowe-dla-seniorow-w-ramach-projektu-spoleczna-transformacja-katowic-5\/\" \/>\n<meta property=\"og:locale\" content=\"en_US\" \/>\n<meta property=\"og:type\" content=\"article\" \/>\n<meta property=\"og:title\" content=\"Zaj\u0119cia grupowe dla senior\u00f3w w\u00a0ramach projektu Spo\u0142eczna transformacja Katowic - Stowarzyszenie MOST\" \/>\n<meta property=\"og:description\" content=\"Czerwiec pe\u0142en spotka\u0144, rozm\u00f3w i wsp\u00f3lnego \u015bpiewu Czerwiec w projekcie \u201eSpo\u0142eczna transformacja Katowic\u201d up\u0142yn\u0105\u0142 seniorom pod znakiem intensywnych spotka\u0144, rozwijaj\u0105cych warsztat\u00f3w i wyj\u0105tkowych wydarze\u0144 integracyjnych. Nasze zaj\u0119cia \u2013 jak zawsze \u2013 \u0142\u0105czy\u0142y przyjazn\u0105 atmosfer\u0119 z trosk\u0105 o aktywno\u015b\u0107, rozw\u00f3j i relacje mi\u0119dzyludzkie. Mi\u0119dzynarodowe spotkanie senior\u00f3w z Polski i Ukrainy W tym miesi\u0105cu odby\u0142o si\u0119 szczeg\u00f3lne [&hellip;]\" \/>\n<meta property=\"og:url\" content=\"https:\/\/www.mostkatowice.pl\/en\/zajecia-grupowe-dla-seniorow-w-ramach-projektu-spoleczna-transformacja-katowic-5\/\" \/>\n<meta property=\"og:site_name\" content=\"Stowarzyszenie MOST\" \/>\n<meta property=\"article:publisher\" content=\"https:\/\/www.facebook.com\/mostkatowice\" \/>\n<meta property=\"article:published_time\" content=\"2025-06-30T10:57:24+00:00\" \/>\n<meta property=\"article:modified_time\" content=\"2025-07-01T08:14:45+00:00\" \/>\n<meta property=\"og:image\" content=\"http:\/\/www.mostkatowice.pl\/wp-content\/uploads\/2025\/06\/10.24-7.png\" \/>\n\t<meta property=\"og:image:width\" content=\"1920\" \/>\n\t<meta property=\"og:image:height\" content=\"1080\" \/>\n\t<meta property=\"og:image:type\" content=\"image\/png\" \/>\n<meta name=\"author\" content=\"Klaudia Rychter\" \/>\n<meta name=\"twitter:card\" content=\"summary_large_image\" \/>\n<meta name=\"twitter:label1\" content=\"Written by\" \/>\n\t<meta name=\"twitter:data1\" content=\"Klaudia Rychter\" \/>\n\t<meta name=\"twitter:label2\" content=\"Est. reading time\" \/>\n\t<meta name=\"twitter:data2\" content=\"5 minutes\" \/>\n<script type=\"application\/ld+json\" class=\"yoast-schema-graph\">{\"@context\":\"https:\/\/schema.org\",\"@graph\":[{\"@type\":\"Article\",\"@id\":\"https:\/\/www.mostkatowice.pl\/zajecia-grupowe-dla-seniorow-w-ramach-projektu-spoleczna-transformacja-katowic-5\/#article\",\"isPartOf\":{\"@id\":\"https:\/\/www.mostkatowice.pl\/zajecia-grupowe-dla-seniorow-w-ramach-projektu-spoleczna-transformacja-katowic-5\/\"},\"author\":{\"name\":\"Klaudia Rychter\",\"@id\":\"https:\/\/www.mostkatowice.pl\/#\/schema\/person\/602aafb7298590b75f4d5b08e70c8cff\"},\"headline\":\"Zaj\u0119cia grupowe dla senior\u00f3w w\u00a0ramach projektu Spo\u0142eczna transformacja Katowic\",\"datePublished\":\"2025-06-30T10:57:24+00:00\",\"dateModified\":\"2025-07-01T08:14:45+00:00\",\"mainEntityOfPage\":{\"@id\":\"https:\/\/www.mostkatowice.pl\/zajecia-grupowe-dla-seniorow-w-ramach-projektu-spoleczna-transformacja-katowic-5\/\"},\"wordCount\":272,\"publisher\":{\"@id\":\"https:\/\/www.mostkatowice.pl\/#organization\"},\"image\":{\"@id\":\"https:\/\/www.mostkatowice.pl\/zajecia-grupowe-dla-seniorow-w-ramach-projektu-spoleczna-transformacja-katowic-5\/#primaryimage\"},\"thumbnailUrl\":\"https:\/\/www.mostkatowice.pl\/wp-content\/uploads\/2025\/06\/10.24-7.png\",\"keywords\":[\"FunduszeEuropejskie\",\"FunduszeUE\",\"katowice\"],\"articleSection\":[\"Aktualno\u015bci\"],\"inLanguage\":\"en-US\"},{\"@type\":\"WebPage\",\"@id\":\"https:\/\/www.mostkatowice.pl\/zajecia-grupowe-dla-seniorow-w-ramach-projektu-spoleczna-transformacja-katowic-5\/\",\"url\":\"https:\/\/www.mostkatowice.pl\/zajecia-grupowe-dla-seniorow-w-ramach-projektu-spoleczna-transformacja-katowic-5\/\",\"name\":\"Zaj\u0119cia grupowe dla senior\u00f3w w\u00a0ramach projektu Spo\u0142eczna transformacja Katowic - Stowarzyszenie MOST\",\"isPartOf\":{\"@id\":\"https:\/\/www.mostkatowice.pl\/#website\"},\"primaryImageOfPage\":{\"@id\":\"https:\/\/www.mostkatowice.pl\/zajecia-grupowe-dla-seniorow-w-ramach-projektu-spoleczna-transformacja-katowic-5\/#primaryimage\"},\"image\":{\"@id\":\"https:\/\/www.mostkatowice.pl\/zajecia-grupowe-dla-seniorow-w-ramach-projektu-spoleczna-transformacja-katowic-5\/#primaryimage\"},\"thumbnailUrl\":\"https:\/\/www.mostkatowice.pl\/wp-content\/uploads\/2025\/06\/10.24-7.png\",\"datePublished\":\"2025-06-30T10:57:24+00:00\",\"dateModified\":\"2025-07-01T08:14:45+00:00\",\"breadcrumb\":{\"@id\":\"https:\/\/www.mostkatowice.pl\/zajecia-grupowe-dla-seniorow-w-ramach-projektu-spoleczna-transformacja-katowic-5\/#breadcrumb\"},\"inLanguage\":\"en-US\",\"potentialAction\":[{\"@type\":\"ReadAction\",\"target\":[\"https:\/\/www.mostkatowice.pl\/zajecia-grupowe-dla-seniorow-w-ramach-projektu-spoleczna-transformacja-katowic-5\/\"]}]},{\"@type\":\"ImageObject\",\"inLanguage\":\"en-US\",\"@id\":\"https:\/\/www.mostkatowice.pl\/zajecia-grupowe-dla-seniorow-w-ramach-projektu-spoleczna-transformacja-katowic-5\/#primaryimage\",\"url\":\"https:\/\/www.mostkatowice.pl\/wp-content\/uploads\/2025\/06\/10.24-7.png\",\"contentUrl\":\"https:\/\/www.mostkatowice.pl\/wp-content\/uploads\/2025\/06\/10.24-7.png\",\"width\":1920,\"height\":1080,\"caption\":\"Plakat dotycz\u0105cy zaj\u0119\u0107 grupowych dla senior\u00f3w\"},{\"@type\":\"BreadcrumbList\",\"@id\":\"https:\/\/www.mostkatowice.pl\/zajecia-grupowe-dla-seniorow-w-ramach-projektu-spoleczna-transformacja-katowic-5\/#breadcrumb\",\"itemListElement\":[{\"@type\":\"ListItem\",\"position\":1,\"name\":\"Strona g\u0142\u00f3wna\",\"item\":\"https:\/\/www.mostkatowice.pl\/\"},{\"@type\":\"ListItem\",\"position\":2,\"name\":\"Zaj\u0119cia grupowe dla senior\u00f3w w\u00a0ramach projektu Spo\u0142eczna transformacja Katowic\"}]},{\"@type\":\"WebSite\",\"@id\":\"https:\/\/www.mostkatowice.pl\/#website\",\"url\":\"https:\/\/www.mostkatowice.pl\/\",\"name\":\"Stowarzyszenie MOST\",\"description\":\"Most \u0142\u0105czy\",\"publisher\":{\"@id\":\"https:\/\/www.mostkatowice.pl\/#organization\"},\"potentialAction\":[{\"@type\":\"SearchAction\",\"target\":{\"@type\":\"EntryPoint\",\"urlTemplate\":\"https:\/\/www.mostkatowice.pl\/?s={search_term_string}\"},\"query-input\":{\"@type\":\"PropertyValueSpecification\",\"valueRequired\":true,\"valueName\":\"search_term_string\"}}],\"inLanguage\":\"en-US\"},{\"@type\":\"Organization\",\"@id\":\"https:\/\/www.mostkatowice.pl\/#organization\",\"name\":\"Stowarzyszenie MOST\",\"url\":\"https:\/\/www.mostkatowice.pl\/\",\"logo\":{\"@type\":\"ImageObject\",\"inLanguage\":\"en-US\",\"@id\":\"https:\/\/www.mostkatowice.pl\/#\/schema\/logo\/image\/\",\"url\":\"https:\/\/www.mostkatowice.pl\/wp-content\/uploads\/2022\/11\/cropped-cropped-cropped-MOST_Stowarzyszenie_Logo_RGB-03-4-e1667486323777.png\",\"contentUrl\":\"https:\/\/www.mostkatowice.pl\/wp-content\/uploads\/2022\/11\/cropped-cropped-cropped-MOST_Stowarzyszenie_Logo_RGB-03-4-e1667486323777.png\",\"width\":128,\"height\":89,\"caption\":\"Stowarzyszenie MOST\"},\"image\":{\"@id\":\"https:\/\/www.mostkatowice.pl\/#\/schema\/logo\/image\/\"},\"sameAs\":[\"https:\/\/www.facebook.com\/mostkatowice\",\"https:\/\/www.youtube.com\/@stowarzyszeniemost832\"]},{\"@type\":\"Person\",\"@id\":\"https:\/\/www.mostkatowice.pl\/#\/schema\/person\/602aafb7298590b75f4d5b08e70c8cff\",\"name\":\"Klaudia Rychter\",\"image\":{\"@type\":\"ImageObject\",\"inLanguage\":\"en-US\",\"@id\":\"https:\/\/www.mostkatowice.pl\/#\/schema\/person\/image\/\",\"url\":\"https:\/\/secure.gravatar.com\/avatar\/0829910999f53cf6d11ac530a4fef2adce4e075af6b930e8c124944b9034a213?s=96&d=mm&r=g\",\"contentUrl\":\"https:\/\/secure.gravatar.com\/avatar\/0829910999f53cf6d11ac530a4fef2adce4e075af6b930e8c124944b9034a213?s=96&d=mm&r=g\",\"caption\":\"Klaudia Rychter\"},\"url\":\"https:\/\/www.mostkatowice.pl\/en\/author\/klaudia\/\"}]}<\/script>\n<!-- \/ Yoast SEO plugin. -->","yoast_head_json":{"title":"Zaj\u0119cia grupowe dla senior\u00f3w w\u00a0ramach projektu Spo\u0142eczna transformacja Katowic - Stowarzyszenie MOST","robots":{"index":"index","follow":"follow","max-snippet":"max-snippet:-1","max-image-preview":"max-image-preview:large","max-video-preview":"max-video-preview:-1"},"canonical":"https:\/\/www.mostkatowice.pl\/en\/zajecia-grupowe-dla-seniorow-w-ramach-projektu-spoleczna-transformacja-katowic-5\/","og_locale":"en_US","og_type":"article","og_title":"Zaj\u0119cia grupowe dla senior\u00f3w w\u00a0ramach projektu Spo\u0142eczna transformacja Katowic - Stowarzyszenie MOST","og_description":"Czerwiec pe\u0142en spotka\u0144, rozm\u00f3w i wsp\u00f3lnego \u015bpiewu Czerwiec w projekcie \u201eSpo\u0142eczna transformacja Katowic\u201d up\u0142yn\u0105\u0142 seniorom pod znakiem intensywnych spotka\u0144, rozwijaj\u0105cych warsztat\u00f3w i wyj\u0105tkowych wydarze\u0144 integracyjnych. Nasze zaj\u0119cia \u2013 jak zawsze \u2013 \u0142\u0105czy\u0142y przyjazn\u0105 atmosfer\u0119 z trosk\u0105 o aktywno\u015b\u0107, rozw\u00f3j i relacje mi\u0119dzyludzkie. Mi\u0119dzynarodowe spotkanie senior\u00f3w z Polski i Ukrainy W tym miesi\u0105cu odby\u0142o si\u0119 szczeg\u00f3lne [&hellip;]","og_url":"https:\/\/www.mostkatowice.pl\/en\/zajecia-grupowe-dla-seniorow-w-ramach-projektu-spoleczna-transformacja-katowic-5\/","og_site_name":"Stowarzyszenie MOST","article_publisher":"https:\/\/www.facebook.com\/mostkatowice","article_published_time":"2025-06-30T10:57:24+00:00","article_modified_time":"2025-07-01T08:14:45+00:00","og_image":[{"width":1920,"height":1080,"url":"http:\/\/www.mostkatowice.pl\/wp-content\/uploads\/2025\/06\/10.24-7.png","type":"image\/png"}],"author":"Klaudia Rychter","twitter_card":"summary_large_image","twitter_misc":{"Written by":"Klaudia Rychter","Est. reading time":"5 minutes"},"schema":{"@context":"https:\/\/schema.org","@graph":[{"@type":"Article","@id":"https:\/\/www.mostkatowice.pl\/zajecia-grupowe-dla-seniorow-w-ramach-projektu-spoleczna-transformacja-katowic-5\/#article","isPartOf":{"@id":"https:\/\/www.mostkatowice.pl\/zajecia-grupowe-dla-seniorow-w-ramach-projektu-spoleczna-transformacja-katowic-5\/"},"author":{"name":"Klaudia Rychter","@id":"https:\/\/www.mostkatowice.pl\/#\/schema\/person\/602aafb7298590b75f4d5b08e70c8cff"},"headline":"Zaj\u0119cia grupowe dla senior\u00f3w w\u00a0ramach projektu Spo\u0142eczna transformacja Katowic","datePublished":"2025-06-30T10:57:24+00:00","dateModified":"2025-07-01T08:14:45+00:00","mainEntityOfPage":{"@id":"https:\/\/www.mostkatowice.pl\/zajecia-grupowe-dla-seniorow-w-ramach-projektu-spoleczna-transformacja-katowic-5\/"},"wordCount":272,"publisher":{"@id":"https:\/\/www.mostkatowice.pl\/#organization"},"image":{"@id":"https:\/\/www.mostkatowice.pl\/zajecia-grupowe-dla-seniorow-w-ramach-projektu-spoleczna-transformacja-katowic-5\/#primaryimage"},"thumbnailUrl":"https:\/\/www.mostkatowice.pl\/wp-content\/uploads\/2025\/06\/10.24-7.png","keywords":["FunduszeEuropejskie","FunduszeUE","katowice"],"articleSection":["Aktualno\u015bci"],"inLanguage":"en-US"},{"@type":"WebPage","@id":"https:\/\/www.mostkatowice.pl\/zajecia-grupowe-dla-seniorow-w-ramach-projektu-spoleczna-transformacja-katowic-5\/","url":"https:\/\/www.mostkatowice.pl\/zajecia-grupowe-dla-seniorow-w-ramach-projektu-spoleczna-transformacja-katowic-5\/","name":"Zaj\u0119cia grupowe dla senior\u00f3w w\u00a0ramach projektu Spo\u0142eczna transformacja Katowic - Stowarzyszenie MOST","isPartOf":{"@id":"https:\/\/www.mostkatowice.pl\/#website"},"primaryImageOfPage":{"@id":"https:\/\/www.mostkatowice.pl\/zajecia-grupowe-dla-seniorow-w-ramach-projektu-spoleczna-transformacja-katowic-5\/#primaryimage"},"image":{"@id":"https:\/\/www.mostkatowice.pl\/zajecia-grupowe-dla-seniorow-w-ramach-projektu-spoleczna-transformacja-katowic-5\/#primaryimage"},"thumbnailUrl":"https:\/\/www.mostkatowice.pl\/wp-content\/uploads\/2025\/06\/10.24-7.png","datePublished":"2025-06-30T10:57:24+00:00","dateModified":"2025-07-01T08:14:45+00:00","breadcrumb":{"@id":"https:\/\/www.mostkatowice.pl\/zajecia-grupowe-dla-seniorow-w-ramach-projektu-spoleczna-transformacja-katowic-5\/#breadcrumb"},"inLanguage":"en-US","potentialAction":[{"@type":"ReadAction","target":["https:\/\/www.mostkatowice.pl\/zajecia-grupowe-dla-seniorow-w-ramach-projektu-spoleczna-transformacja-katowic-5\/"]}]},{"@type":"ImageObject","inLanguage":"en-US","@id":"https:\/\/www.mostkatowice.pl\/zajecia-grupowe-dla-seniorow-w-ramach-projektu-spoleczna-transformacja-katowic-5\/#primaryimage","url":"https:\/\/www.mostkatowice.pl\/wp-content\/uploads\/2025\/06\/10.24-7.png","contentUrl":"https:\/\/www.mostkatowice.pl\/wp-content\/uploads\/2025\/06\/10.24-7.png","width":1920,"height":1080,"caption":"Plakat dotycz\u0105cy zaj\u0119\u0107 grupowych dla senior\u00f3w"},{"@type":"BreadcrumbList","@id":"https:\/\/www.mostkatowice.pl\/zajecia-grupowe-dla-seniorow-w-ramach-projektu-spoleczna-transformacja-katowic-5\/#breadcrumb","itemListElement":[{"@type":"ListItem","position":1,"name":"Strona g\u0142\u00f3wna","item":"https:\/\/www.mostkatowice.pl\/"},{"@type":"ListItem","position":2,"name":"Zaj\u0119cia grupowe dla senior\u00f3w w\u00a0ramach projektu Spo\u0142eczna transformacja Katowic"}]},{"@type":"WebSite","@id":"https:\/\/www.mostkatowice.pl\/#website","url":"https:\/\/www.mostkatowice.pl\/","name":"Stowarzyszenie MOST","description":"Most \u0142\u0105czy","publisher":{"@id":"https:\/\/www.mostkatowice.pl\/#organization"},"potentialAction":[{"@type":"SearchAction","target":{"@type":"EntryPoint","urlTemplate":"https:\/\/www.mostkatowice.pl\/?s={search_term_string}"},"query-input":{"@type":"PropertyValueSpecification","valueRequired":true,"valueName":"search_term_string"}}],"inLanguage":"en-US"},{"@type":"Organization","@id":"https:\/\/www.mostkatowice.pl\/#organization","name":"Stowarzyszenie MOST","url":"https:\/\/www.mostkatowice.pl\/","logo":{"@type":"ImageObject","inLanguage":"en-US","@id":"https:\/\/www.mostkatowice.pl\/#\/schema\/logo\/image\/","url":"https:\/\/www.mostkatowice.pl\/wp-content\/uploads\/2022\/11\/cropped-cropped-cropped-MOST_Stowarzyszenie_Logo_RGB-03-4-e1667486323777.png","contentUrl":"https:\/\/www.mostkatowice.pl\/wp-content\/uploads\/2022\/11\/cropped-cropped-cropped-MOST_Stowarzyszenie_Logo_RGB-03-4-e1667486323777.png","width":128,"height":89,"caption":"Stowarzyszenie MOST"},"image":{"@id":"https:\/\/www.mostkatowice.pl\/#\/schema\/logo\/image\/"},"sameAs":["https:\/\/www.facebook.com\/mostkatowice","https:\/\/www.youtube.com\/@stowarzyszeniemost832"]},{"@type":"Person","@id":"https:\/\/www.mostkatowice.pl\/#\/schema\/person\/602aafb7298590b75f4d5b08e70c8cff","name":"Klaudia Rychter","image":{"@type":"ImageObject","inLanguage":"en-US","@id":"https:\/\/www.mostkatowice.pl\/#\/schema\/person\/image\/","url":"https:\/\/secure.gravatar.com\/avatar\/0829910999f53cf6d11ac530a4fef2adce4e075af6b930e8c124944b9034a213?s=96&d=mm&r=g","contentUrl":"https:\/\/secure.gravatar.com\/avatar\/0829910999f53cf6d11ac530a4fef2adce4e075af6b930e8c124944b9034a213?s=96&d=mm&r=g","caption":"Klaudia Rychter"},"url":"https:\/\/www.mostkatowice.pl\/en\/author\/klaudia\/"}]}},"_links":{"self":[{"href":"https:\/\/www.mostkatowice.pl\/en\/wp-json\/wp\/v2\/posts\/4644","targetHints":{"allow":["GET"]}}],"collection":[{"href":"https:\/\/www.mostkatowice.pl\/en\/wp-json\/wp\/v2\/posts"}],"about":[{"href":"https:\/\/www.mostkatowice.pl\/en\/wp-json\/wp\/v2\/types\/post"}],"author":[{"embeddable":true,"href":"https:\/\/www.mostkatowice.pl\/en\/wp-json\/wp\/v2\/users\/11"}],"replies":[{"embeddable":true,"href":"https:\/\/www.mostkatowice.pl\/en\/wp-json\/wp\/v2\/comments?post=4644"}],"version-history":[{"count":3,"href":"https:\/\/www.mostkatowice.pl\/en\/wp-json\/wp\/v2\/posts\/4644\/revisions"}],"predecessor-version":[{"id":4664,"href":"https:\/\/www.mostkatowice.pl\/en\/wp-json\/wp\/v2\/posts\/4644\/revisions\/4664"}],"wp:featuredmedia":[{"embeddable":true,"href":"https:\/\/www.mostkatowice.pl\/en\/wp-json\/wp\/v2\/media\/4645"}],"wp:attachment":[{"href":"https:\/\/www.mostkatowice.pl\/en\/wp-json\/wp\/v2\/media?parent=4644"}],"wp:term":[{"taxonomy":"category","embeddable":true,"href":"https:\/\/www.mostkatowice.pl\/en\/wp-json\/wp\/v2\/categories?post=4644"},{"taxonomy":"post_tag","embeddable":true,"href":"https:\/\/www.mostkatowice.pl\/en\/wp-json\/wp\/v2\/tags?post=4644"}],"curies":[{"name":"wp","href":"https:\/\/api.w.org\/{rel}","templated":true}]}}