{"id":4435,"date":"2025-05-09T11:05:41","date_gmt":"2025-05-09T09:05:41","guid":{"rendered":"https:\/\/www.mostkatowice.pl\/?p=4435"},"modified":"2025-05-09T11:09:23","modified_gmt":"2025-05-09T09:09:23","slug":"ziolowy-zakatek-dzien-natury-w-parku-kosciuszki","status":"publish","type":"post","link":"https:\/\/www.mostkatowice.pl\/en\/ziolowy-zakatek-dzien-natury-w-parku-kosciuszki\/","title":{"rendered":"ZIO\u0141OWY ZAK\u0104TEK \u2013 dzie\u0144 natury w Parku Ko\u015bciuszki"},"content":{"rendered":"<p><strong>Termin:<\/strong>&nbsp;sobota, 17 maja 2025 r. <br><strong>Godzina:<\/strong> 9:00\u201318:00<br><strong>Miejsce:<\/strong>&nbsp;Park Ko\u015bciuszki w Katowicach (okolice stawu, przy Mini Zoo i si\u0142owni plenerowej)<\/p>\n\n\n\n<p><em>W przypadku niekorzystnych warunk\u00f3w pogodowych wydarzenie zostanie przeniesione do Centrum Organizacji Pozarz\u0105dowych przy ul. Kopernika 14.<\/em><\/p>\n\n\n\n<hr class=\"wp-block-separator has-alpha-channel-opacity\"\/>\n\n\n\n<p><strong>Stowarzyszenie MOST<\/strong> oraz <strong>Fundacja Spo\u0142eczna Integracja<\/strong> zapraszaj\u0105 na ca\u0142odniowe wydarzenie plenerowe po\u015bwi\u0119cone zio\u0142om, naturze i relaksowi. <strong>&#8222;Zio\u0142owy Zak\u0105tek&#8221; <\/strong>to propozycja dla os\u00f3b, kt\u00f3re chc\u0105 w praktyczny spos\u00f3b zg\u0142\u0119bi\u0107 tajniki zielarstwa, naturalnej piel\u0119gnacji i codziennego dbania o dobre samopoczucie \u2013 w otoczeniu zieleni i z dala od miejskiego zgie\u0142ku.<\/p>\n\n\n\n<h2 class=\"wp-block-heading\">Program warsztat\u00f3w<\/h2>\n\n\n\n<p><strong>10:00 \u2013 Zio\u0142owe herbatki i napary<\/strong><br>Warsztat po\u015bwi\u0119cony w\u0142a\u015bciwo\u015bciom zi\u00f3\u0142 dost\u0119pnych w ogrodzie i na \u0142\u0105ce. Uczestnicy naucz\u0105 si\u0119 przygotowywa\u0107 zdrowe mieszanki do parzenia.<\/p>\n\n\n\n<p><strong>12:00 \u2013 Kosmetyki naturalne<\/strong><br>Podczas zaj\u0119\u0107 uczestnicy dowiedz\u0105 si\u0119, jak samodzielnie stworzy\u0107 ro\u015blinne kosmetyki \u2013 takie jak toniki i peelingi \u2013 bez u\u017cycia syntetycznych dodatk\u00f3w.<\/p>\n\n\n\n<p><strong>14:00 \u2013 Relaksuj\u0105ce sole do k\u0105pieli<\/strong><br>Praktyczne warsztaty tworzenia aromatycznych i terapeutycznych mieszanek do k\u0105pieli, idealnych na wieczorny relaks.<\/p>\n\n\n\n<p><strong>Od 16:00 \u2013 Strefa relaksu nad stawem<\/strong><br>Czas na odpoczynek w spokojnej atmosferze. Uczestnicy mog\u0105 roz\u0142o\u017cy\u0107 koce, napi\u0107 si\u0119 naparu z zi\u00f3\u0142, porozmawia\u0107 oraz skorzysta\u0107 z dodatkowych aktywno\u015bci, takich jak tworzenie kosmetyk\u00f3w czy indywidualne konsultacje dotycz\u0105ce zastosowania zi\u00f3\u0142.<br>Zalecamy zabranie ze sob\u0105 kubka, koca lub maty oraz wygodnego siedziska.<\/p>\n\n\n\n<h2 class=\"wp-block-heading\">Informacje organizacyjne<\/h2>\n\n\n\n<ul class=\"wp-block-list\">\n<li><strong>Dla kogo:<\/strong>&nbsp;wydarzenie przeznaczone jest dla os\u00f3b mieszkaj\u0105cych, pracuj\u0105cych lub ucz\u0105cych si\u0119 w Katowicach.<\/li>\n\n\n\n<li><strong>Udzia\u0142 jest bezp\u0142atny<\/strong>&nbsp;i nie wymaga wcze\u015bniejszych zapis\u00f3w.<\/li>\n\n\n\n<li><strong>Uwaga:<\/strong>&nbsp;udzia\u0142 w warsztatach o wyznaczonych godzinach wymaga wype\u0142nienia formularza uczestnika \u2013 dost\u0119pnego na miejscu w wersji papierowej.<\/li>\n<\/ul>\n\n\n\n<h2 class=\"wp-block-heading\">Contact<\/h2>\n\n\n\n<p><strong>Alicja Tom\u017cy\u0144ska<\/strong><br>Telefon: 533 367 789<br>E-mail:&nbsp;<a>a.tomzynska@mostkatowice.pl<\/a><\/p>\n\n\n\n<p class=\"has-small-font-size\"><em>\u201eSpo\u0142eczna Transformacja Katowic\u201d. Projekt dofinansowany ze&nbsp;\u015brodk\u00f3w Unii Europejskiej w&nbsp;ramach&nbsp;Fundusze Europejskie dla \u015al\u0105skiego 2021-2027. Dzia\u0142anie 10.24&nbsp;W\u0142\u0105czenie spo\u0142eczne \u2013 wzmocnienie procesu sprawiedliwej transformacji.<\/em><\/p>","protected":false},"excerpt":{"rendered":"<p>Termin:&nbsp;sobota, 17 maja 2025 r. Godzina: 9:00\u201318:00Miejsce:&nbsp;Park Ko\u015bciuszki w Katowicach (okolice stawu, przy Mini Zoo i si\u0142owni plenerowej) W przypadku niekorzystnych warunk\u00f3w pogodowych wydarzenie zostanie przeniesione do Centrum Organizacji Pozarz\u0105dowych przy ul. Kopernika 14. Stowarzyszenie MOST oraz Fundacja Spo\u0142eczna Integracja zapraszaj\u0105 na ca\u0142odniowe wydarzenie plenerowe po\u015bwi\u0119cone zio\u0142om, naturze i relaksowi. &#8222;Zio\u0142owy Zak\u0105tek&#8221; to propozycja dla [&hellip;]<\/p>","protected":false},"author":11,"featured_media":4436,"comment_status":"closed","ping_status":"closed","sticky":false,"template":"","format":"standard","meta":{"om_disable_all_campaigns":false,"_monsterinsights_skip_tracking":false,"_monsterinsights_sitenote_active":false,"_monsterinsights_sitenote_note":"","_monsterinsights_sitenote_category":0,"_uf_show_specific_survey":0,"_uf_disable_surveys":false,"footnotes":""},"categories":[5],"tags":[77,78,14],"class_list":["post-4435","post","type-post","status-publish","format-standard","has-post-thumbnail","hentry","category-aktualnosci","tag-funduszeeuropejskie","tag-funduszeue","tag-katowice"],"yoast_head":"<!-- This site is optimized with the Yoast SEO plugin v26.8 - https:\/\/yoast.com\/product\/yoast-seo-wordpress\/ -->\n<title>ZIO\u0141OWY ZAK\u0104TEK \u2013 dzie\u0144 natury w Parku Ko\u015bciuszki - Stowarzyszenie MOST<\/title>\n<meta name=\"robots\" content=\"index, follow, max-snippet:-1, max-image-preview:large, max-video-preview:-1\" \/>\n<link rel=\"canonical\" href=\"https:\/\/www.mostkatowice.pl\/en\/ziolowy-zakatek-dzien-natury-w-parku-kosciuszki\/\" \/>\n<meta property=\"og:locale\" content=\"en_US\" \/>\n<meta property=\"og:type\" content=\"article\" \/>\n<meta property=\"og:title\" content=\"ZIO\u0141OWY ZAK\u0104TEK \u2013 dzie\u0144 natury w Parku Ko\u015bciuszki - Stowarzyszenie MOST\" \/>\n<meta property=\"og:description\" content=\"Termin:&nbsp;sobota, 17 maja 2025 r. Godzina: 9:00\u201318:00Miejsce:&nbsp;Park Ko\u015bciuszki w Katowicach (okolice stawu, przy Mini Zoo i si\u0142owni plenerowej) W przypadku niekorzystnych warunk\u00f3w pogodowych wydarzenie zostanie przeniesione do Centrum Organizacji Pozarz\u0105dowych przy ul. Kopernika 14. Stowarzyszenie MOST oraz Fundacja Spo\u0142eczna Integracja zapraszaj\u0105 na ca\u0142odniowe wydarzenie plenerowe po\u015bwi\u0119cone zio\u0142om, naturze i relaksowi. &#8222;Zio\u0142owy Zak\u0105tek&#8221; to propozycja dla [&hellip;]\" \/>\n<meta property=\"og:url\" content=\"https:\/\/www.mostkatowice.pl\/en\/ziolowy-zakatek-dzien-natury-w-parku-kosciuszki\/\" \/>\n<meta property=\"og:site_name\" content=\"Stowarzyszenie MOST\" \/>\n<meta property=\"article:publisher\" content=\"https:\/\/www.facebook.com\/mostkatowice\" \/>\n<meta property=\"article:published_time\" content=\"2025-05-09T09:05:41+00:00\" \/>\n<meta property=\"article:modified_time\" content=\"2025-05-09T09:09:23+00:00\" \/>\n<meta property=\"og:image\" content=\"http:\/\/www.mostkatowice.pl\/wp-content\/uploads\/2025\/05\/ziolowy-zakatek.jpg\" \/>\n\t<meta property=\"og:image:width\" content=\"1920\" \/>\n\t<meta property=\"og:image:height\" content=\"1080\" \/>\n\t<meta property=\"og:image:type\" content=\"image\/jpeg\" \/>\n<meta name=\"author\" content=\"Klaudia Rychter\" \/>\n<meta name=\"twitter:card\" content=\"summary_large_image\" \/>\n<meta name=\"twitter:label1\" content=\"Written by\" \/>\n\t<meta name=\"twitter:data1\" content=\"Klaudia Rychter\" \/>\n\t<meta name=\"twitter:label2\" content=\"Est. reading time\" \/>\n\t<meta name=\"twitter:data2\" content=\"2 minutes\" \/>\n<script type=\"application\/ld+json\" class=\"yoast-schema-graph\">{\"@context\":\"https:\/\/schema.org\",\"@graph\":[{\"@type\":\"Article\",\"@id\":\"https:\/\/www.mostkatowice.pl\/ziolowy-zakatek-dzien-natury-w-parku-kosciuszki\/#article\",\"isPartOf\":{\"@id\":\"https:\/\/www.mostkatowice.pl\/ziolowy-zakatek-dzien-natury-w-parku-kosciuszki\/\"},\"author\":{\"name\":\"Klaudia Rychter\",\"@id\":\"https:\/\/www.mostkatowice.pl\/#\/schema\/person\/602aafb7298590b75f4d5b08e70c8cff\"},\"headline\":\"ZIO\u0141OWY ZAK\u0104TEK \u2013 dzie\u0144 natury w Parku Ko\u015bciuszki\",\"datePublished\":\"2025-05-09T09:05:41+00:00\",\"dateModified\":\"2025-05-09T09:09:23+00:00\",\"mainEntityOfPage\":{\"@id\":\"https:\/\/www.mostkatowice.pl\/ziolowy-zakatek-dzien-natury-w-parku-kosciuszki\/\"},\"wordCount\":335,\"publisher\":{\"@id\":\"https:\/\/www.mostkatowice.pl\/#organization\"},\"image\":{\"@id\":\"https:\/\/www.mostkatowice.pl\/ziolowy-zakatek-dzien-natury-w-parku-kosciuszki\/#primaryimage\"},\"thumbnailUrl\":\"https:\/\/www.mostkatowice.pl\/wp-content\/uploads\/2025\/05\/ziolowy-zakatek.jpg\",\"keywords\":[\"FunduszeEuropejskie\",\"FunduszeUE\",\"katowice\"],\"articleSection\":[\"Aktualno\u015bci\"],\"inLanguage\":\"en-US\"},{\"@type\":\"WebPage\",\"@id\":\"https:\/\/www.mostkatowice.pl\/ziolowy-zakatek-dzien-natury-w-parku-kosciuszki\/\",\"url\":\"https:\/\/www.mostkatowice.pl\/ziolowy-zakatek-dzien-natury-w-parku-kosciuszki\/\",\"name\":\"ZIO\u0141OWY ZAK\u0104TEK \u2013 dzie\u0144 natury w Parku Ko\u015bciuszki - Stowarzyszenie MOST\",\"isPartOf\":{\"@id\":\"https:\/\/www.mostkatowice.pl\/#website\"},\"primaryImageOfPage\":{\"@id\":\"https:\/\/www.mostkatowice.pl\/ziolowy-zakatek-dzien-natury-w-parku-kosciuszki\/#primaryimage\"},\"image\":{\"@id\":\"https:\/\/www.mostkatowice.pl\/ziolowy-zakatek-dzien-natury-w-parku-kosciuszki\/#primaryimage\"},\"thumbnailUrl\":\"https:\/\/www.mostkatowice.pl\/wp-content\/uploads\/2025\/05\/ziolowy-zakatek.jpg\",\"datePublished\":\"2025-05-09T09:05:41+00:00\",\"dateModified\":\"2025-05-09T09:09:23+00:00\",\"breadcrumb\":{\"@id\":\"https:\/\/www.mostkatowice.pl\/ziolowy-zakatek-dzien-natury-w-parku-kosciuszki\/#breadcrumb\"},\"inLanguage\":\"en-US\",\"potentialAction\":[{\"@type\":\"ReadAction\",\"target\":[\"https:\/\/www.mostkatowice.pl\/ziolowy-zakatek-dzien-natury-w-parku-kosciuszki\/\"]}]},{\"@type\":\"ImageObject\",\"inLanguage\":\"en-US\",\"@id\":\"https:\/\/www.mostkatowice.pl\/ziolowy-zakatek-dzien-natury-w-parku-kosciuszki\/#primaryimage\",\"url\":\"https:\/\/www.mostkatowice.pl\/wp-content\/uploads\/2025\/05\/ziolowy-zakatek.jpg\",\"contentUrl\":\"https:\/\/www.mostkatowice.pl\/wp-content\/uploads\/2025\/05\/ziolowy-zakatek.jpg\",\"width\":1920,\"height\":1080,\"caption\":\"Plakat informacyjny o wydarzeniu pt.: \\\"Zio\u0142owy Zak\u0105tek\\\", jego terminie oraz miejscu.\"},{\"@type\":\"BreadcrumbList\",\"@id\":\"https:\/\/www.mostkatowice.pl\/ziolowy-zakatek-dzien-natury-w-parku-kosciuszki\/#breadcrumb\",\"itemListElement\":[{\"@type\":\"ListItem\",\"position\":1,\"name\":\"Strona g\u0142\u00f3wna\",\"item\":\"https:\/\/www.mostkatowice.pl\/\"},{\"@type\":\"ListItem\",\"position\":2,\"name\":\"ZIO\u0141OWY ZAK\u0104TEK \u2013 dzie\u0144 natury w Parku Ko\u015bciuszki\"}]},{\"@type\":\"WebSite\",\"@id\":\"https:\/\/www.mostkatowice.pl\/#website\",\"url\":\"https:\/\/www.mostkatowice.pl\/\",\"name\":\"Stowarzyszenie MOST\",\"description\":\"Most \u0142\u0105czy\",\"publisher\":{\"@id\":\"https:\/\/www.mostkatowice.pl\/#organization\"},\"potentialAction\":[{\"@type\":\"SearchAction\",\"target\":{\"@type\":\"EntryPoint\",\"urlTemplate\":\"https:\/\/www.mostkatowice.pl\/?s={search_term_string}\"},\"query-input\":{\"@type\":\"PropertyValueSpecification\",\"valueRequired\":true,\"valueName\":\"search_term_string\"}}],\"inLanguage\":\"en-US\"},{\"@type\":\"Organization\",\"@id\":\"https:\/\/www.mostkatowice.pl\/#organization\",\"name\":\"Stowarzyszenie MOST\",\"url\":\"https:\/\/www.mostkatowice.pl\/\",\"logo\":{\"@type\":\"ImageObject\",\"inLanguage\":\"en-US\",\"@id\":\"https:\/\/www.mostkatowice.pl\/#\/schema\/logo\/image\/\",\"url\":\"https:\/\/www.mostkatowice.pl\/wp-content\/uploads\/2022\/11\/cropped-cropped-cropped-MOST_Stowarzyszenie_Logo_RGB-03-4-e1667486323777.png\",\"contentUrl\":\"https:\/\/www.mostkatowice.pl\/wp-content\/uploads\/2022\/11\/cropped-cropped-cropped-MOST_Stowarzyszenie_Logo_RGB-03-4-e1667486323777.png\",\"width\":128,\"height\":89,\"caption\":\"Stowarzyszenie MOST\"},\"image\":{\"@id\":\"https:\/\/www.mostkatowice.pl\/#\/schema\/logo\/image\/\"},\"sameAs\":[\"https:\/\/www.facebook.com\/mostkatowice\",\"https:\/\/www.youtube.com\/@stowarzyszeniemost832\"]},{\"@type\":\"Person\",\"@id\":\"https:\/\/www.mostkatowice.pl\/#\/schema\/person\/602aafb7298590b75f4d5b08e70c8cff\",\"name\":\"Klaudia Rychter\",\"image\":{\"@type\":\"ImageObject\",\"inLanguage\":\"en-US\",\"@id\":\"https:\/\/www.mostkatowice.pl\/#\/schema\/person\/image\/\",\"url\":\"https:\/\/secure.gravatar.com\/avatar\/0829910999f53cf6d11ac530a4fef2adce4e075af6b930e8c124944b9034a213?s=96&d=mm&r=g\",\"contentUrl\":\"https:\/\/secure.gravatar.com\/avatar\/0829910999f53cf6d11ac530a4fef2adce4e075af6b930e8c124944b9034a213?s=96&d=mm&r=g\",\"caption\":\"Klaudia Rychter\"},\"url\":\"https:\/\/www.mostkatowice.pl\/en\/author\/klaudia\/\"}]}<\/script>\n<!-- \/ Yoast SEO plugin. -->","yoast_head_json":{"title":"ZIO\u0141OWY ZAK\u0104TEK \u2013 dzie\u0144 natury w Parku Ko\u015bciuszki - Stowarzyszenie MOST","robots":{"index":"index","follow":"follow","max-snippet":"max-snippet:-1","max-image-preview":"max-image-preview:large","max-video-preview":"max-video-preview:-1"},"canonical":"https:\/\/www.mostkatowice.pl\/en\/ziolowy-zakatek-dzien-natury-w-parku-kosciuszki\/","og_locale":"en_US","og_type":"article","og_title":"ZIO\u0141OWY ZAK\u0104TEK \u2013 dzie\u0144 natury w Parku Ko\u015bciuszki - Stowarzyszenie MOST","og_description":"Termin:&nbsp;sobota, 17 maja 2025 r. Godzina: 9:00\u201318:00Miejsce:&nbsp;Park Ko\u015bciuszki w Katowicach (okolice stawu, przy Mini Zoo i si\u0142owni plenerowej) W przypadku niekorzystnych warunk\u00f3w pogodowych wydarzenie zostanie przeniesione do Centrum Organizacji Pozarz\u0105dowych przy ul. Kopernika 14. Stowarzyszenie MOST oraz Fundacja Spo\u0142eczna Integracja zapraszaj\u0105 na ca\u0142odniowe wydarzenie plenerowe po\u015bwi\u0119cone zio\u0142om, naturze i relaksowi. &#8222;Zio\u0142owy Zak\u0105tek&#8221; to propozycja dla [&hellip;]","og_url":"https:\/\/www.mostkatowice.pl\/en\/ziolowy-zakatek-dzien-natury-w-parku-kosciuszki\/","og_site_name":"Stowarzyszenie MOST","article_publisher":"https:\/\/www.facebook.com\/mostkatowice","article_published_time":"2025-05-09T09:05:41+00:00","article_modified_time":"2025-05-09T09:09:23+00:00","og_image":[{"width":1920,"height":1080,"url":"http:\/\/www.mostkatowice.pl\/wp-content\/uploads\/2025\/05\/ziolowy-zakatek.jpg","type":"image\/jpeg"}],"author":"Klaudia Rychter","twitter_card":"summary_large_image","twitter_misc":{"Written by":"Klaudia Rychter","Est. reading time":"2 minutes"},"schema":{"@context":"https:\/\/schema.org","@graph":[{"@type":"Article","@id":"https:\/\/www.mostkatowice.pl\/ziolowy-zakatek-dzien-natury-w-parku-kosciuszki\/#article","isPartOf":{"@id":"https:\/\/www.mostkatowice.pl\/ziolowy-zakatek-dzien-natury-w-parku-kosciuszki\/"},"author":{"name":"Klaudia Rychter","@id":"https:\/\/www.mostkatowice.pl\/#\/schema\/person\/602aafb7298590b75f4d5b08e70c8cff"},"headline":"ZIO\u0141OWY ZAK\u0104TEK \u2013 dzie\u0144 natury w Parku Ko\u015bciuszki","datePublished":"2025-05-09T09:05:41+00:00","dateModified":"2025-05-09T09:09:23+00:00","mainEntityOfPage":{"@id":"https:\/\/www.mostkatowice.pl\/ziolowy-zakatek-dzien-natury-w-parku-kosciuszki\/"},"wordCount":335,"publisher":{"@id":"https:\/\/www.mostkatowice.pl\/#organization"},"image":{"@id":"https:\/\/www.mostkatowice.pl\/ziolowy-zakatek-dzien-natury-w-parku-kosciuszki\/#primaryimage"},"thumbnailUrl":"https:\/\/www.mostkatowice.pl\/wp-content\/uploads\/2025\/05\/ziolowy-zakatek.jpg","keywords":["FunduszeEuropejskie","FunduszeUE","katowice"],"articleSection":["Aktualno\u015bci"],"inLanguage":"en-US"},{"@type":"WebPage","@id":"https:\/\/www.mostkatowice.pl\/ziolowy-zakatek-dzien-natury-w-parku-kosciuszki\/","url":"https:\/\/www.mostkatowice.pl\/ziolowy-zakatek-dzien-natury-w-parku-kosciuszki\/","name":"ZIO\u0141OWY ZAK\u0104TEK \u2013 dzie\u0144 natury w Parku Ko\u015bciuszki - Stowarzyszenie MOST","isPartOf":{"@id":"https:\/\/www.mostkatowice.pl\/#website"},"primaryImageOfPage":{"@id":"https:\/\/www.mostkatowice.pl\/ziolowy-zakatek-dzien-natury-w-parku-kosciuszki\/#primaryimage"},"image":{"@id":"https:\/\/www.mostkatowice.pl\/ziolowy-zakatek-dzien-natury-w-parku-kosciuszki\/#primaryimage"},"thumbnailUrl":"https:\/\/www.mostkatowice.pl\/wp-content\/uploads\/2025\/05\/ziolowy-zakatek.jpg","datePublished":"2025-05-09T09:05:41+00:00","dateModified":"2025-05-09T09:09:23+00:00","breadcrumb":{"@id":"https:\/\/www.mostkatowice.pl\/ziolowy-zakatek-dzien-natury-w-parku-kosciuszki\/#breadcrumb"},"inLanguage":"en-US","potentialAction":[{"@type":"ReadAction","target":["https:\/\/www.mostkatowice.pl\/ziolowy-zakatek-dzien-natury-w-parku-kosciuszki\/"]}]},{"@type":"ImageObject","inLanguage":"en-US","@id":"https:\/\/www.mostkatowice.pl\/ziolowy-zakatek-dzien-natury-w-parku-kosciuszki\/#primaryimage","url":"https:\/\/www.mostkatowice.pl\/wp-content\/uploads\/2025\/05\/ziolowy-zakatek.jpg","contentUrl":"https:\/\/www.mostkatowice.pl\/wp-content\/uploads\/2025\/05\/ziolowy-zakatek.jpg","width":1920,"height":1080,"caption":"Plakat informacyjny o wydarzeniu pt.: \"Zio\u0142owy Zak\u0105tek\", jego terminie oraz miejscu."},{"@type":"BreadcrumbList","@id":"https:\/\/www.mostkatowice.pl\/ziolowy-zakatek-dzien-natury-w-parku-kosciuszki\/#breadcrumb","itemListElement":[{"@type":"ListItem","position":1,"name":"Strona g\u0142\u00f3wna","item":"https:\/\/www.mostkatowice.pl\/"},{"@type":"ListItem","position":2,"name":"ZIO\u0141OWY ZAK\u0104TEK \u2013 dzie\u0144 natury w Parku Ko\u015bciuszki"}]},{"@type":"WebSite","@id":"https:\/\/www.mostkatowice.pl\/#website","url":"https:\/\/www.mostkatowice.pl\/","name":"Stowarzyszenie MOST","description":"Most \u0142\u0105czy","publisher":{"@id":"https:\/\/www.mostkatowice.pl\/#organization"},"potentialAction":[{"@type":"SearchAction","target":{"@type":"EntryPoint","urlTemplate":"https:\/\/www.mostkatowice.pl\/?s={search_term_string}"},"query-input":{"@type":"PropertyValueSpecification","valueRequired":true,"valueName":"search_term_string"}}],"inLanguage":"en-US"},{"@type":"Organization","@id":"https:\/\/www.mostkatowice.pl\/#organization","name":"Stowarzyszenie MOST","url":"https:\/\/www.mostkatowice.pl\/","logo":{"@type":"ImageObject","inLanguage":"en-US","@id":"https:\/\/www.mostkatowice.pl\/#\/schema\/logo\/image\/","url":"https:\/\/www.mostkatowice.pl\/wp-content\/uploads\/2022\/11\/cropped-cropped-cropped-MOST_Stowarzyszenie_Logo_RGB-03-4-e1667486323777.png","contentUrl":"https:\/\/www.mostkatowice.pl\/wp-content\/uploads\/2022\/11\/cropped-cropped-cropped-MOST_Stowarzyszenie_Logo_RGB-03-4-e1667486323777.png","width":128,"height":89,"caption":"Stowarzyszenie MOST"},"image":{"@id":"https:\/\/www.mostkatowice.pl\/#\/schema\/logo\/image\/"},"sameAs":["https:\/\/www.facebook.com\/mostkatowice","https:\/\/www.youtube.com\/@stowarzyszeniemost832"]},{"@type":"Person","@id":"https:\/\/www.mostkatowice.pl\/#\/schema\/person\/602aafb7298590b75f4d5b08e70c8cff","name":"Klaudia Rychter","image":{"@type":"ImageObject","inLanguage":"en-US","@id":"https:\/\/www.mostkatowice.pl\/#\/schema\/person\/image\/","url":"https:\/\/secure.gravatar.com\/avatar\/0829910999f53cf6d11ac530a4fef2adce4e075af6b930e8c124944b9034a213?s=96&d=mm&r=g","contentUrl":"https:\/\/secure.gravatar.com\/avatar\/0829910999f53cf6d11ac530a4fef2adce4e075af6b930e8c124944b9034a213?s=96&d=mm&r=g","caption":"Klaudia Rychter"},"url":"https:\/\/www.mostkatowice.pl\/en\/author\/klaudia\/"}]}},"_links":{"self":[{"href":"https:\/\/www.mostkatowice.pl\/en\/wp-json\/wp\/v2\/posts\/4435","targetHints":{"allow":["GET"]}}],"collection":[{"href":"https:\/\/www.mostkatowice.pl\/en\/wp-json\/wp\/v2\/posts"}],"about":[{"href":"https:\/\/www.mostkatowice.pl\/en\/wp-json\/wp\/v2\/types\/post"}],"author":[{"embeddable":true,"href":"https:\/\/www.mostkatowice.pl\/en\/wp-json\/wp\/v2\/users\/11"}],"replies":[{"embeddable":true,"href":"https:\/\/www.mostkatowice.pl\/en\/wp-json\/wp\/v2\/comments?post=4435"}],"version-history":[{"count":6,"href":"https:\/\/www.mostkatowice.pl\/en\/wp-json\/wp\/v2\/posts\/4435\/revisions"}],"predecessor-version":[{"id":4443,"href":"https:\/\/www.mostkatowice.pl\/en\/wp-json\/wp\/v2\/posts\/4435\/revisions\/4443"}],"wp:featuredmedia":[{"embeddable":true,"href":"https:\/\/www.mostkatowice.pl\/en\/wp-json\/wp\/v2\/media\/4436"}],"wp:attachment":[{"href":"https:\/\/www.mostkatowice.pl\/en\/wp-json\/wp\/v2\/media?parent=4435"}],"wp:term":[{"taxonomy":"category","embeddable":true,"href":"https:\/\/www.mostkatowice.pl\/en\/wp-json\/wp\/v2\/categories?post=4435"},{"taxonomy":"post_tag","embeddable":true,"href":"https:\/\/www.mostkatowice.pl\/en\/wp-json\/wp\/v2\/tags?post=4435"}],"curies":[{"name":"wp","href":"https:\/\/api.w.org\/{rel}","templated":true}]}}