{"id":4116,"date":"2025-03-28T15:20:20","date_gmt":"2025-03-28T13:20:20","guid":{"rendered":"https:\/\/www.mostkatowice.pl\/?p=4116"},"modified":"2025-05-05T10:10:33","modified_gmt":"2025-05-05T08:10:33","slug":"zajecia-grupowe-dla-seniorow-w-ramach-projektu-spoleczna-transformacja-katowic-2","status":"publish","type":"post","link":"https:\/\/www.mostkatowice.pl\/en\/zajecia-grupowe-dla-seniorow-w-ramach-projektu-spoleczna-transformacja-katowic-2\/","title":{"rendered":"Zaj\u0119cia grupowe dla senior\u00f3w w ramach projektu Spo\u0142eczna transformacja Katowic"},"content":{"rendered":"<p>W ramach projektu <strong>&#8222;Spo\u0142eczna Transformacja Katowic&#8221; <\/strong>seniorzy regularnie spotykaj\u0105 si\u0119, by wsp\u00f3lnie sp\u0119dza\u0107 czas w inspiruj\u0105cej i przyjaznej atmosferze. To przestrze\u0144, w kt\u00f3rej mo\u017cna rozwija\u0107 swoje zainteresowania, poznawa\u0107 nowych ludzi i czerpa\u0107 rado\u015b\u0107 z aktywno\u015bci dostosowanych do potrzeb uczestnik\u00f3w!<\/p>\n\n\n\n<h2 class=\"wp-block-heading\"><strong>Bogata oferta zaj\u0119\u0107 i warsztat\u00f3w<\/strong><\/h2>\n\n\n\n<p>Spotkania obejmuj\u0105 <strong>szeroki wachlarz aktywno\u015bci<\/strong>, kt\u00f3re pozwalaj\u0105 seniorom rozwija\u0107 umiej\u0119tno\u015bci, dba\u0107 o kondycj\u0119 fizyczn\u0105 i wymienia\u0107 si\u0119 do\u015bwiadczeniami. <strong>W programie znajduj\u0105 si\u0119:<\/strong><\/p>\n\n\n\n<ul class=\"wp-block-list\">\n<li><strong>Warsztaty artystyczne<\/strong> \u2013 malowanie, tworzenie ozd\u00f3b i inne formy tw\u00f3rczego wyrazu.<\/li>\n\n\n\n<li><strong>Zaj\u0119cia ruchowe<\/strong> \u2013 gimnastyka, \u0142agodne \u0107wiczenia poprawiaj\u0105ce sprawno\u015b\u0107 i relaksuj\u0105ce cia\u0142o oraz umys\u0142.<\/li>\n\n\n\n<li><strong>Spotkania tematyczne<\/strong> \u2013 rozmowy o kulturze, historii, zdrowiu i aktualnych wydarzeniach.<\/li>\n\n\n\n<li><strong>Integracja<\/strong> \u2013 wsp\u00f3lne sp\u0119dzanie czasu, budowanie relacji i dzielenie si\u0119 pasjami.<\/li>\n<\/ul>\n\n\n\n<h2 class=\"wp-block-heading\"><strong>Spo\u0142eczno\u015b\u0107 pe\u0142na energii i pasji<\/strong><\/h2>\n\n\n\n<p>Nasza grupa to miejsce dla os\u00f3b, kt\u00f3re ceni\u0105 aktywne \u017cycie i ch\u0119tnie anga\u017cuj\u0105 si\u0119 w nowe dzia\u0142ania. Seniorzy nie tylko uczestnicz\u0105 w zaj\u0119ciach, ale r\u00f3wnie\u017c inspiruj\u0105 innych swoimi umiej\u0119tno\u015bciami i historiami. Wzajemne wsparcie, otwarto\u015b\u0107 i pozytywna atmosfera sprawiaj\u0105, \u017ce ka\u017cdy czuje si\u0119 tu wa\u017cny i doceniony.<\/p>\n\n\n\n<p class=\"has-small-font-size\">Projekt \u201eSpo\u0142eczna Transformacja Katowic\u201d jest wsp\u00f3\u0142finansowany ze\u00a0\u015brodk\u00f3w Funduszy Europejskich dla \u015al\u0105skiego 2021-2027 w\u00a0ramach dzia\u0142ania 10.24 W\u0142\u0105czenie spo\u0142eczne \u2013 wzmocnienie procesu sprawiedliwej transformacji.<\/p>\n\n\n\n<h2 class=\"wp-block-heading\"><strong>Galeria zdj\u0119\u0107<\/strong><\/h2>\n\n\n\n<figure class=\"wp-block-gallery has-nested-images columns-default is-cropped wp-block-gallery-1 is-layout-flex wp-block-gallery-is-layout-flex\">\n<figure class=\"wp-block-image size-full\"><img fetchpriority=\"high\" decoding=\"async\" width=\"1152\" height=\"1152\" data-id=\"4121\" src=\"https:\/\/www.mostkatowice.pl\/wp-content\/uploads\/2025\/03\/IMG-20250109-WA0014.jpg\" alt=\"Zdj\u0119cie z zaj\u0119\u0107 grupowych dla senior\u00f3w\" class=\"wp-image-4121\" srcset=\"https:\/\/www.mostkatowice.pl\/wp-content\/uploads\/2025\/03\/IMG-20250109-WA0014.jpg 1152w, https:\/\/www.mostkatowice.pl\/wp-content\/uploads\/2025\/03\/IMG-20250109-WA0014-300x300.jpg 300w, https:\/\/www.mostkatowice.pl\/wp-content\/uploads\/2025\/03\/IMG-20250109-WA0014-1024x1024.jpg 1024w, https:\/\/www.mostkatowice.pl\/wp-content\/uploads\/2025\/03\/IMG-20250109-WA0014-150x150.jpg 150w, https:\/\/www.mostkatowice.pl\/wp-content\/uploads\/2025\/03\/IMG-20250109-WA0014-768x768.jpg 768w, https:\/\/www.mostkatowice.pl\/wp-content\/uploads\/2025\/03\/IMG-20250109-WA0014-12x12.jpg 12w\" sizes=\"(max-width: 1152px) 100vw, 1152px\" \/><\/figure>\n\n\n\n<figure class=\"wp-block-image size-full\"><img decoding=\"async\" width=\"2268\" height=\"2268\" data-id=\"4134\" src=\"https:\/\/www.mostkatowice.pl\/wp-content\/uploads\/2025\/03\/IMG_7866-1.jpg\" alt=\"Zdj\u0119cie z zaj\u0119\u0107 grupowych dla senior\u00f3w\" class=\"wp-image-4134\" srcset=\"https:\/\/www.mostkatowice.pl\/wp-content\/uploads\/2025\/03\/IMG_7866-1.jpg 2268w, https:\/\/www.mostkatowice.pl\/wp-content\/uploads\/2025\/03\/IMG_7866-1-300x300.jpg 300w, https:\/\/www.mostkatowice.pl\/wp-content\/uploads\/2025\/03\/IMG_7866-1-1024x1024.jpg 1024w, https:\/\/www.mostkatowice.pl\/wp-content\/uploads\/2025\/03\/IMG_7866-1-150x150.jpg 150w, https:\/\/www.mostkatowice.pl\/wp-content\/uploads\/2025\/03\/IMG_7866-1-768x768.jpg 768w, https:\/\/www.mostkatowice.pl\/wp-content\/uploads\/2025\/03\/IMG_7866-1-1536x1536.jpg 1536w, https:\/\/www.mostkatowice.pl\/wp-content\/uploads\/2025\/03\/IMG_7866-1-2048x2048.jpg 2048w, https:\/\/www.mostkatowice.pl\/wp-content\/uploads\/2025\/03\/IMG_7866-1-12x12.jpg 12w\" sizes=\"(max-width: 2268px) 100vw, 2268px\" \/><\/figure>\n\n\n\n<figure class=\"wp-block-image size-large\"><img decoding=\"async\" width=\"1024\" height=\"1024\" data-id=\"4135\" src=\"https:\/\/www.mostkatowice.pl\/wp-content\/uploads\/2025\/03\/IMG_7863-2-1024x1024.jpg\" alt=\"Zdj\u0119cie z zaj\u0119\u0107 grupowych dla senior\u00f3w\" class=\"wp-image-4135\" srcset=\"https:\/\/www.mostkatowice.pl\/wp-content\/uploads\/2025\/03\/IMG_7863-2-1024x1024.jpg 1024w, https:\/\/www.mostkatowice.pl\/wp-content\/uploads\/2025\/03\/IMG_7863-2-300x300.jpg 300w, https:\/\/www.mostkatowice.pl\/wp-content\/uploads\/2025\/03\/IMG_7863-2-150x150.jpg 150w, https:\/\/www.mostkatowice.pl\/wp-content\/uploads\/2025\/03\/IMG_7863-2-768x768.jpg 768w, https:\/\/www.mostkatowice.pl\/wp-content\/uploads\/2025\/03\/IMG_7863-2-1536x1536.jpg 1536w, https:\/\/www.mostkatowice.pl\/wp-content\/uploads\/2025\/03\/IMG_7863-2-2048x2048.jpg 2048w, https:\/\/www.mostkatowice.pl\/wp-content\/uploads\/2025\/03\/IMG_7863-2-12x12.jpg 12w\" sizes=\"(max-width: 1024px) 100vw, 1024px\" \/><\/figure>\n\n\n\n<figure class=\"wp-block-image size-full\"><img loading=\"lazy\" decoding=\"async\" width=\"2560\" height=\"1440\" data-id=\"4131\" src=\"https:\/\/www.mostkatowice.pl\/wp-content\/uploads\/2025\/03\/IMG_4588-scaled.jpg\" alt=\"Zdj\u0119cie z zaj\u0119\u0107 grupowych dla senior\u00f3w\" class=\"wp-image-4131\" srcset=\"https:\/\/www.mostkatowice.pl\/wp-content\/uploads\/2025\/03\/IMG_4588-scaled.jpg 2560w, https:\/\/www.mostkatowice.pl\/wp-content\/uploads\/2025\/03\/IMG_4588-300x169.jpg 300w, https:\/\/www.mostkatowice.pl\/wp-content\/uploads\/2025\/03\/IMG_4588-1024x576.jpg 1024w, https:\/\/www.mostkatowice.pl\/wp-content\/uploads\/2025\/03\/IMG_4588-768x432.jpg 768w, https:\/\/www.mostkatowice.pl\/wp-content\/uploads\/2025\/03\/IMG_4588-1536x864.jpg 1536w, https:\/\/www.mostkatowice.pl\/wp-content\/uploads\/2025\/03\/IMG_4588-2048x1152.jpg 2048w, https:\/\/www.mostkatowice.pl\/wp-content\/uploads\/2025\/03\/IMG_4588-18x10.jpg 18w\" sizes=\"(max-width: 2560px) 100vw, 2560px\" \/><\/figure>\n\n\n\n<figure class=\"wp-block-image size-full\"><img loading=\"lazy\" decoding=\"async\" width=\"2048\" height=\"1152\" data-id=\"4126\" src=\"https:\/\/www.mostkatowice.pl\/wp-content\/uploads\/2025\/03\/IMG-20250109-WA0016.jpg\" alt=\"Zdj\u0119cie z zaj\u0119\u0107 grupowych dla senior\u00f3w\" class=\"wp-image-4126\" srcset=\"https:\/\/www.mostkatowice.pl\/wp-content\/uploads\/2025\/03\/IMG-20250109-WA0016.jpg 2048w, https:\/\/www.mostkatowice.pl\/wp-content\/uploads\/2025\/03\/IMG-20250109-WA0016-300x169.jpg 300w, https:\/\/www.mostkatowice.pl\/wp-content\/uploads\/2025\/03\/IMG-20250109-WA0016-1024x576.jpg 1024w, https:\/\/www.mostkatowice.pl\/wp-content\/uploads\/2025\/03\/IMG-20250109-WA0016-768x432.jpg 768w, https:\/\/www.mostkatowice.pl\/wp-content\/uploads\/2025\/03\/IMG-20250109-WA0016-1536x864.jpg 1536w, https:\/\/www.mostkatowice.pl\/wp-content\/uploads\/2025\/03\/IMG-20250109-WA0016-18x10.jpg 18w\" sizes=\"(max-width: 2048px) 100vw, 2048px\" \/><\/figure>\n\n\n\n<figure class=\"wp-block-image size-full\"><img loading=\"lazy\" decoding=\"async\" width=\"1152\" height=\"1152\" data-id=\"4132\" src=\"https:\/\/www.mostkatowice.pl\/wp-content\/uploads\/2025\/03\/IMG-20250109-WA0004-1.jpg\" alt=\"Zdj\u0119cie z zaj\u0119\u0107 grupowych dla senior\u00f3w\" class=\"wp-image-4132\" srcset=\"https:\/\/www.mostkatowice.pl\/wp-content\/uploads\/2025\/03\/IMG-20250109-WA0004-1.jpg 1152w, https:\/\/www.mostkatowice.pl\/wp-content\/uploads\/2025\/03\/IMG-20250109-WA0004-1-300x300.jpg 300w, https:\/\/www.mostkatowice.pl\/wp-content\/uploads\/2025\/03\/IMG-20250109-WA0004-1-1024x1024.jpg 1024w, https:\/\/www.mostkatowice.pl\/wp-content\/uploads\/2025\/03\/IMG-20250109-WA0004-1-150x150.jpg 150w, https:\/\/www.mostkatowice.pl\/wp-content\/uploads\/2025\/03\/IMG-20250109-WA0004-1-768x768.jpg 768w, https:\/\/www.mostkatowice.pl\/wp-content\/uploads\/2025\/03\/IMG-20250109-WA0004-1-12x12.jpg 12w\" sizes=\"(max-width: 1152px) 100vw, 1152px\" \/><\/figure>\n\n\n\n<figure class=\"wp-block-image size-full\"><img loading=\"lazy\" decoding=\"async\" width=\"1152\" height=\"1152\" data-id=\"4136\" src=\"https:\/\/www.mostkatowice.pl\/wp-content\/uploads\/2025\/03\/IMG-20250109-WA0010-1.jpg\" alt=\"Zdj\u0119cie z zaj\u0119\u0107 grupowych dla senior\u00f3w\" class=\"wp-image-4136\" srcset=\"https:\/\/www.mostkatowice.pl\/wp-content\/uploads\/2025\/03\/IMG-20250109-WA0010-1.jpg 1152w, https:\/\/www.mostkatowice.pl\/wp-content\/uploads\/2025\/03\/IMG-20250109-WA0010-1-300x300.jpg 300w, https:\/\/www.mostkatowice.pl\/wp-content\/uploads\/2025\/03\/IMG-20250109-WA0010-1-1024x1024.jpg 1024w, https:\/\/www.mostkatowice.pl\/wp-content\/uploads\/2025\/03\/IMG-20250109-WA0010-1-150x150.jpg 150w, https:\/\/www.mostkatowice.pl\/wp-content\/uploads\/2025\/03\/IMG-20250109-WA0010-1-768x768.jpg 768w, https:\/\/www.mostkatowice.pl\/wp-content\/uploads\/2025\/03\/IMG-20250109-WA0010-1-12x12.jpg 12w\" sizes=\"(max-width: 1152px) 100vw, 1152px\" \/><\/figure>\n\n\n\n<figure class=\"wp-block-image size-full\"><img loading=\"lazy\" decoding=\"async\" width=\"1791\" height=\"1791\" data-id=\"4137\" src=\"https:\/\/www.mostkatowice.pl\/wp-content\/uploads\/2025\/03\/IMG_7840-1.jpg\" alt=\"Zdj\u0119cie z zaj\u0119\u0107 grupowych dla senior\u00f3w\" class=\"wp-image-4137\" srcset=\"https:\/\/www.mostkatowice.pl\/wp-content\/uploads\/2025\/03\/IMG_7840-1.jpg 1791w, https:\/\/www.mostkatowice.pl\/wp-content\/uploads\/2025\/03\/IMG_7840-1-300x300.jpg 300w, https:\/\/www.mostkatowice.pl\/wp-content\/uploads\/2025\/03\/IMG_7840-1-1024x1024.jpg 1024w, https:\/\/www.mostkatowice.pl\/wp-content\/uploads\/2025\/03\/IMG_7840-1-150x150.jpg 150w, https:\/\/www.mostkatowice.pl\/wp-content\/uploads\/2025\/03\/IMG_7840-1-768x768.jpg 768w, https:\/\/www.mostkatowice.pl\/wp-content\/uploads\/2025\/03\/IMG_7840-1-1536x1536.jpg 1536w, https:\/\/www.mostkatowice.pl\/wp-content\/uploads\/2025\/03\/IMG_7840-1-12x12.jpg 12w\" sizes=\"(max-width: 1791px) 100vw, 1791px\" \/><\/figure>\n\n\n\n<figure class=\"wp-block-image size-full\"><img loading=\"lazy\" decoding=\"async\" width=\"2560\" height=\"2560\" data-id=\"4138\" src=\"https:\/\/www.mostkatowice.pl\/wp-content\/uploads\/2025\/03\/20241219_131318-1-scaled.jpg\" alt=\"Zdj\u0119cie z zaj\u0119\u0107 grupowych dla senior\u00f3w\" class=\"wp-image-4138\" srcset=\"https:\/\/www.mostkatowice.pl\/wp-content\/uploads\/2025\/03\/20241219_131318-1-scaled.jpg 2560w, https:\/\/www.mostkatowice.pl\/wp-content\/uploads\/2025\/03\/20241219_131318-1-300x300.jpg 300w, https:\/\/www.mostkatowice.pl\/wp-content\/uploads\/2025\/03\/20241219_131318-1-1024x1024.jpg 1024w, https:\/\/www.mostkatowice.pl\/wp-content\/uploads\/2025\/03\/20241219_131318-1-150x150.jpg 150w, https:\/\/www.mostkatowice.pl\/wp-content\/uploads\/2025\/03\/20241219_131318-1-768x768.jpg 768w, https:\/\/www.mostkatowice.pl\/wp-content\/uploads\/2025\/03\/20241219_131318-1-1536x1536.jpg 1536w, https:\/\/www.mostkatowice.pl\/wp-content\/uploads\/2025\/03\/20241219_131318-1-2048x2048.jpg 2048w, https:\/\/www.mostkatowice.pl\/wp-content\/uploads\/2025\/03\/20241219_131318-1-12x12.jpg 12w\" sizes=\"(max-width: 2560px) 100vw, 2560px\" \/><\/figure>\n\n\n\n<figure class=\"wp-block-image size-full\"><img loading=\"lazy\" decoding=\"async\" width=\"1078\" height=\"1078\" data-id=\"4139\" src=\"https:\/\/www.mostkatowice.pl\/wp-content\/uploads\/2025\/03\/IMG-20250109-WA0003-1.jpg\" alt=\"Zdj\u0119cie z zaj\u0119\u0107 grupowych dla senior\u00f3w\" class=\"wp-image-4139\" srcset=\"https:\/\/www.mostkatowice.pl\/wp-content\/uploads\/2025\/03\/IMG-20250109-WA0003-1.jpg 1078w, https:\/\/www.mostkatowice.pl\/wp-content\/uploads\/2025\/03\/IMG-20250109-WA0003-1-300x300.jpg 300w, https:\/\/www.mostkatowice.pl\/wp-content\/uploads\/2025\/03\/IMG-20250109-WA0003-1-1024x1024.jpg 1024w, https:\/\/www.mostkatowice.pl\/wp-content\/uploads\/2025\/03\/IMG-20250109-WA0003-1-150x150.jpg 150w, https:\/\/www.mostkatowice.pl\/wp-content\/uploads\/2025\/03\/IMG-20250109-WA0003-1-768x768.jpg 768w, https:\/\/www.mostkatowice.pl\/wp-content\/uploads\/2025\/03\/IMG-20250109-WA0003-1-12x12.jpg 12w\" sizes=\"(max-width: 1078px) 100vw, 1078px\" \/><\/figure>\n\n\n\n<figure class=\"wp-block-image size-full\"><img loading=\"lazy\" decoding=\"async\" width=\"2268\" height=\"2268\" data-id=\"4140\" src=\"https:\/\/www.mostkatowice.pl\/wp-content\/uploads\/2025\/03\/IMG_7847-1.jpg\" alt=\"Zdj\u0119cie z zaj\u0119\u0107 grupowych dla senior\u00f3w\" class=\"wp-image-4140\" srcset=\"https:\/\/www.mostkatowice.pl\/wp-content\/uploads\/2025\/03\/IMG_7847-1.jpg 2268w, https:\/\/www.mostkatowice.pl\/wp-content\/uploads\/2025\/03\/IMG_7847-1-300x300.jpg 300w, https:\/\/www.mostkatowice.pl\/wp-content\/uploads\/2025\/03\/IMG_7847-1-1024x1024.jpg 1024w, https:\/\/www.mostkatowice.pl\/wp-content\/uploads\/2025\/03\/IMG_7847-1-150x150.jpg 150w, https:\/\/www.mostkatowice.pl\/wp-content\/uploads\/2025\/03\/IMG_7847-1-768x768.jpg 768w, https:\/\/www.mostkatowice.pl\/wp-content\/uploads\/2025\/03\/IMG_7847-1-1536x1536.jpg 1536w, https:\/\/www.mostkatowice.pl\/wp-content\/uploads\/2025\/03\/IMG_7847-1-2048x2048.jpg 2048w, https:\/\/www.mostkatowice.pl\/wp-content\/uploads\/2025\/03\/IMG_7847-1-12x12.jpg 12w\" sizes=\"(max-width: 2268px) 100vw, 2268px\" \/><\/figure>\n<\/figure>","protected":false},"excerpt":{"rendered":"<p>W ramach projektu &#8222;Spo\u0142eczna Transformacja Katowic&#8221; seniorzy regularnie spotykaj\u0105 si\u0119, by wsp\u00f3lnie sp\u0119dza\u0107 czas w inspiruj\u0105cej i przyjaznej atmosferze. To przestrze\u0144, w kt\u00f3rej mo\u017cna rozwija\u0107 swoje zainteresowania, poznawa\u0107 nowych ludzi i czerpa\u0107 rado\u015b\u0107 z aktywno\u015bci dostosowanych do potrzeb uczestnik\u00f3w! Bogata oferta zaj\u0119\u0107 i warsztat\u00f3w Spotkania obejmuj\u0105 szeroki wachlarz aktywno\u015bci, kt\u00f3re pozwalaj\u0105 seniorom rozwija\u0107 umiej\u0119tno\u015bci, dba\u0107 [&hellip;]<\/p>","protected":false},"author":11,"featured_media":4425,"comment_status":"closed","ping_status":"closed","sticky":false,"template":"","format":"standard","meta":{"om_disable_all_campaigns":false,"_monsterinsights_skip_tracking":false,"_monsterinsights_sitenote_active":false,"_monsterinsights_sitenote_note":"","_monsterinsights_sitenote_category":0,"_uf_show_specific_survey":0,"_uf_disable_surveys":false,"footnotes":""},"categories":[5],"tags":[77,78,14],"class_list":["post-4116","post","type-post","status-publish","format-standard","has-post-thumbnail","hentry","category-aktualnosci","tag-funduszeeuropejskie","tag-funduszeue","tag-katowice"],"yoast_head":"<!-- This site is optimized with the Yoast SEO plugin v26.8 - https:\/\/yoast.com\/product\/yoast-seo-wordpress\/ -->\n<title>Zaj\u0119cia grupowe dla senior\u00f3w w ramach projektu Spo\u0142eczna transformacja Katowic - Stowarzyszenie MOST<\/title>\n<meta name=\"robots\" content=\"index, follow, max-snippet:-1, max-image-preview:large, max-video-preview:-1\" \/>\n<link rel=\"canonical\" href=\"https:\/\/www.mostkatowice.pl\/en\/zajecia-grupowe-dla-seniorow-w-ramach-projektu-spoleczna-transformacja-katowic-2\/\" \/>\n<meta property=\"og:locale\" content=\"en_US\" \/>\n<meta property=\"og:type\" content=\"article\" \/>\n<meta property=\"og:title\" content=\"Zaj\u0119cia grupowe dla senior\u00f3w w ramach projektu Spo\u0142eczna transformacja Katowic - Stowarzyszenie MOST\" \/>\n<meta property=\"og:description\" content=\"W ramach projektu &#8222;Spo\u0142eczna Transformacja Katowic&#8221; seniorzy regularnie spotykaj\u0105 si\u0119, by wsp\u00f3lnie sp\u0119dza\u0107 czas w inspiruj\u0105cej i przyjaznej atmosferze. To przestrze\u0144, w kt\u00f3rej mo\u017cna rozwija\u0107 swoje zainteresowania, poznawa\u0107 nowych ludzi i czerpa\u0107 rado\u015b\u0107 z aktywno\u015bci dostosowanych do potrzeb uczestnik\u00f3w! Bogata oferta zaj\u0119\u0107 i warsztat\u00f3w Spotkania obejmuj\u0105 szeroki wachlarz aktywno\u015bci, kt\u00f3re pozwalaj\u0105 seniorom rozwija\u0107 umiej\u0119tno\u015bci, dba\u0107 [&hellip;]\" \/>\n<meta property=\"og:url\" content=\"https:\/\/www.mostkatowice.pl\/en\/zajecia-grupowe-dla-seniorow-w-ramach-projektu-spoleczna-transformacja-katowic-2\/\" \/>\n<meta property=\"og:site_name\" content=\"Stowarzyszenie MOST\" \/>\n<meta property=\"article:publisher\" content=\"https:\/\/www.facebook.com\/mostkatowice\" \/>\n<meta property=\"article:published_time\" content=\"2025-03-28T13:20:20+00:00\" \/>\n<meta property=\"article:modified_time\" content=\"2025-05-05T08:10:33+00:00\" \/>\n<meta property=\"og:image\" content=\"http:\/\/www.mostkatowice.pl\/wp-content\/uploads\/2025\/03\/10.24-4.png\" \/>\n\t<meta property=\"og:image:width\" content=\"1920\" \/>\n\t<meta property=\"og:image:height\" content=\"1080\" \/>\n\t<meta property=\"og:image:type\" content=\"image\/png\" \/>\n<meta name=\"author\" content=\"Klaudia Rychter\" \/>\n<meta name=\"twitter:card\" content=\"summary_large_image\" \/>\n<meta name=\"twitter:label1\" content=\"Written by\" \/>\n\t<meta name=\"twitter:data1\" content=\"Klaudia Rychter\" \/>\n\t<meta name=\"twitter:label2\" content=\"Est. reading time\" \/>\n\t<meta name=\"twitter:data2\" content=\"4 minutes\" \/>\n<script type=\"application\/ld+json\" class=\"yoast-schema-graph\">{\"@context\":\"https:\/\/schema.org\",\"@graph\":[{\"@type\":\"Article\",\"@id\":\"https:\/\/www.mostkatowice.pl\/zajecia-grupowe-dla-seniorow-w-ramach-projektu-spoleczna-transformacja-katowic-2\/#article\",\"isPartOf\":{\"@id\":\"https:\/\/www.mostkatowice.pl\/zajecia-grupowe-dla-seniorow-w-ramach-projektu-spoleczna-transformacja-katowic-2\/\"},\"author\":{\"name\":\"Klaudia Rychter\",\"@id\":\"https:\/\/www.mostkatowice.pl\/#\/schema\/person\/602aafb7298590b75f4d5b08e70c8cff\"},\"headline\":\"Zaj\u0119cia grupowe dla senior\u00f3w w ramach projektu Spo\u0142eczna transformacja Katowic\",\"datePublished\":\"2025-03-28T13:20:20+00:00\",\"dateModified\":\"2025-05-05T08:10:33+00:00\",\"mainEntityOfPage\":{\"@id\":\"https:\/\/www.mostkatowice.pl\/zajecia-grupowe-dla-seniorow-w-ramach-projektu-spoleczna-transformacja-katowic-2\/\"},\"wordCount\":238,\"publisher\":{\"@id\":\"https:\/\/www.mostkatowice.pl\/#organization\"},\"image\":{\"@id\":\"https:\/\/www.mostkatowice.pl\/zajecia-grupowe-dla-seniorow-w-ramach-projektu-spoleczna-transformacja-katowic-2\/#primaryimage\"},\"thumbnailUrl\":\"https:\/\/www.mostkatowice.pl\/wp-content\/uploads\/2025\/03\/10.24-4.png\",\"keywords\":[\"FunduszeEuropejskie\",\"FunduszeUE\",\"katowice\"],\"articleSection\":[\"Aktualno\u015bci\"],\"inLanguage\":\"en-US\"},{\"@type\":\"WebPage\",\"@id\":\"https:\/\/www.mostkatowice.pl\/zajecia-grupowe-dla-seniorow-w-ramach-projektu-spoleczna-transformacja-katowic-2\/\",\"url\":\"https:\/\/www.mostkatowice.pl\/zajecia-grupowe-dla-seniorow-w-ramach-projektu-spoleczna-transformacja-katowic-2\/\",\"name\":\"Zaj\u0119cia grupowe dla senior\u00f3w w ramach projektu Spo\u0142eczna transformacja Katowic - Stowarzyszenie MOST\",\"isPartOf\":{\"@id\":\"https:\/\/www.mostkatowice.pl\/#website\"},\"primaryImageOfPage\":{\"@id\":\"https:\/\/www.mostkatowice.pl\/zajecia-grupowe-dla-seniorow-w-ramach-projektu-spoleczna-transformacja-katowic-2\/#primaryimage\"},\"image\":{\"@id\":\"https:\/\/www.mostkatowice.pl\/zajecia-grupowe-dla-seniorow-w-ramach-projektu-spoleczna-transformacja-katowic-2\/#primaryimage\"},\"thumbnailUrl\":\"https:\/\/www.mostkatowice.pl\/wp-content\/uploads\/2025\/03\/10.24-4.png\",\"datePublished\":\"2025-03-28T13:20:20+00:00\",\"dateModified\":\"2025-05-05T08:10:33+00:00\",\"breadcrumb\":{\"@id\":\"https:\/\/www.mostkatowice.pl\/zajecia-grupowe-dla-seniorow-w-ramach-projektu-spoleczna-transformacja-katowic-2\/#breadcrumb\"},\"inLanguage\":\"en-US\",\"potentialAction\":[{\"@type\":\"ReadAction\",\"target\":[\"https:\/\/www.mostkatowice.pl\/zajecia-grupowe-dla-seniorow-w-ramach-projektu-spoleczna-transformacja-katowic-2\/\"]}]},{\"@type\":\"ImageObject\",\"inLanguage\":\"en-US\",\"@id\":\"https:\/\/www.mostkatowice.pl\/zajecia-grupowe-dla-seniorow-w-ramach-projektu-spoleczna-transformacja-katowic-2\/#primaryimage\",\"url\":\"https:\/\/www.mostkatowice.pl\/wp-content\/uploads\/2025\/03\/10.24-4.png\",\"contentUrl\":\"https:\/\/www.mostkatowice.pl\/wp-content\/uploads\/2025\/03\/10.24-4.png\",\"width\":1920,\"height\":1080,\"caption\":\"Plakat dotycz\u0105cy zaj\u0119\u0107 grupowych dla senior\u00f3w\"},{\"@type\":\"BreadcrumbList\",\"@id\":\"https:\/\/www.mostkatowice.pl\/zajecia-grupowe-dla-seniorow-w-ramach-projektu-spoleczna-transformacja-katowic-2\/#breadcrumb\",\"itemListElement\":[{\"@type\":\"ListItem\",\"position\":1,\"name\":\"Strona g\u0142\u00f3wna\",\"item\":\"https:\/\/www.mostkatowice.pl\/\"},{\"@type\":\"ListItem\",\"position\":2,\"name\":\"Zaj\u0119cia grupowe dla senior\u00f3w w ramach projektu Spo\u0142eczna transformacja Katowic\"}]},{\"@type\":\"WebSite\",\"@id\":\"https:\/\/www.mostkatowice.pl\/#website\",\"url\":\"https:\/\/www.mostkatowice.pl\/\",\"name\":\"Stowarzyszenie MOST\",\"description\":\"Most \u0142\u0105czy\",\"publisher\":{\"@id\":\"https:\/\/www.mostkatowice.pl\/#organization\"},\"potentialAction\":[{\"@type\":\"SearchAction\",\"target\":{\"@type\":\"EntryPoint\",\"urlTemplate\":\"https:\/\/www.mostkatowice.pl\/?s={search_term_string}\"},\"query-input\":{\"@type\":\"PropertyValueSpecification\",\"valueRequired\":true,\"valueName\":\"search_term_string\"}}],\"inLanguage\":\"en-US\"},{\"@type\":\"Organization\",\"@id\":\"https:\/\/www.mostkatowice.pl\/#organization\",\"name\":\"Stowarzyszenie MOST\",\"url\":\"https:\/\/www.mostkatowice.pl\/\",\"logo\":{\"@type\":\"ImageObject\",\"inLanguage\":\"en-US\",\"@id\":\"https:\/\/www.mostkatowice.pl\/#\/schema\/logo\/image\/\",\"url\":\"https:\/\/www.mostkatowice.pl\/wp-content\/uploads\/2022\/11\/cropped-cropped-cropped-MOST_Stowarzyszenie_Logo_RGB-03-4-e1667486323777.png\",\"contentUrl\":\"https:\/\/www.mostkatowice.pl\/wp-content\/uploads\/2022\/11\/cropped-cropped-cropped-MOST_Stowarzyszenie_Logo_RGB-03-4-e1667486323777.png\",\"width\":128,\"height\":89,\"caption\":\"Stowarzyszenie MOST\"},\"image\":{\"@id\":\"https:\/\/www.mostkatowice.pl\/#\/schema\/logo\/image\/\"},\"sameAs\":[\"https:\/\/www.facebook.com\/mostkatowice\",\"https:\/\/www.youtube.com\/@stowarzyszeniemost832\"]},{\"@type\":\"Person\",\"@id\":\"https:\/\/www.mostkatowice.pl\/#\/schema\/person\/602aafb7298590b75f4d5b08e70c8cff\",\"name\":\"Klaudia Rychter\",\"image\":{\"@type\":\"ImageObject\",\"inLanguage\":\"en-US\",\"@id\":\"https:\/\/www.mostkatowice.pl\/#\/schema\/person\/image\/\",\"url\":\"https:\/\/secure.gravatar.com\/avatar\/0829910999f53cf6d11ac530a4fef2adce4e075af6b930e8c124944b9034a213?s=96&d=mm&r=g\",\"contentUrl\":\"https:\/\/secure.gravatar.com\/avatar\/0829910999f53cf6d11ac530a4fef2adce4e075af6b930e8c124944b9034a213?s=96&d=mm&r=g\",\"caption\":\"Klaudia Rychter\"},\"url\":\"https:\/\/www.mostkatowice.pl\/en\/author\/klaudia\/\"}]}<\/script>\n<!-- \/ Yoast SEO plugin. -->","yoast_head_json":{"title":"Zaj\u0119cia grupowe dla senior\u00f3w w ramach projektu Spo\u0142eczna transformacja Katowic - Stowarzyszenie MOST","robots":{"index":"index","follow":"follow","max-snippet":"max-snippet:-1","max-image-preview":"max-image-preview:large","max-video-preview":"max-video-preview:-1"},"canonical":"https:\/\/www.mostkatowice.pl\/en\/zajecia-grupowe-dla-seniorow-w-ramach-projektu-spoleczna-transformacja-katowic-2\/","og_locale":"en_US","og_type":"article","og_title":"Zaj\u0119cia grupowe dla senior\u00f3w w ramach projektu Spo\u0142eczna transformacja Katowic - Stowarzyszenie MOST","og_description":"W ramach projektu &#8222;Spo\u0142eczna Transformacja Katowic&#8221; seniorzy regularnie spotykaj\u0105 si\u0119, by wsp\u00f3lnie sp\u0119dza\u0107 czas w inspiruj\u0105cej i przyjaznej atmosferze. To przestrze\u0144, w kt\u00f3rej mo\u017cna rozwija\u0107 swoje zainteresowania, poznawa\u0107 nowych ludzi i czerpa\u0107 rado\u015b\u0107 z aktywno\u015bci dostosowanych do potrzeb uczestnik\u00f3w! Bogata oferta zaj\u0119\u0107 i warsztat\u00f3w Spotkania obejmuj\u0105 szeroki wachlarz aktywno\u015bci, kt\u00f3re pozwalaj\u0105 seniorom rozwija\u0107 umiej\u0119tno\u015bci, dba\u0107 [&hellip;]","og_url":"https:\/\/www.mostkatowice.pl\/en\/zajecia-grupowe-dla-seniorow-w-ramach-projektu-spoleczna-transformacja-katowic-2\/","og_site_name":"Stowarzyszenie MOST","article_publisher":"https:\/\/www.facebook.com\/mostkatowice","article_published_time":"2025-03-28T13:20:20+00:00","article_modified_time":"2025-05-05T08:10:33+00:00","og_image":[{"width":1920,"height":1080,"url":"http:\/\/www.mostkatowice.pl\/wp-content\/uploads\/2025\/03\/10.24-4.png","type":"image\/png"}],"author":"Klaudia Rychter","twitter_card":"summary_large_image","twitter_misc":{"Written by":"Klaudia Rychter","Est. reading time":"4 minutes"},"schema":{"@context":"https:\/\/schema.org","@graph":[{"@type":"Article","@id":"https:\/\/www.mostkatowice.pl\/zajecia-grupowe-dla-seniorow-w-ramach-projektu-spoleczna-transformacja-katowic-2\/#article","isPartOf":{"@id":"https:\/\/www.mostkatowice.pl\/zajecia-grupowe-dla-seniorow-w-ramach-projektu-spoleczna-transformacja-katowic-2\/"},"author":{"name":"Klaudia Rychter","@id":"https:\/\/www.mostkatowice.pl\/#\/schema\/person\/602aafb7298590b75f4d5b08e70c8cff"},"headline":"Zaj\u0119cia grupowe dla senior\u00f3w w ramach projektu Spo\u0142eczna transformacja Katowic","datePublished":"2025-03-28T13:20:20+00:00","dateModified":"2025-05-05T08:10:33+00:00","mainEntityOfPage":{"@id":"https:\/\/www.mostkatowice.pl\/zajecia-grupowe-dla-seniorow-w-ramach-projektu-spoleczna-transformacja-katowic-2\/"},"wordCount":238,"publisher":{"@id":"https:\/\/www.mostkatowice.pl\/#organization"},"image":{"@id":"https:\/\/www.mostkatowice.pl\/zajecia-grupowe-dla-seniorow-w-ramach-projektu-spoleczna-transformacja-katowic-2\/#primaryimage"},"thumbnailUrl":"https:\/\/www.mostkatowice.pl\/wp-content\/uploads\/2025\/03\/10.24-4.png","keywords":["FunduszeEuropejskie","FunduszeUE","katowice"],"articleSection":["Aktualno\u015bci"],"inLanguage":"en-US"},{"@type":"WebPage","@id":"https:\/\/www.mostkatowice.pl\/zajecia-grupowe-dla-seniorow-w-ramach-projektu-spoleczna-transformacja-katowic-2\/","url":"https:\/\/www.mostkatowice.pl\/zajecia-grupowe-dla-seniorow-w-ramach-projektu-spoleczna-transformacja-katowic-2\/","name":"Zaj\u0119cia grupowe dla senior\u00f3w w ramach projektu Spo\u0142eczna transformacja Katowic - Stowarzyszenie MOST","isPartOf":{"@id":"https:\/\/www.mostkatowice.pl\/#website"},"primaryImageOfPage":{"@id":"https:\/\/www.mostkatowice.pl\/zajecia-grupowe-dla-seniorow-w-ramach-projektu-spoleczna-transformacja-katowic-2\/#primaryimage"},"image":{"@id":"https:\/\/www.mostkatowice.pl\/zajecia-grupowe-dla-seniorow-w-ramach-projektu-spoleczna-transformacja-katowic-2\/#primaryimage"},"thumbnailUrl":"https:\/\/www.mostkatowice.pl\/wp-content\/uploads\/2025\/03\/10.24-4.png","datePublished":"2025-03-28T13:20:20+00:00","dateModified":"2025-05-05T08:10:33+00:00","breadcrumb":{"@id":"https:\/\/www.mostkatowice.pl\/zajecia-grupowe-dla-seniorow-w-ramach-projektu-spoleczna-transformacja-katowic-2\/#breadcrumb"},"inLanguage":"en-US","potentialAction":[{"@type":"ReadAction","target":["https:\/\/www.mostkatowice.pl\/zajecia-grupowe-dla-seniorow-w-ramach-projektu-spoleczna-transformacja-katowic-2\/"]}]},{"@type":"ImageObject","inLanguage":"en-US","@id":"https:\/\/www.mostkatowice.pl\/zajecia-grupowe-dla-seniorow-w-ramach-projektu-spoleczna-transformacja-katowic-2\/#primaryimage","url":"https:\/\/www.mostkatowice.pl\/wp-content\/uploads\/2025\/03\/10.24-4.png","contentUrl":"https:\/\/www.mostkatowice.pl\/wp-content\/uploads\/2025\/03\/10.24-4.png","width":1920,"height":1080,"caption":"Plakat dotycz\u0105cy zaj\u0119\u0107 grupowych dla senior\u00f3w"},{"@type":"BreadcrumbList","@id":"https:\/\/www.mostkatowice.pl\/zajecia-grupowe-dla-seniorow-w-ramach-projektu-spoleczna-transformacja-katowic-2\/#breadcrumb","itemListElement":[{"@type":"ListItem","position":1,"name":"Strona g\u0142\u00f3wna","item":"https:\/\/www.mostkatowice.pl\/"},{"@type":"ListItem","position":2,"name":"Zaj\u0119cia grupowe dla senior\u00f3w w ramach projektu Spo\u0142eczna transformacja Katowic"}]},{"@type":"WebSite","@id":"https:\/\/www.mostkatowice.pl\/#website","url":"https:\/\/www.mostkatowice.pl\/","name":"Stowarzyszenie MOST","description":"Most \u0142\u0105czy","publisher":{"@id":"https:\/\/www.mostkatowice.pl\/#organization"},"potentialAction":[{"@type":"SearchAction","target":{"@type":"EntryPoint","urlTemplate":"https:\/\/www.mostkatowice.pl\/?s={search_term_string}"},"query-input":{"@type":"PropertyValueSpecification","valueRequired":true,"valueName":"search_term_string"}}],"inLanguage":"en-US"},{"@type":"Organization","@id":"https:\/\/www.mostkatowice.pl\/#organization","name":"Stowarzyszenie MOST","url":"https:\/\/www.mostkatowice.pl\/","logo":{"@type":"ImageObject","inLanguage":"en-US","@id":"https:\/\/www.mostkatowice.pl\/#\/schema\/logo\/image\/","url":"https:\/\/www.mostkatowice.pl\/wp-content\/uploads\/2022\/11\/cropped-cropped-cropped-MOST_Stowarzyszenie_Logo_RGB-03-4-e1667486323777.png","contentUrl":"https:\/\/www.mostkatowice.pl\/wp-content\/uploads\/2022\/11\/cropped-cropped-cropped-MOST_Stowarzyszenie_Logo_RGB-03-4-e1667486323777.png","width":128,"height":89,"caption":"Stowarzyszenie MOST"},"image":{"@id":"https:\/\/www.mostkatowice.pl\/#\/schema\/logo\/image\/"},"sameAs":["https:\/\/www.facebook.com\/mostkatowice","https:\/\/www.youtube.com\/@stowarzyszeniemost832"]},{"@type":"Person","@id":"https:\/\/www.mostkatowice.pl\/#\/schema\/person\/602aafb7298590b75f4d5b08e70c8cff","name":"Klaudia Rychter","image":{"@type":"ImageObject","inLanguage":"en-US","@id":"https:\/\/www.mostkatowice.pl\/#\/schema\/person\/image\/","url":"https:\/\/secure.gravatar.com\/avatar\/0829910999f53cf6d11ac530a4fef2adce4e075af6b930e8c124944b9034a213?s=96&d=mm&r=g","contentUrl":"https:\/\/secure.gravatar.com\/avatar\/0829910999f53cf6d11ac530a4fef2adce4e075af6b930e8c124944b9034a213?s=96&d=mm&r=g","caption":"Klaudia Rychter"},"url":"https:\/\/www.mostkatowice.pl\/en\/author\/klaudia\/"}]}},"_links":{"self":[{"href":"https:\/\/www.mostkatowice.pl\/en\/wp-json\/wp\/v2\/posts\/4116","targetHints":{"allow":["GET"]}}],"collection":[{"href":"https:\/\/www.mostkatowice.pl\/en\/wp-json\/wp\/v2\/posts"}],"about":[{"href":"https:\/\/www.mostkatowice.pl\/en\/wp-json\/wp\/v2\/types\/post"}],"author":[{"embeddable":true,"href":"https:\/\/www.mostkatowice.pl\/en\/wp-json\/wp\/v2\/users\/11"}],"replies":[{"embeddable":true,"href":"https:\/\/www.mostkatowice.pl\/en\/wp-json\/wp\/v2\/comments?post=4116"}],"version-history":[{"count":5,"href":"https:\/\/www.mostkatowice.pl\/en\/wp-json\/wp\/v2\/posts\/4116\/revisions"}],"predecessor-version":[{"id":4142,"href":"https:\/\/www.mostkatowice.pl\/en\/wp-json\/wp\/v2\/posts\/4116\/revisions\/4142"}],"wp:featuredmedia":[{"embeddable":true,"href":"https:\/\/www.mostkatowice.pl\/en\/wp-json\/wp\/v2\/media\/4425"}],"wp:attachment":[{"href":"https:\/\/www.mostkatowice.pl\/en\/wp-json\/wp\/v2\/media?parent=4116"}],"wp:term":[{"taxonomy":"category","embeddable":true,"href":"https:\/\/www.mostkatowice.pl\/en\/wp-json\/wp\/v2\/categories?post=4116"},{"taxonomy":"post_tag","embeddable":true,"href":"https:\/\/www.mostkatowice.pl\/en\/wp-json\/wp\/v2\/tags?post=4116"}],"curies":[{"name":"wp","href":"https:\/\/api.w.org\/{rel}","templated":true}]}}