{"id":3714,"date":"2024-12-10T14:15:20","date_gmt":"2024-12-10T12:15:20","guid":{"rendered":"https:\/\/www.mostkatowice.pl\/?p=3714"},"modified":"2024-12-17T13:49:18","modified_gmt":"2024-12-17T11:49:18","slug":"zapraszamy-do-ii-edycji-szkoly-edukatorow-ekologicznych","status":"publish","type":"post","link":"https:\/\/www.mostkatowice.pl\/en\/zapraszamy-do-ii-edycji-szkoly-edukatorow-ekologicznych\/","title":{"rendered":"Zapraszamy do II edycji Szko\u0142y Edukator\u00f3w Ekologicznych!"},"content":{"rendered":"<h3 class=\"wp-block-heading\"><strong>Do\u0142\u0105cz do II edycji Szko\u0142y Edukator\u00f3w Ekologicznych!<\/strong><\/h3>\n\n\n\n<p><strong>ZAPISY:<\/strong>&nbsp;<a href=\"https:\/\/docs.google.com\/forms\/d\/1v9yZ_PL8LzdAXWQx2_DllEX88unCH4mOOTTyL_HCHP0\/edit\" target=\"_blank\" rel=\"noreferrer noopener\">Formularz zg\u0142oszeniowy: Szko\u0142a Edukator\u00f3w Ekologicznych &#8211; II edycja<\/a><br><strong>START: 18 stycznia 2025<\/strong><br><strong>Organizator: Stowarzyszenie MOST<\/strong><\/p>\n\n\n\n<p>Nie przegap szansy na rozw\u00f3j i dzia\u0142ania na rzecz klimatu! Do\u0142\u0105cz do naszej Szko\u0142y Edukator\u00f3w Ekologicznych, aby zdoby\u0107 praktyczn\u0105 wiedz\u0119 oraz umiej\u0119tno\u015bci potrzebne do wspierania sprawiedliwej transformacji energetycznej i spo\u0142eczno-gospodarczej.<\/p>\n\n\n\n<h3 class=\"wp-block-heading\"><strong>Dlaczego warto?<\/strong><\/h3>\n\n\n\n<p>Podczas szkole\u0144:<br>&#8211; Zrozumiesz, czym jest sprawiedliwa transformacja i dlaczego jest tak wa\u017cna.<br>&#8211; Otrzymasz wiedz\u0119 od ekspert\u00f3w, kt\u00f3rzy na co dzie\u0144 zajmuj\u0105 si\u0119 edukacj\u0105 ekologiczn\u0105 i dzia\u0142aniami proklimatycznymi.<br>&#8211; Poznasz inne osoby zaanga\u017cowane w dzia\u0142ania na rzecz \u015brodowiska i spo\u0142eczno\u015bci lokalnych.<\/p>\n\n\n\n<h3 class=\"wp-block-heading\"><strong>O projekcie<\/strong><\/h3>\n\n\n\n<p>Szko\u0142a Edukator\u00f3w Ekologicznych to cykl 5 sobotnich spotka\u0144, w tym dwa wyjazdy szkoleniowe. Program \u0142\u0105czy teori\u0119 i praktyk\u0119 \u2013 od warsztat\u00f3w tematycznych po wizyty studyjne w miejscach realizuj\u0105cych innowacyjne rozwi\u0105zania ekologiczne.<\/p>\n\n\n\n<h3 class=\"wp-block-heading\"><strong>HARMONOGRAM<\/strong><\/h3>\n\n\n\n<p><strong>18 stycznia 2025<\/strong><br>Szkolenie stacjonarne &#8211; Kamil Szewczyk.<br>Pierwszego dnia skupimy si\u0119 na tym, dlaczego edukacja ekologiczna jest potrzebna, poznamy przyczyny i skutki zmian klimatu, granice planetarne oraz zdefiniujmy czym jest sprawiedliwa transformacja.<\/p>\n\n\n\n<p><strong>25 stycznia 2025<\/strong><br>Szkolenie wyjazdowe ,,Z wizyt\u0105 w Bielsku-Bia\u0142ej: warsztat rzemie\u015blniczy\u201d &#8211; Monika i Marcin Kogut, Fundacja Rozwoju Edukacji i Ekologii FREE.<br>FUNDACJA ROZWOJU EDUKACJI i EKOLOGII \u201eFREE\u201d, realizuje projekty, kt\u00f3rych g\u0142\u00f3wnym zadaniem jest troska o cz\u0142owieka, planet\u0119 oraz jej zasoby. Podczas wizyty poznamy ich kluczowy projekt, jakim jest rozwijanie warsztatu pod nazw\u0105 ,,Warsztat Rzemie\u015blniczy&#8221;. Warsztat Rzemie\u015blniczy opiera si\u0119 na odpowiedzialnym rzemio\u015ble kszta\u0142towanym ide\u0105 Zero Waste. Podczas pracy z materia\u0142em wykorzystywana jest metoda upcyklingu.<\/p>\n\n\n\n<p><strong>1 lutego pa\u017adziernika 2025<\/strong><br>Szkolenie stacjonarne &#8211; Kamil Szewczyk.<br>Spotkanie po\u015bwi\u0119cone b\u0119dzie najtrudniejszym wyzwaniom w zielonej transformacji, poszukiwaniu odpowiedzi na pytanie czy aktywizm ekologiczny jest potrzebny, poznamy te\u017c ciekawe przyk\u0142ady ekologicznych rozwi\u0105za\u0144 systemowych.<\/p>\n\n\n\n<p><strong>8 lutego 2025<\/strong><br>Szkolenie wyjazdowe &#8211; ,,Z wizyt\u0105 w Bielsku-Bia\u0142ej: Fundacja \u015awiat w Naszych R\u0119kach&#8221; &#8211; Anna Ch\u0119\u0107.<br>Podczas wyjazdu odb\u0119d\u0105 si\u0119 warsztaty tematyczne, prowadzone przez trenerk\u0119 i dzia\u0142aczk\u0119 spo\u0142eczn\u0105 z wieloletnim do\u015bwiadczeniem &#8211; Ann\u0119 Ch\u0119\u0107.<\/p>\n\n\n\n<p><strong>15 lutego 2025<\/strong><br>Szkolenie stacjonarne &#8211; Kamil Szewczyk<br>Podczas szkolenia dowiemy si\u0119 czym jest efektywno\u015b\u0107 energetyczna i dlaczego jest taka wa\u017cna, poznamy zasady dobrej edukacji ekologicznej, a uczestnicy warsztat\u00f3w przygotuj\u0105 w\u0142asn\u0105 ofert\u0119 przysz\u0142ych edukator\u00f3w ekologicznych.<\/p>\n\n\n\n<h3 class=\"wp-block-heading\"><strong>Gdzie i kiedy?<\/strong><\/h3>\n\n\n\n<p><strong>Spotkania stacjonarne: <\/strong>Centrum Organizacji Pozarz\u0105dowych, Katowice, ul. Kopernika 14, godz. 9:30\u201313:30.<br><strong>Wyjazdy szkoleniowe: <\/strong>szczeg\u00f3\u0142owy harmonogram dla uczestnik\u00f3w.<\/p>\n\n\n\n<h3 class=\"wp-block-heading\"><strong>Dla kogo?<\/strong><\/h3>\n\n\n\n<p>Zapraszamy mieszka\u0144c\u00f3w Katowic, osoby pracuj\u0105ce lub ucz\u0105ce si\u0119 w Katowicach, a tak\u017ce cz\u0142onk\u00f3w i wolontariuszy organizacji pozarz\u0105dowych z Katowic. Wystarczy spe\u0142ni\u0107 jedno z tych kryteri\u00f3w.<\/p>\n\n\n\n<h3 class=\"wp-block-heading\"><strong>Jak to wygl\u0105da w praktyce?<\/strong><\/h3>\n\n\n\n<p>1. We\u017a udzia\u0142 w 5 szkoleniach.<br>2. Przeprowad\u017a 1 dzia\u0142anie edukacyjne dla grupy os\u00f3b m\u0142odych w wieku 15-29 lat:<br>&#8211; dostaniesz wsparcie finansowe na rzecz realizacji wybranego dzia\u0142ania edukacyjnego,<br>&#8211; przeprowadzisz dzia\u0142anie przy wsparciu merytorycznym specjalisty,<br>&#8211; za przeprowadzone dzia\u0142anie otrzymasz wynagrodzenie.<br>3. Wykorzystuj zdobyt\u0105 wiedz\u0119 w praktyce i zwi\u0119kszaj \u015bwiadomo\u015b\u0107 spo\u0142ecze\u0144stwa o procesie sprawiedliwej transformacji.<\/p>\n\n\n\n<h3 class=\"wp-block-heading\"><strong>Zg\u0142oszenia i szczeg\u00f3\u0142y<\/strong><\/h3>\n\n\n\n<p>Liczba miejsc ograniczona \u2013 nie czekaj!<br>Obowi\u0105zuj\u0105 ZAPISY przez formularz:\u00a0<a href=\"https:\/\/docs.google.com\/forms\/d\/1v9yZ_PL8LzdAXWQx2_DllEX88unCH4mOOTTyL_HCHP0\/edit\" target=\"_blank\" rel=\"noreferrer noopener\">Formularz zg\u0142oszeniowy: Szko\u0142a Edukator\u00f3w Ekologicznych &#8211; II edycja<\/a><\/p>\n\n\n\n<h3 class=\"wp-block-heading\"><strong>Razem mo\u017cemy dzia\u0142a\u0107 na rzecz zr\u00f3wnowa\u017conej przysz\u0142o\u015bci!<\/strong><\/h3>\n\n\n\n<p class=\"has-small-font-size\">Zadanie realizowane w projekcie ,,Spo\u0142eczna transformacja Katowic\u201d, dofinansowanego ze \u015brodk\u00f3w Unii Europejskiej w ramach Fundusze Europejskie dla \u015al\u0105skiego 2021-2027. Dzia\u0142anie 10.24 W\u0142\u0105czenie spo\u0142eczne &#8211; wzmocnienie procesu sprawiedliwej transformacji.<\/p>","protected":false},"excerpt":{"rendered":"<p>Do\u0142\u0105cz do II edycji Szko\u0142y Edukator\u00f3w Ekologicznych! ZAPISY:&nbsp;Formularz zg\u0142oszeniowy: Szko\u0142a Edukator\u00f3w Ekologicznych &#8211; II edycjaSTART: 18 stycznia 2025Organizator: Stowarzyszenie MOST Nie przegap szansy na rozw\u00f3j i dzia\u0142ania na rzecz klimatu! Do\u0142\u0105cz do naszej Szko\u0142y Edukator\u00f3w Ekologicznych, aby zdoby\u0107 praktyczn\u0105 wiedz\u0119 oraz umiej\u0119tno\u015bci potrzebne do wspierania sprawiedliwej transformacji energetycznej i spo\u0142eczno-gospodarczej. Dlaczego warto? Podczas szkole\u0144:&#8211; Zrozumiesz, [&hellip;]<\/p>","protected":false},"author":11,"featured_media":3716,"comment_status":"closed","ping_status":"closed","sticky":false,"template":"","format":"standard","meta":{"om_disable_all_campaigns":false,"_monsterinsights_skip_tracking":false,"_monsterinsights_sitenote_active":false,"_monsterinsights_sitenote_note":"","_monsterinsights_sitenote_category":0,"_uf_show_specific_survey":0,"_uf_disable_surveys":false,"footnotes":""},"categories":[5],"tags":[77,78,14,9],"class_list":["post-3714","post","type-post","status-publish","format-standard","has-post-thumbnail","hentry","category-aktualnosci","tag-funduszeeuropejskie","tag-funduszeue","tag-katowice","tag-szkolenia"],"yoast_head":"<!-- This site is optimized with the Yoast SEO plugin v26.8 - https:\/\/yoast.com\/product\/yoast-seo-wordpress\/ -->\n<title>Zapraszamy do II edycji Szko\u0142y Edukator\u00f3w Ekologicznych! - Stowarzyszenie MOST<\/title>\n<meta name=\"robots\" content=\"index, follow, max-snippet:-1, max-image-preview:large, max-video-preview:-1\" \/>\n<link rel=\"canonical\" href=\"https:\/\/www.mostkatowice.pl\/en\/zapraszamy-do-ii-edycji-szkoly-edukatorow-ekologicznych\/\" \/>\n<meta property=\"og:locale\" content=\"en_US\" \/>\n<meta property=\"og:type\" content=\"article\" \/>\n<meta property=\"og:title\" content=\"Zapraszamy do II edycji Szko\u0142y Edukator\u00f3w Ekologicznych! - Stowarzyszenie MOST\" \/>\n<meta property=\"og:description\" content=\"Do\u0142\u0105cz do II edycji Szko\u0142y Edukator\u00f3w Ekologicznych! ZAPISY:&nbsp;Formularz zg\u0142oszeniowy: Szko\u0142a Edukator\u00f3w Ekologicznych &#8211; II edycjaSTART: 18 stycznia 2025Organizator: Stowarzyszenie MOST Nie przegap szansy na rozw\u00f3j i dzia\u0142ania na rzecz klimatu! Do\u0142\u0105cz do naszej Szko\u0142y Edukator\u00f3w Ekologicznych, aby zdoby\u0107 praktyczn\u0105 wiedz\u0119 oraz umiej\u0119tno\u015bci potrzebne do wspierania sprawiedliwej transformacji energetycznej i spo\u0142eczno-gospodarczej. Dlaczego warto? Podczas szkole\u0144:&#8211; Zrozumiesz, [&hellip;]\" \/>\n<meta property=\"og:url\" content=\"https:\/\/www.mostkatowice.pl\/en\/zapraszamy-do-ii-edycji-szkoly-edukatorow-ekologicznych\/\" \/>\n<meta property=\"og:site_name\" content=\"Stowarzyszenie MOST\" \/>\n<meta property=\"article:publisher\" content=\"https:\/\/www.facebook.com\/mostkatowice\" \/>\n<meta property=\"article:published_time\" content=\"2024-12-10T12:15:20+00:00\" \/>\n<meta property=\"article:modified_time\" content=\"2024-12-17T11:49:18+00:00\" \/>\n<meta property=\"og:image\" content=\"http:\/\/www.mostkatowice.pl\/wp-content\/uploads\/2024\/12\/Plakat-SEE-2.png\" \/>\n\t<meta property=\"og:image:width\" content=\"1920\" \/>\n\t<meta property=\"og:image:height\" content=\"1080\" \/>\n\t<meta property=\"og:image:type\" content=\"image\/png\" \/>\n<meta name=\"author\" content=\"Klaudia Rychter\" \/>\n<meta name=\"twitter:card\" content=\"summary_large_image\" \/>\n<meta name=\"twitter:label1\" content=\"Written by\" \/>\n\t<meta name=\"twitter:data1\" content=\"Klaudia Rychter\" \/>\n\t<meta name=\"twitter:label2\" content=\"Est. reading time\" \/>\n\t<meta name=\"twitter:data2\" content=\"3 minutes\" \/>\n<script type=\"application\/ld+json\" class=\"yoast-schema-graph\">{\"@context\":\"https:\/\/schema.org\",\"@graph\":[{\"@type\":\"Article\",\"@id\":\"https:\/\/www.mostkatowice.pl\/zapraszamy-do-ii-edycji-szkoly-edukatorow-ekologicznych\/#article\",\"isPartOf\":{\"@id\":\"https:\/\/www.mostkatowice.pl\/zapraszamy-do-ii-edycji-szkoly-edukatorow-ekologicznych\/\"},\"author\":{\"name\":\"Klaudia Rychter\",\"@id\":\"https:\/\/www.mostkatowice.pl\/#\/schema\/person\/602aafb7298590b75f4d5b08e70c8cff\"},\"headline\":\"Zapraszamy do II edycji Szko\u0142y Edukator\u00f3w Ekologicznych!\",\"datePublished\":\"2024-12-10T12:15:20+00:00\",\"dateModified\":\"2024-12-17T11:49:18+00:00\",\"mainEntityOfPage\":{\"@id\":\"https:\/\/www.mostkatowice.pl\/zapraszamy-do-ii-edycji-szkoly-edukatorow-ekologicznych\/\"},\"wordCount\":587,\"publisher\":{\"@id\":\"https:\/\/www.mostkatowice.pl\/#organization\"},\"image\":{\"@id\":\"https:\/\/www.mostkatowice.pl\/zapraszamy-do-ii-edycji-szkoly-edukatorow-ekologicznych\/#primaryimage\"},\"thumbnailUrl\":\"https:\/\/www.mostkatowice.pl\/wp-content\/uploads\/2024\/12\/Plakat-SEE-2.png\",\"keywords\":[\"FunduszeEuropejskie\",\"FunduszeUE\",\"katowice\",\"szkolenia\"],\"articleSection\":[\"Aktualno\u015bci\"],\"inLanguage\":\"en-US\"},{\"@type\":\"WebPage\",\"@id\":\"https:\/\/www.mostkatowice.pl\/zapraszamy-do-ii-edycji-szkoly-edukatorow-ekologicznych\/\",\"url\":\"https:\/\/www.mostkatowice.pl\/zapraszamy-do-ii-edycji-szkoly-edukatorow-ekologicznych\/\",\"name\":\"Zapraszamy do II edycji Szko\u0142y Edukator\u00f3w Ekologicznych! - Stowarzyszenie MOST\",\"isPartOf\":{\"@id\":\"https:\/\/www.mostkatowice.pl\/#website\"},\"primaryImageOfPage\":{\"@id\":\"https:\/\/www.mostkatowice.pl\/zapraszamy-do-ii-edycji-szkoly-edukatorow-ekologicznych\/#primaryimage\"},\"image\":{\"@id\":\"https:\/\/www.mostkatowice.pl\/zapraszamy-do-ii-edycji-szkoly-edukatorow-ekologicznych\/#primaryimage\"},\"thumbnailUrl\":\"https:\/\/www.mostkatowice.pl\/wp-content\/uploads\/2024\/12\/Plakat-SEE-2.png\",\"datePublished\":\"2024-12-10T12:15:20+00:00\",\"dateModified\":\"2024-12-17T11:49:18+00:00\",\"breadcrumb\":{\"@id\":\"https:\/\/www.mostkatowice.pl\/zapraszamy-do-ii-edycji-szkoly-edukatorow-ekologicznych\/#breadcrumb\"},\"inLanguage\":\"en-US\",\"potentialAction\":[{\"@type\":\"ReadAction\",\"target\":[\"https:\/\/www.mostkatowice.pl\/zapraszamy-do-ii-edycji-szkoly-edukatorow-ekologicznych\/\"]}]},{\"@type\":\"ImageObject\",\"inLanguage\":\"en-US\",\"@id\":\"https:\/\/www.mostkatowice.pl\/zapraszamy-do-ii-edycji-szkoly-edukatorow-ekologicznych\/#primaryimage\",\"url\":\"https:\/\/www.mostkatowice.pl\/wp-content\/uploads\/2024\/12\/Plakat-SEE-2.png\",\"contentUrl\":\"https:\/\/www.mostkatowice.pl\/wp-content\/uploads\/2024\/12\/Plakat-SEE-2.png\",\"width\":1920,\"height\":1080,\"caption\":\"Plakat informacyjny o cyklu szkole\u0144 w ramach \\\"Szko\u0142y Edukator\u00f3w Ekologicznych\\\", ich terminach oraz miejscu.\"},{\"@type\":\"BreadcrumbList\",\"@id\":\"https:\/\/www.mostkatowice.pl\/zapraszamy-do-ii-edycji-szkoly-edukatorow-ekologicznych\/#breadcrumb\",\"itemListElement\":[{\"@type\":\"ListItem\",\"position\":1,\"name\":\"Strona g\u0142\u00f3wna\",\"item\":\"https:\/\/www.mostkatowice.pl\/\"},{\"@type\":\"ListItem\",\"position\":2,\"name\":\"Zapraszamy do II edycji Szko\u0142y Edukator\u00f3w Ekologicznych!\"}]},{\"@type\":\"WebSite\",\"@id\":\"https:\/\/www.mostkatowice.pl\/#website\",\"url\":\"https:\/\/www.mostkatowice.pl\/\",\"name\":\"Stowarzyszenie MOST\",\"description\":\"Most \u0142\u0105czy\",\"publisher\":{\"@id\":\"https:\/\/www.mostkatowice.pl\/#organization\"},\"potentialAction\":[{\"@type\":\"SearchAction\",\"target\":{\"@type\":\"EntryPoint\",\"urlTemplate\":\"https:\/\/www.mostkatowice.pl\/?s={search_term_string}\"},\"query-input\":{\"@type\":\"PropertyValueSpecification\",\"valueRequired\":true,\"valueName\":\"search_term_string\"}}],\"inLanguage\":\"en-US\"},{\"@type\":\"Organization\",\"@id\":\"https:\/\/www.mostkatowice.pl\/#organization\",\"name\":\"Stowarzyszenie MOST\",\"url\":\"https:\/\/www.mostkatowice.pl\/\",\"logo\":{\"@type\":\"ImageObject\",\"inLanguage\":\"en-US\",\"@id\":\"https:\/\/www.mostkatowice.pl\/#\/schema\/logo\/image\/\",\"url\":\"https:\/\/www.mostkatowice.pl\/wp-content\/uploads\/2022\/11\/cropped-cropped-cropped-MOST_Stowarzyszenie_Logo_RGB-03-4-e1667486323777.png\",\"contentUrl\":\"https:\/\/www.mostkatowice.pl\/wp-content\/uploads\/2022\/11\/cropped-cropped-cropped-MOST_Stowarzyszenie_Logo_RGB-03-4-e1667486323777.png\",\"width\":128,\"height\":89,\"caption\":\"Stowarzyszenie MOST\"},\"image\":{\"@id\":\"https:\/\/www.mostkatowice.pl\/#\/schema\/logo\/image\/\"},\"sameAs\":[\"https:\/\/www.facebook.com\/mostkatowice\",\"https:\/\/www.youtube.com\/@stowarzyszeniemost832\"]},{\"@type\":\"Person\",\"@id\":\"https:\/\/www.mostkatowice.pl\/#\/schema\/person\/602aafb7298590b75f4d5b08e70c8cff\",\"name\":\"Klaudia Rychter\",\"image\":{\"@type\":\"ImageObject\",\"inLanguage\":\"en-US\",\"@id\":\"https:\/\/www.mostkatowice.pl\/#\/schema\/person\/image\/\",\"url\":\"https:\/\/secure.gravatar.com\/avatar\/0829910999f53cf6d11ac530a4fef2adce4e075af6b930e8c124944b9034a213?s=96&d=mm&r=g\",\"contentUrl\":\"https:\/\/secure.gravatar.com\/avatar\/0829910999f53cf6d11ac530a4fef2adce4e075af6b930e8c124944b9034a213?s=96&d=mm&r=g\",\"caption\":\"Klaudia Rychter\"},\"url\":\"https:\/\/www.mostkatowice.pl\/en\/author\/klaudia\/\"}]}<\/script>\n<!-- \/ Yoast SEO plugin. -->","yoast_head_json":{"title":"Zapraszamy do II edycji Szko\u0142y Edukator\u00f3w Ekologicznych! - Stowarzyszenie MOST","robots":{"index":"index","follow":"follow","max-snippet":"max-snippet:-1","max-image-preview":"max-image-preview:large","max-video-preview":"max-video-preview:-1"},"canonical":"https:\/\/www.mostkatowice.pl\/en\/zapraszamy-do-ii-edycji-szkoly-edukatorow-ekologicznych\/","og_locale":"en_US","og_type":"article","og_title":"Zapraszamy do II edycji Szko\u0142y Edukator\u00f3w Ekologicznych! - Stowarzyszenie MOST","og_description":"Do\u0142\u0105cz do II edycji Szko\u0142y Edukator\u00f3w Ekologicznych! ZAPISY:&nbsp;Formularz zg\u0142oszeniowy: Szko\u0142a Edukator\u00f3w Ekologicznych &#8211; II edycjaSTART: 18 stycznia 2025Organizator: Stowarzyszenie MOST Nie przegap szansy na rozw\u00f3j i dzia\u0142ania na rzecz klimatu! Do\u0142\u0105cz do naszej Szko\u0142y Edukator\u00f3w Ekologicznych, aby zdoby\u0107 praktyczn\u0105 wiedz\u0119 oraz umiej\u0119tno\u015bci potrzebne do wspierania sprawiedliwej transformacji energetycznej i spo\u0142eczno-gospodarczej. Dlaczego warto? Podczas szkole\u0144:&#8211; Zrozumiesz, [&hellip;]","og_url":"https:\/\/www.mostkatowice.pl\/en\/zapraszamy-do-ii-edycji-szkoly-edukatorow-ekologicznych\/","og_site_name":"Stowarzyszenie MOST","article_publisher":"https:\/\/www.facebook.com\/mostkatowice","article_published_time":"2024-12-10T12:15:20+00:00","article_modified_time":"2024-12-17T11:49:18+00:00","og_image":[{"width":1920,"height":1080,"url":"http:\/\/www.mostkatowice.pl\/wp-content\/uploads\/2024\/12\/Plakat-SEE-2.png","type":"image\/png"}],"author":"Klaudia Rychter","twitter_card":"summary_large_image","twitter_misc":{"Written by":"Klaudia Rychter","Est. reading time":"3 minutes"},"schema":{"@context":"https:\/\/schema.org","@graph":[{"@type":"Article","@id":"https:\/\/www.mostkatowice.pl\/zapraszamy-do-ii-edycji-szkoly-edukatorow-ekologicznych\/#article","isPartOf":{"@id":"https:\/\/www.mostkatowice.pl\/zapraszamy-do-ii-edycji-szkoly-edukatorow-ekologicznych\/"},"author":{"name":"Klaudia Rychter","@id":"https:\/\/www.mostkatowice.pl\/#\/schema\/person\/602aafb7298590b75f4d5b08e70c8cff"},"headline":"Zapraszamy do II edycji Szko\u0142y Edukator\u00f3w Ekologicznych!","datePublished":"2024-12-10T12:15:20+00:00","dateModified":"2024-12-17T11:49:18+00:00","mainEntityOfPage":{"@id":"https:\/\/www.mostkatowice.pl\/zapraszamy-do-ii-edycji-szkoly-edukatorow-ekologicznych\/"},"wordCount":587,"publisher":{"@id":"https:\/\/www.mostkatowice.pl\/#organization"},"image":{"@id":"https:\/\/www.mostkatowice.pl\/zapraszamy-do-ii-edycji-szkoly-edukatorow-ekologicznych\/#primaryimage"},"thumbnailUrl":"https:\/\/www.mostkatowice.pl\/wp-content\/uploads\/2024\/12\/Plakat-SEE-2.png","keywords":["FunduszeEuropejskie","FunduszeUE","katowice","szkolenia"],"articleSection":["Aktualno\u015bci"],"inLanguage":"en-US"},{"@type":"WebPage","@id":"https:\/\/www.mostkatowice.pl\/zapraszamy-do-ii-edycji-szkoly-edukatorow-ekologicznych\/","url":"https:\/\/www.mostkatowice.pl\/zapraszamy-do-ii-edycji-szkoly-edukatorow-ekologicznych\/","name":"Zapraszamy do II edycji Szko\u0142y Edukator\u00f3w Ekologicznych! - Stowarzyszenie MOST","isPartOf":{"@id":"https:\/\/www.mostkatowice.pl\/#website"},"primaryImageOfPage":{"@id":"https:\/\/www.mostkatowice.pl\/zapraszamy-do-ii-edycji-szkoly-edukatorow-ekologicznych\/#primaryimage"},"image":{"@id":"https:\/\/www.mostkatowice.pl\/zapraszamy-do-ii-edycji-szkoly-edukatorow-ekologicznych\/#primaryimage"},"thumbnailUrl":"https:\/\/www.mostkatowice.pl\/wp-content\/uploads\/2024\/12\/Plakat-SEE-2.png","datePublished":"2024-12-10T12:15:20+00:00","dateModified":"2024-12-17T11:49:18+00:00","breadcrumb":{"@id":"https:\/\/www.mostkatowice.pl\/zapraszamy-do-ii-edycji-szkoly-edukatorow-ekologicznych\/#breadcrumb"},"inLanguage":"en-US","potentialAction":[{"@type":"ReadAction","target":["https:\/\/www.mostkatowice.pl\/zapraszamy-do-ii-edycji-szkoly-edukatorow-ekologicznych\/"]}]},{"@type":"ImageObject","inLanguage":"en-US","@id":"https:\/\/www.mostkatowice.pl\/zapraszamy-do-ii-edycji-szkoly-edukatorow-ekologicznych\/#primaryimage","url":"https:\/\/www.mostkatowice.pl\/wp-content\/uploads\/2024\/12\/Plakat-SEE-2.png","contentUrl":"https:\/\/www.mostkatowice.pl\/wp-content\/uploads\/2024\/12\/Plakat-SEE-2.png","width":1920,"height":1080,"caption":"Plakat informacyjny o cyklu szkole\u0144 w ramach \"Szko\u0142y Edukator\u00f3w Ekologicznych\", ich terminach oraz miejscu."},{"@type":"BreadcrumbList","@id":"https:\/\/www.mostkatowice.pl\/zapraszamy-do-ii-edycji-szkoly-edukatorow-ekologicznych\/#breadcrumb","itemListElement":[{"@type":"ListItem","position":1,"name":"Strona g\u0142\u00f3wna","item":"https:\/\/www.mostkatowice.pl\/"},{"@type":"ListItem","position":2,"name":"Zapraszamy do II edycji Szko\u0142y Edukator\u00f3w Ekologicznych!"}]},{"@type":"WebSite","@id":"https:\/\/www.mostkatowice.pl\/#website","url":"https:\/\/www.mostkatowice.pl\/","name":"Stowarzyszenie MOST","description":"Most \u0142\u0105czy","publisher":{"@id":"https:\/\/www.mostkatowice.pl\/#organization"},"potentialAction":[{"@type":"SearchAction","target":{"@type":"EntryPoint","urlTemplate":"https:\/\/www.mostkatowice.pl\/?s={search_term_string}"},"query-input":{"@type":"PropertyValueSpecification","valueRequired":true,"valueName":"search_term_string"}}],"inLanguage":"en-US"},{"@type":"Organization","@id":"https:\/\/www.mostkatowice.pl\/#organization","name":"Stowarzyszenie MOST","url":"https:\/\/www.mostkatowice.pl\/","logo":{"@type":"ImageObject","inLanguage":"en-US","@id":"https:\/\/www.mostkatowice.pl\/#\/schema\/logo\/image\/","url":"https:\/\/www.mostkatowice.pl\/wp-content\/uploads\/2022\/11\/cropped-cropped-cropped-MOST_Stowarzyszenie_Logo_RGB-03-4-e1667486323777.png","contentUrl":"https:\/\/www.mostkatowice.pl\/wp-content\/uploads\/2022\/11\/cropped-cropped-cropped-MOST_Stowarzyszenie_Logo_RGB-03-4-e1667486323777.png","width":128,"height":89,"caption":"Stowarzyszenie MOST"},"image":{"@id":"https:\/\/www.mostkatowice.pl\/#\/schema\/logo\/image\/"},"sameAs":["https:\/\/www.facebook.com\/mostkatowice","https:\/\/www.youtube.com\/@stowarzyszeniemost832"]},{"@type":"Person","@id":"https:\/\/www.mostkatowice.pl\/#\/schema\/person\/602aafb7298590b75f4d5b08e70c8cff","name":"Klaudia Rychter","image":{"@type":"ImageObject","inLanguage":"en-US","@id":"https:\/\/www.mostkatowice.pl\/#\/schema\/person\/image\/","url":"https:\/\/secure.gravatar.com\/avatar\/0829910999f53cf6d11ac530a4fef2adce4e075af6b930e8c124944b9034a213?s=96&d=mm&r=g","contentUrl":"https:\/\/secure.gravatar.com\/avatar\/0829910999f53cf6d11ac530a4fef2adce4e075af6b930e8c124944b9034a213?s=96&d=mm&r=g","caption":"Klaudia Rychter"},"url":"https:\/\/www.mostkatowice.pl\/en\/author\/klaudia\/"}]}},"_links":{"self":[{"href":"https:\/\/www.mostkatowice.pl\/en\/wp-json\/wp\/v2\/posts\/3714","targetHints":{"allow":["GET"]}}],"collection":[{"href":"https:\/\/www.mostkatowice.pl\/en\/wp-json\/wp\/v2\/posts"}],"about":[{"href":"https:\/\/www.mostkatowice.pl\/en\/wp-json\/wp\/v2\/types\/post"}],"author":[{"embeddable":true,"href":"https:\/\/www.mostkatowice.pl\/en\/wp-json\/wp\/v2\/users\/11"}],"replies":[{"embeddable":true,"href":"https:\/\/www.mostkatowice.pl\/en\/wp-json\/wp\/v2\/comments?post=3714"}],"version-history":[{"count":8,"href":"https:\/\/www.mostkatowice.pl\/en\/wp-json\/wp\/v2\/posts\/3714\/revisions"}],"predecessor-version":[{"id":3735,"href":"https:\/\/www.mostkatowice.pl\/en\/wp-json\/wp\/v2\/posts\/3714\/revisions\/3735"}],"wp:featuredmedia":[{"embeddable":true,"href":"https:\/\/www.mostkatowice.pl\/en\/wp-json\/wp\/v2\/media\/3716"}],"wp:attachment":[{"href":"https:\/\/www.mostkatowice.pl\/en\/wp-json\/wp\/v2\/media?parent=3714"}],"wp:term":[{"taxonomy":"category","embeddable":true,"href":"https:\/\/www.mostkatowice.pl\/en\/wp-json\/wp\/v2\/categories?post=3714"},{"taxonomy":"post_tag","embeddable":true,"href":"https:\/\/www.mostkatowice.pl\/en\/wp-json\/wp\/v2\/tags?post=3714"}],"curies":[{"name":"wp","href":"https:\/\/api.w.org\/{rel}","templated":true}]}}