{"id":3562,"date":"2024-04-01T15:25:00","date_gmt":"2024-04-01T13:25:00","guid":{"rendered":"https:\/\/www.mostkatowice.pl\/?p=3562"},"modified":"2025-04-30T11:54:47","modified_gmt":"2025-04-30T09:54:47","slug":"klub-inicjatyw-lokalnych-transformacja","status":"publish","type":"post","link":"https:\/\/www.mostkatowice.pl\/en\/klub-inicjatyw-lokalnych-transformacja\/","title":{"rendered":"Klub Inicjatyw Lokalnych &#8211; Transformacja"},"content":{"rendered":"<p>Celem projektu jest wspieranie mieszka\u0144c\u00f3w Mys\u0142owic w procesie sprawiedliwej transformacji i zmian klimatycznych. Projekt, trwaj\u0105cy od 01.04.2024 do 31.05.2026, skupia si\u0119 na zwi\u0119kszeniu akceptacji dla zmian i aktywno\u015bci spo\u0142ecznej, zw\u0142aszcza w\u015br\u00f3d senior\u00f3w, kobiet i m\u0142odzie\u017cy (15-29 lat).<\/p>\n\n\n\n<p>Cele s\u0105 zgodne z Terytorialnym Planem Sprawiedliwej Transformacji (TPST). Dzia\u0142ania obejmuj\u0105 integracj\u0119 mi\u0119dzypokoleniow\u0105, edukacj\u0119 ekologiczn\u0105, w\u0142\u0105czenie kobiet w transformacj\u0119 regionu oraz organizacj\u0119 10 lokalnych inicjatyw. Projekt wp\u0142ynie na wzrost \u015bwiadomo\u015bci i akceptacji zmian u co najmniej 100 os\u00f3b, w tym 70 kobiet.<\/p>\n\n\n\n<p>Sprawiedliwa Transformacja to proces zmiany rodzaju gospodarki z wysokoemisyjnej na zeroemisyjn\u0105 ze szczeg\u00f3lnym uwzgl\u0119dnieniem dobrostanu lokalnej spo\u0142eczno\u015bci pod wzgl\u0119dem ci\u0105g\u0142o\u015bci zatrudnienia i \u015brodowiska w kt\u00f3rym \u017cyj\u0105.<\/p>\n\n\n\n<h2 class=\"wp-block-heading\">Grupa docelowa:<\/h2>\n\n\n\n<p>Osoby zamieszkuj\u0105ce, ucz\u0105ce si\u0119, b\u0105d\u017a pracuj\u0105ce w Mys\u0142owicach, w szczeg\u00f3lno\u015bci ludzie m\u0142odzi, w wieku 15-29 lat i seniorzy 60+ oraz organizacje pozarz\u0105dowe.<\/p>\n\n\n\n<p>Realizacja projektu sfinansowana zostanie z Funduszy Europejskie dla \u015al\u0105skiego 2021-2027 -Fundusz na rzecz Sprawiedliwej Transformacji w kwocie 695 025,00 z\u0142 oraz z bud\u017cetu pa\u0144stwa &#8211; 77225,00 z\u0142.<\/p>\n\n\n\n<h2 class=\"wp-block-heading\">Planowane aktywno\u015bci:<\/h2>\n\n\n\n<ul class=\"wp-block-list\">\n<li>dzia\u0142ania z zakresu animacji spo\u0142ecznej dla procesu transformacji klimatycznej,<\/li>\n\n\n\n<li>dzia\u0142ania na rzecz w\u0142\u0105czenia kobiet w transformacj\u0119 regionu i rozwoju ich kompetencji menad\u017cerskich,<\/li>\n\n\n\n<li>dzia\u0142ania edukacyjne z zakresu zielonej gospodarki, ekologii oraz transformacji regionu,<\/li>\n\n\n\n<li>dzia\u0142ania w duchu integracji mi\u0119dzypokoleniowej,<\/li>\n\n\n\n<li>dzia\u0142anie na rzecz zachowania to\u017csamo\u015bci lokalnej i regionalnej oraz wi\u0119zi z histori\u0105 i dziedzictwem przemys\u0142owym,<\/li>\n\n\n\n<li>realizacja 10 inicjatyw lokalnych przygotowanych przez uczestnik\u00f3w projektu.<\/li>\n<\/ul>\n\n\n\n<h2 class=\"wp-block-heading\">Zaspokajane potrzeby:<\/h2>\n\n\n\n<ul class=\"wp-block-list\">\n<li> mo\u017cliwo\u015b\u0107 aktywnego sp\u0119dzenia czasu,<\/li>\n\n\n\n<li> integracja mi\u0119dzypokoleniowa,<\/li>\n\n\n\n<li> rozw\u00f3j umiej\u0119tno\u015bci mened\u017cerskich u kobiet,<\/li>\n\n\n\n<li> uczestnictwo bez wzgl\u0119du na \u201ezasobno\u015b\u0107 portfela\u201d,<\/li>\n\n\n\n<li> zwi\u0119kszenia ilo\u015bci inicjatyw realizowanych na terenie miasta,<\/li>\n\n\n\n<li> potrzeba realizacji zaj\u0119\u0107 dla senior\u00f3w w tym zaj\u0119\u0107 cyfrowych,<\/li>\n\n\n\n<li> wydarzenia integruj\u0105ce spo\u0142eczno\u015b\u0107 lokaln\u0105.<\/li>\n<\/ul>\n\n\n\n<h2 class=\"wp-block-heading\">Czas i miejsce akcji:<\/h2>\n\n\n\n<p>harmonogram b\u0119dzie ustalony wsp\u00f3lne z grup\u0105 (w tym w godzinach popo\u0142udniowych).Wi\u0119kszo\u015b\u0107 aktywno\u015bci b\u0119dzie inicjowana i przeprowadzana w siedzibie Klubu Inicjatyw Lokalnych \u2013 Transformacja przy ul. Bytomskiej 18d w Mys\u0142owicach<\/p>\n\n\n\n<p><strong>Efektem projektu<\/strong> b\u0119dzie wzrost \u015bwiadomo\u015bci spo\u0142ecznej dotycz\u0105cych zmian klimatycznych oraz proces\u00f3w transformacyjnych oraz wzrost akceptacji dla nich w\u015br\u00f3d 100 obj\u0119tych wsparciem os\u00f3b, w tym 70 kobiet i 30 m\u0119\u017cczyzn oraz ich otoczenia.<\/p>\n\n\n\n<p>Dodatkow\u0105 warto\u015bci\u0105 b\u0119dzie wzrost aktywno\u015bci spo\u0142ecznej poprzez realizacj\u0119 10 inicjatyw lokalnych organizowanych przez min 40 os.<\/p>\n\n\n\n<h2 class=\"wp-block-heading\"><strong>Zaplanowano nast\u0119puj\u0105ce dzia\u0142ania:<\/strong><\/h2>\n\n\n\n<ol start=\"1\" class=\"wp-block-list\">\n<li><strong>Spotkania integracyjne<\/strong>:\n<ul class=\"wp-block-list\">\n<li>Raz w miesi\u0105cu<\/li>\n\n\n\n<li>Okres trwania: 21 miesi\u0119cy<\/li>\n\n\n\n<li>Liczba zaj\u0119\u0107: <strong>21<\/strong><\/li>\n<\/ul>\n<\/li>\n\n\n\n<li><strong>Warsztaty dla senior\u00f3w<\/strong>:\n<ul class=\"wp-block-list\">\n<li>Co dwa tygodnie (2 godziny)<\/li>\n\n\n\n<li>Okres trwania: 21 miesi\u0119cy<\/li>\n\n\n\n<li>Liczba warsztat\u00f3w: <strong>42<\/strong><\/li>\n<\/ul>\n<\/li>\n\n\n\n<li><strong>Wydarzenia integracyjne podtrzymuj\u0105ce to\u017csamo\u015b\u0107<\/strong>:\n<ul class=\"wp-block-list\">\n<li>Raz w miesi\u0105cu<\/li>\n\n\n\n<li>Okres trwania: 21 miesi\u0119cy<\/li>\n\n\n\n<li>Liczba zaj\u0119\u0107: <strong>21<\/strong><\/li>\n<\/ul>\n<\/li>\n\n\n\n<li><strong>Zaj\u0119cia edukacyjne mi\u0119dzypokoleniowe<\/strong>:\n<ul class=\"wp-block-list\">\n<li>Dwa razy w miesi\u0105cu (po 4 godziny)<\/li>\n\n\n\n<li>Okres trwania: 21 miesi\u0119cy<\/li>\n\n\n\n<li>Liczba zaj\u0119\u0107: <strong>42<\/strong><\/li>\n<\/ul>\n<\/li>\n\n\n\n<li><strong>Zielone warsztaty<\/strong> (7 miesi\u0119cy):\n<ul class=\"wp-block-list\">\n<li>Dwa razy w miesi\u0105cu (3 godziny)<\/li>\n\n\n\n<li>Liczba warsztat\u00f3w:1<strong>4<\/strong><\/li>\n<\/ul>\n<\/li>\n\n\n\n<li><strong>Szkolenia edukacyjne<\/strong>:\n<ul class=\"wp-block-list\">\n<li>4 edycje po 4 dni<\/li>\n\n\n\n<li>Liczba zaj\u0119\u0107: <strong>16<\/strong><\/li>\n<\/ul>\n<\/li>\n\n\n\n<li><strong>Inicjatywy lokalne<\/strong>:\n<ul class=\"wp-block-list\">\n<li>10 inicjatyw (organizowane przez uczestnik\u00f3w)<\/li>\n\n\n\n<li>Liczba zaj\u0119\u0107: <strong>10<\/strong><\/li>\n<\/ul>\n<\/li>\n<\/ol>\n\n\n\n<h2 class=\"wp-block-heading\"><strong>Podsumowanie:<\/strong><\/h2>\n\n\n\n<ul class=\"wp-block-list\">\n<li>Spotkania integracyjne: <strong>21<\/strong><\/li>\n\n\n\n<li>Warsztaty dla senior\u00f3w: <strong>42<\/strong><\/li>\n\n\n\n<li>Wydarzenia integracyjne: <strong>21<\/strong><\/li>\n\n\n\n<li>Zaj\u0119cia edukacyjne mi\u0119dzypokoleniowe: <strong>42<\/strong><\/li>\n\n\n\n<li>Zielone warsztaty: <strong>14<\/strong><\/li>\n\n\n\n<li>Szkolenia edukacyjne: <strong>16<\/strong><\/li>\n\n\n\n<li>Inicjatywy lokalne: <strong>10<\/strong><\/li>\n<\/ul>\n\n\n\n<p>Szczeg\u00f3\u0142owa tematyka zaj\u0119\u0107 oraz inicjatyw uzgodniona b\u0119dzie z uczestnikami projektu.<\/p>\n\n\n\n<h2 class=\"wp-block-heading\"><strong>Okres realizacji projektu:<\/strong><\/h2>\n\n\n\n<p>01.08.2024 r. &#8211; 31.05.2026 r.<\/p>\n\n\n\n<p>Zapraszamy ch\u0119tnych do wsp\u00f3\u0142pracy codziennie w dni robocze, w godz. 8.00 &#8211; 16.00 do siedziby KIL przy ul. Bytomskiej 18d w Mys\u0142owicach<\/p>\n\n\n\n<p>Tel. 574&nbsp;910&nbsp;221<\/p>\n\n\n\n<p>e-mail: <a href=\"mailto:kil@mostkatowice.pl\">kil@mostkatowice.pl<\/a><\/p>\n\n\n\n<p>&nbsp;&nbsp;&nbsp;&nbsp;&nbsp; Fb:<a href=\"https:\/\/www.facebook.com\/KlubInicjatywLokalnych\">&nbsp;\/KlubInicjatywLokalnych<\/a><\/p>\n\n\n\n<h2 class=\"wp-block-heading\">Projekt jest zgodny z:<\/h2>\n\n\n\n<p>Kart\u0105 Praw Podstawowych Unii Europejskiej z dnia 26 pa\u017adziernika 2012 r. (Dz. Urz.<br>UE C 326 z 26.10.2012, str. 391),<br>Konwencj\u0105 o Prawach Os\u00f3b Niepe\u0142nosprawnych, sporz\u0105dzon\u0105 w Nowym<br>Jorku dnia 13 grudnia 2006 r. (Dz. U. z 2012 r. poz. 1169, z p\u00f3\u017an.zm.)<\/p>\n\n\n\n<p><\/p>\n\n\n\n<figure class=\"wp-block-image size-large\"><img fetchpriority=\"high\" decoding=\"async\" width=\"1024\" height=\"108\" src=\"http:\/\/www.mostkatowice.pl\/wp-content\/uploads\/2024\/10\/FE-SL-kolor-poziom-br2-1024x108.jpg\" alt=\"Logotypy dofinansowania. Pasek z logotypami od lewej strony przedstawia: logotyp programu operacyjnego Fundusze Europejskie dla \u015al\u0105skiego, Flag\u0119 Rzeczypospolitej Polskiej, logo Unii Europejskiej oraz herb Wojew\u00f3dztwa \u015al\u0105skiego\" class=\"wp-image-3545\" srcset=\"https:\/\/www.mostkatowice.pl\/wp-content\/uploads\/2024\/10\/FE-SL-kolor-poziom-br2-1024x108.jpg 1024w, https:\/\/www.mostkatowice.pl\/wp-content\/uploads\/2024\/10\/FE-SL-kolor-poziom-br2-300x32.jpg 300w, https:\/\/www.mostkatowice.pl\/wp-content\/uploads\/2024\/10\/FE-SL-kolor-poziom-br2-768x81.jpg 768w, https:\/\/www.mostkatowice.pl\/wp-content\/uploads\/2024\/10\/FE-SL-kolor-poziom-br2-1536x162.jpg 1536w, https:\/\/www.mostkatowice.pl\/wp-content\/uploads\/2024\/10\/FE-SL-kolor-poziom-br2-18x2.jpg 18w, https:\/\/www.mostkatowice.pl\/wp-content\/uploads\/2024\/10\/FE-SL-kolor-poziom-br2.jpg 2015w\" sizes=\"(max-width: 1024px) 100vw, 1024px\" \/><\/figure>","protected":false},"excerpt":{"rendered":"<p>Celem projektu jest wspieranie mieszka\u0144c\u00f3w Mys\u0142owic w procesie sprawiedliwej transformacji i zmian klimatycznych. Projekt, trwaj\u0105cy od 01.04.2024 do 31.05.2026, skupia si\u0119 na zwi\u0119kszeniu akceptacji dla zmian i aktywno\u015bci spo\u0142ecznej, zw\u0142aszcza w\u015br\u00f3d senior\u00f3w, kobiet i m\u0142odzie\u017cy (15-29 lat). Cele s\u0105 zgodne z Terytorialnym Planem Sprawiedliwej Transformacji (TPST). Dzia\u0142ania obejmuj\u0105 integracj\u0119 mi\u0119dzypokoleniow\u0105, edukacj\u0119 ekologiczn\u0105, w\u0142\u0105czenie kobiet w [&hellip;]<\/p>","protected":false},"author":2,"featured_media":3564,"comment_status":"closed","ping_status":"closed","sticky":false,"template":"","format":"standard","meta":{"om_disable_all_campaigns":false,"_monsterinsights_skip_tracking":false,"_monsterinsights_sitenote_active":false,"_monsterinsights_sitenote_note":"","_monsterinsights_sitenote_category":0,"_uf_show_specific_survey":0,"_uf_disable_surveys":false,"footnotes":""},"categories":[5,60],"tags":[],"class_list":["post-3562","post","type-post","status-publish","format-standard","has-post-thumbnail","hentry","category-aktualnosci","category-projekty"],"yoast_head":"<!-- This site is optimized with the Yoast SEO plugin v26.8 - https:\/\/yoast.com\/product\/yoast-seo-wordpress\/ -->\n<title>Klub Inicjatyw Lokalnych - Transformacja - Stowarzyszenie MOST<\/title>\n<meta name=\"robots\" content=\"index, follow, max-snippet:-1, max-image-preview:large, max-video-preview:-1\" \/>\n<link rel=\"canonical\" href=\"https:\/\/www.mostkatowice.pl\/en\/klub-inicjatyw-lokalnych-transformacja\/\" \/>\n<meta property=\"og:locale\" content=\"en_US\" \/>\n<meta property=\"og:type\" content=\"article\" \/>\n<meta property=\"og:title\" content=\"Klub Inicjatyw Lokalnych - Transformacja - Stowarzyszenie MOST\" \/>\n<meta property=\"og:description\" content=\"Celem projektu jest wspieranie mieszka\u0144c\u00f3w Mys\u0142owic w procesie sprawiedliwej transformacji i zmian klimatycznych. Projekt, trwaj\u0105cy od 01.04.2024 do 31.05.2026, skupia si\u0119 na zwi\u0119kszeniu akceptacji dla zmian i aktywno\u015bci spo\u0142ecznej, zw\u0142aszcza w\u015br\u00f3d senior\u00f3w, kobiet i m\u0142odzie\u017cy (15-29 lat). Cele s\u0105 zgodne z Terytorialnym Planem Sprawiedliwej Transformacji (TPST). Dzia\u0142ania obejmuj\u0105 integracj\u0119 mi\u0119dzypokoleniow\u0105, edukacj\u0119 ekologiczn\u0105, w\u0142\u0105czenie kobiet w [&hellip;]\" \/>\n<meta property=\"og:url\" content=\"https:\/\/www.mostkatowice.pl\/en\/klub-inicjatyw-lokalnych-transformacja\/\" \/>\n<meta property=\"og:site_name\" content=\"Stowarzyszenie MOST\" \/>\n<meta property=\"article:publisher\" content=\"https:\/\/www.facebook.com\/mostkatowice\" \/>\n<meta property=\"article:published_time\" content=\"2024-04-01T13:25:00+00:00\" \/>\n<meta property=\"article:modified_time\" content=\"2025-04-30T09:54:47+00:00\" \/>\n<meta property=\"og:image\" content=\"http:\/\/www.mostkatowice.pl\/wp-content\/uploads\/2024\/10\/LOGO-KIL-TRANSFORMACJA-fb.png\" \/>\n\t<meta property=\"og:image:width\" content=\"205\" \/>\n\t<meta property=\"og:image:height\" content=\"100\" \/>\n\t<meta property=\"og:image:type\" content=\"image\/png\" \/>\n<meta name=\"author\" content=\"Agnieszka\" \/>\n<meta name=\"twitter:card\" content=\"summary_large_image\" \/>\n<meta name=\"twitter:label1\" content=\"Written by\" \/>\n\t<meta name=\"twitter:data1\" content=\"Agnieszka\" \/>\n\t<meta name=\"twitter:label2\" content=\"Est. reading time\" \/>\n\t<meta name=\"twitter:data2\" content=\"4 minutes\" \/>\n<script type=\"application\/ld+json\" class=\"yoast-schema-graph\">{\"@context\":\"https:\/\/schema.org\",\"@graph\":[{\"@type\":\"Article\",\"@id\":\"https:\/\/www.mostkatowice.pl\/klub-inicjatyw-lokalnych-transformacja\/#article\",\"isPartOf\":{\"@id\":\"https:\/\/www.mostkatowice.pl\/klub-inicjatyw-lokalnych-transformacja\/\"},\"author\":{\"name\":\"Agnieszka\",\"@id\":\"https:\/\/www.mostkatowice.pl\/#\/schema\/person\/c9027b32e55f8461a32c15d6a45c6c88\"},\"headline\":\"Klub Inicjatyw Lokalnych &#8211; Transformacja\",\"datePublished\":\"2024-04-01T13:25:00+00:00\",\"dateModified\":\"2025-04-30T09:54:47+00:00\",\"mainEntityOfPage\":{\"@id\":\"https:\/\/www.mostkatowice.pl\/klub-inicjatyw-lokalnych-transformacja\/\"},\"wordCount\":632,\"publisher\":{\"@id\":\"https:\/\/www.mostkatowice.pl\/#organization\"},\"image\":{\"@id\":\"https:\/\/www.mostkatowice.pl\/klub-inicjatyw-lokalnych-transformacja\/#primaryimage\"},\"thumbnailUrl\":\"https:\/\/www.mostkatowice.pl\/wp-content\/uploads\/2024\/10\/LOGO-KIL-TRANSFORMACJA-fb.png\",\"articleSection\":[\"Aktualno\u015bci\",\"Projekty\"],\"inLanguage\":\"en-US\"},{\"@type\":\"WebPage\",\"@id\":\"https:\/\/www.mostkatowice.pl\/klub-inicjatyw-lokalnych-transformacja\/\",\"url\":\"https:\/\/www.mostkatowice.pl\/klub-inicjatyw-lokalnych-transformacja\/\",\"name\":\"Klub Inicjatyw Lokalnych - Transformacja - Stowarzyszenie MOST\",\"isPartOf\":{\"@id\":\"https:\/\/www.mostkatowice.pl\/#website\"},\"primaryImageOfPage\":{\"@id\":\"https:\/\/www.mostkatowice.pl\/klub-inicjatyw-lokalnych-transformacja\/#primaryimage\"},\"image\":{\"@id\":\"https:\/\/www.mostkatowice.pl\/klub-inicjatyw-lokalnych-transformacja\/#primaryimage\"},\"thumbnailUrl\":\"https:\/\/www.mostkatowice.pl\/wp-content\/uploads\/2024\/10\/LOGO-KIL-TRANSFORMACJA-fb.png\",\"datePublished\":\"2024-04-01T13:25:00+00:00\",\"dateModified\":\"2025-04-30T09:54:47+00:00\",\"breadcrumb\":{\"@id\":\"https:\/\/www.mostkatowice.pl\/klub-inicjatyw-lokalnych-transformacja\/#breadcrumb\"},\"inLanguage\":\"en-US\",\"potentialAction\":[{\"@type\":\"ReadAction\",\"target\":[\"https:\/\/www.mostkatowice.pl\/klub-inicjatyw-lokalnych-transformacja\/\"]}]},{\"@type\":\"ImageObject\",\"inLanguage\":\"en-US\",\"@id\":\"https:\/\/www.mostkatowice.pl\/klub-inicjatyw-lokalnych-transformacja\/#primaryimage\",\"url\":\"https:\/\/www.mostkatowice.pl\/wp-content\/uploads\/2024\/10\/LOGO-KIL-TRANSFORMACJA-fb.png\",\"contentUrl\":\"https:\/\/www.mostkatowice.pl\/wp-content\/uploads\/2024\/10\/LOGO-KIL-TRANSFORMACJA-fb.png\",\"width\":205,\"height\":100,\"caption\":\"Logotyp projektu Klub Inicjatyw Lokalnych - Transformacja\"},{\"@type\":\"BreadcrumbList\",\"@id\":\"https:\/\/www.mostkatowice.pl\/klub-inicjatyw-lokalnych-transformacja\/#breadcrumb\",\"itemListElement\":[{\"@type\":\"ListItem\",\"position\":1,\"name\":\"Strona g\u0142\u00f3wna\",\"item\":\"https:\/\/www.mostkatowice.pl\/\"},{\"@type\":\"ListItem\",\"position\":2,\"name\":\"Klub Inicjatyw Lokalnych &#8211; Transformacja\"}]},{\"@type\":\"WebSite\",\"@id\":\"https:\/\/www.mostkatowice.pl\/#website\",\"url\":\"https:\/\/www.mostkatowice.pl\/\",\"name\":\"Stowarzyszenie MOST\",\"description\":\"Most \u0142\u0105czy\",\"publisher\":{\"@id\":\"https:\/\/www.mostkatowice.pl\/#organization\"},\"potentialAction\":[{\"@type\":\"SearchAction\",\"target\":{\"@type\":\"EntryPoint\",\"urlTemplate\":\"https:\/\/www.mostkatowice.pl\/?s={search_term_string}\"},\"query-input\":{\"@type\":\"PropertyValueSpecification\",\"valueRequired\":true,\"valueName\":\"search_term_string\"}}],\"inLanguage\":\"en-US\"},{\"@type\":\"Organization\",\"@id\":\"https:\/\/www.mostkatowice.pl\/#organization\",\"name\":\"Stowarzyszenie MOST\",\"url\":\"https:\/\/www.mostkatowice.pl\/\",\"logo\":{\"@type\":\"ImageObject\",\"inLanguage\":\"en-US\",\"@id\":\"https:\/\/www.mostkatowice.pl\/#\/schema\/logo\/image\/\",\"url\":\"https:\/\/www.mostkatowice.pl\/wp-content\/uploads\/2022\/11\/cropped-cropped-cropped-MOST_Stowarzyszenie_Logo_RGB-03-4-e1667486323777.png\",\"contentUrl\":\"https:\/\/www.mostkatowice.pl\/wp-content\/uploads\/2022\/11\/cropped-cropped-cropped-MOST_Stowarzyszenie_Logo_RGB-03-4-e1667486323777.png\",\"width\":128,\"height\":89,\"caption\":\"Stowarzyszenie MOST\"},\"image\":{\"@id\":\"https:\/\/www.mostkatowice.pl\/#\/schema\/logo\/image\/\"},\"sameAs\":[\"https:\/\/www.facebook.com\/mostkatowice\",\"https:\/\/www.youtube.com\/@stowarzyszeniemost832\"]},{\"@type\":\"Person\",\"@id\":\"https:\/\/www.mostkatowice.pl\/#\/schema\/person\/c9027b32e55f8461a32c15d6a45c6c88\",\"name\":\"Agnieszka\",\"image\":{\"@type\":\"ImageObject\",\"inLanguage\":\"en-US\",\"@id\":\"https:\/\/www.mostkatowice.pl\/#\/schema\/person\/image\/\",\"url\":\"https:\/\/secure.gravatar.com\/avatar\/617166231e71f18303396375234f5ce451782dafb8e172fe30a510b70e1d7848?s=96&d=mm&r=g\",\"contentUrl\":\"https:\/\/secure.gravatar.com\/avatar\/617166231e71f18303396375234f5ce451782dafb8e172fe30a510b70e1d7848?s=96&d=mm&r=g\",\"caption\":\"Agnieszka\"},\"url\":\"https:\/\/www.mostkatowice.pl\/en\/author\/agnieszka\/\"}]}<\/script>\n<!-- \/ Yoast SEO plugin. -->","yoast_head_json":{"title":"Klub Inicjatyw Lokalnych - Transformacja - Stowarzyszenie MOST","robots":{"index":"index","follow":"follow","max-snippet":"max-snippet:-1","max-image-preview":"max-image-preview:large","max-video-preview":"max-video-preview:-1"},"canonical":"https:\/\/www.mostkatowice.pl\/en\/klub-inicjatyw-lokalnych-transformacja\/","og_locale":"en_US","og_type":"article","og_title":"Klub Inicjatyw Lokalnych - Transformacja - Stowarzyszenie MOST","og_description":"Celem projektu jest wspieranie mieszka\u0144c\u00f3w Mys\u0142owic w procesie sprawiedliwej transformacji i zmian klimatycznych. Projekt, trwaj\u0105cy od 01.04.2024 do 31.05.2026, skupia si\u0119 na zwi\u0119kszeniu akceptacji dla zmian i aktywno\u015bci spo\u0142ecznej, zw\u0142aszcza w\u015br\u00f3d senior\u00f3w, kobiet i m\u0142odzie\u017cy (15-29 lat). Cele s\u0105 zgodne z Terytorialnym Planem Sprawiedliwej Transformacji (TPST). Dzia\u0142ania obejmuj\u0105 integracj\u0119 mi\u0119dzypokoleniow\u0105, edukacj\u0119 ekologiczn\u0105, w\u0142\u0105czenie kobiet w [&hellip;]","og_url":"https:\/\/www.mostkatowice.pl\/en\/klub-inicjatyw-lokalnych-transformacja\/","og_site_name":"Stowarzyszenie MOST","article_publisher":"https:\/\/www.facebook.com\/mostkatowice","article_published_time":"2024-04-01T13:25:00+00:00","article_modified_time":"2025-04-30T09:54:47+00:00","og_image":[{"width":205,"height":100,"url":"http:\/\/www.mostkatowice.pl\/wp-content\/uploads\/2024\/10\/LOGO-KIL-TRANSFORMACJA-fb.png","type":"image\/png"}],"author":"Agnieszka","twitter_card":"summary_large_image","twitter_misc":{"Written by":"Agnieszka","Est. reading time":"4 minutes"},"schema":{"@context":"https:\/\/schema.org","@graph":[{"@type":"Article","@id":"https:\/\/www.mostkatowice.pl\/klub-inicjatyw-lokalnych-transformacja\/#article","isPartOf":{"@id":"https:\/\/www.mostkatowice.pl\/klub-inicjatyw-lokalnych-transformacja\/"},"author":{"name":"Agnieszka","@id":"https:\/\/www.mostkatowice.pl\/#\/schema\/person\/c9027b32e55f8461a32c15d6a45c6c88"},"headline":"Klub Inicjatyw Lokalnych &#8211; Transformacja","datePublished":"2024-04-01T13:25:00+00:00","dateModified":"2025-04-30T09:54:47+00:00","mainEntityOfPage":{"@id":"https:\/\/www.mostkatowice.pl\/klub-inicjatyw-lokalnych-transformacja\/"},"wordCount":632,"publisher":{"@id":"https:\/\/www.mostkatowice.pl\/#organization"},"image":{"@id":"https:\/\/www.mostkatowice.pl\/klub-inicjatyw-lokalnych-transformacja\/#primaryimage"},"thumbnailUrl":"https:\/\/www.mostkatowice.pl\/wp-content\/uploads\/2024\/10\/LOGO-KIL-TRANSFORMACJA-fb.png","articleSection":["Aktualno\u015bci","Projekty"],"inLanguage":"en-US"},{"@type":"WebPage","@id":"https:\/\/www.mostkatowice.pl\/klub-inicjatyw-lokalnych-transformacja\/","url":"https:\/\/www.mostkatowice.pl\/klub-inicjatyw-lokalnych-transformacja\/","name":"Klub Inicjatyw Lokalnych - Transformacja - Stowarzyszenie MOST","isPartOf":{"@id":"https:\/\/www.mostkatowice.pl\/#website"},"primaryImageOfPage":{"@id":"https:\/\/www.mostkatowice.pl\/klub-inicjatyw-lokalnych-transformacja\/#primaryimage"},"image":{"@id":"https:\/\/www.mostkatowice.pl\/klub-inicjatyw-lokalnych-transformacja\/#primaryimage"},"thumbnailUrl":"https:\/\/www.mostkatowice.pl\/wp-content\/uploads\/2024\/10\/LOGO-KIL-TRANSFORMACJA-fb.png","datePublished":"2024-04-01T13:25:00+00:00","dateModified":"2025-04-30T09:54:47+00:00","breadcrumb":{"@id":"https:\/\/www.mostkatowice.pl\/klub-inicjatyw-lokalnych-transformacja\/#breadcrumb"},"inLanguage":"en-US","potentialAction":[{"@type":"ReadAction","target":["https:\/\/www.mostkatowice.pl\/klub-inicjatyw-lokalnych-transformacja\/"]}]},{"@type":"ImageObject","inLanguage":"en-US","@id":"https:\/\/www.mostkatowice.pl\/klub-inicjatyw-lokalnych-transformacja\/#primaryimage","url":"https:\/\/www.mostkatowice.pl\/wp-content\/uploads\/2024\/10\/LOGO-KIL-TRANSFORMACJA-fb.png","contentUrl":"https:\/\/www.mostkatowice.pl\/wp-content\/uploads\/2024\/10\/LOGO-KIL-TRANSFORMACJA-fb.png","width":205,"height":100,"caption":"Logotyp projektu Klub Inicjatyw Lokalnych - Transformacja"},{"@type":"BreadcrumbList","@id":"https:\/\/www.mostkatowice.pl\/klub-inicjatyw-lokalnych-transformacja\/#breadcrumb","itemListElement":[{"@type":"ListItem","position":1,"name":"Strona g\u0142\u00f3wna","item":"https:\/\/www.mostkatowice.pl\/"},{"@type":"ListItem","position":2,"name":"Klub Inicjatyw Lokalnych &#8211; Transformacja"}]},{"@type":"WebSite","@id":"https:\/\/www.mostkatowice.pl\/#website","url":"https:\/\/www.mostkatowice.pl\/","name":"Stowarzyszenie MOST","description":"Most \u0142\u0105czy","publisher":{"@id":"https:\/\/www.mostkatowice.pl\/#organization"},"potentialAction":[{"@type":"SearchAction","target":{"@type":"EntryPoint","urlTemplate":"https:\/\/www.mostkatowice.pl\/?s={search_term_string}"},"query-input":{"@type":"PropertyValueSpecification","valueRequired":true,"valueName":"search_term_string"}}],"inLanguage":"en-US"},{"@type":"Organization","@id":"https:\/\/www.mostkatowice.pl\/#organization","name":"Stowarzyszenie MOST","url":"https:\/\/www.mostkatowice.pl\/","logo":{"@type":"ImageObject","inLanguage":"en-US","@id":"https:\/\/www.mostkatowice.pl\/#\/schema\/logo\/image\/","url":"https:\/\/www.mostkatowice.pl\/wp-content\/uploads\/2022\/11\/cropped-cropped-cropped-MOST_Stowarzyszenie_Logo_RGB-03-4-e1667486323777.png","contentUrl":"https:\/\/www.mostkatowice.pl\/wp-content\/uploads\/2022\/11\/cropped-cropped-cropped-MOST_Stowarzyszenie_Logo_RGB-03-4-e1667486323777.png","width":128,"height":89,"caption":"Stowarzyszenie MOST"},"image":{"@id":"https:\/\/www.mostkatowice.pl\/#\/schema\/logo\/image\/"},"sameAs":["https:\/\/www.facebook.com\/mostkatowice","https:\/\/www.youtube.com\/@stowarzyszeniemost832"]},{"@type":"Person","@id":"https:\/\/www.mostkatowice.pl\/#\/schema\/person\/c9027b32e55f8461a32c15d6a45c6c88","name":"Agnieszka","image":{"@type":"ImageObject","inLanguage":"en-US","@id":"https:\/\/www.mostkatowice.pl\/#\/schema\/person\/image\/","url":"https:\/\/secure.gravatar.com\/avatar\/617166231e71f18303396375234f5ce451782dafb8e172fe30a510b70e1d7848?s=96&d=mm&r=g","contentUrl":"https:\/\/secure.gravatar.com\/avatar\/617166231e71f18303396375234f5ce451782dafb8e172fe30a510b70e1d7848?s=96&d=mm&r=g","caption":"Agnieszka"},"url":"https:\/\/www.mostkatowice.pl\/en\/author\/agnieszka\/"}]}},"_links":{"self":[{"href":"https:\/\/www.mostkatowice.pl\/en\/wp-json\/wp\/v2\/posts\/3562","targetHints":{"allow":["GET"]}}],"collection":[{"href":"https:\/\/www.mostkatowice.pl\/en\/wp-json\/wp\/v2\/posts"}],"about":[{"href":"https:\/\/www.mostkatowice.pl\/en\/wp-json\/wp\/v2\/types\/post"}],"author":[{"embeddable":true,"href":"https:\/\/www.mostkatowice.pl\/en\/wp-json\/wp\/v2\/users\/2"}],"replies":[{"embeddable":true,"href":"https:\/\/www.mostkatowice.pl\/en\/wp-json\/wp\/v2\/comments?post=3562"}],"version-history":[{"count":6,"href":"https:\/\/www.mostkatowice.pl\/en\/wp-json\/wp\/v2\/posts\/3562\/revisions"}],"predecessor-version":[{"id":4396,"href":"https:\/\/www.mostkatowice.pl\/en\/wp-json\/wp\/v2\/posts\/3562\/revisions\/4396"}],"wp:featuredmedia":[{"embeddable":true,"href":"https:\/\/www.mostkatowice.pl\/en\/wp-json\/wp\/v2\/media\/3564"}],"wp:attachment":[{"href":"https:\/\/www.mostkatowice.pl\/en\/wp-json\/wp\/v2\/media?parent=3562"}],"wp:term":[{"taxonomy":"category","embeddable":true,"href":"https:\/\/www.mostkatowice.pl\/en\/wp-json\/wp\/v2\/categories?post=3562"},{"taxonomy":"post_tag","embeddable":true,"href":"https:\/\/www.mostkatowice.pl\/en\/wp-json\/wp\/v2\/tags?post=3562"}],"curies":[{"name":"wp","href":"https:\/\/api.w.org\/{rel}","templated":true}]}}