{"id":3558,"date":"2024-10-16T15:08:17","date_gmt":"2024-10-16T13:08:17","guid":{"rendered":"https:\/\/www.mostkatowice.pl\/?p=3558"},"modified":"2025-03-05T14:39:04","modified_gmt":"2025-03-05T12:39:04","slug":"zapraszamy-do-udzialu-w-projekcie-seniorze-wspolpracujemy","status":"publish","type":"post","link":"https:\/\/www.mostkatowice.pl\/en\/zapraszamy-do-udzialu-w-projekcie-seniorze-wspolpracujemy\/","title":{"rendered":"Zapraszamy do udzia\u0142u w projekcie \u201eSeniorze wsp\u00f3\u0142pracujeMY\u201d"},"content":{"rendered":"<p><strong>Jeste\u015b aktywnym seniorem, dzia\u0142asz w organizacji pozarz\u0105dowej, klubie seniora, klubie inicjatyw&nbsp;<\/strong><strong>lub w innej formie \u2013 DO\u0141\u0104CZ DO NAS!<\/strong><\/p>\n\n\n\n<p>Zapraszamy do udzia\u0142u w projekcie&nbsp;<strong>\u201eSeniorze wsp\u00f3\u0142pracujemy\u201d<\/strong>&nbsp;dofinansowanym ze \u015brodk\u00f3w rz\u0105dowego programu wieloletniego na rzecz Os\u00f3b Starszych Aktywni+ na lata 2021-2025, Edycja 2024.<\/p>\n\n\n\n<p>W ramach projektu zapraszamy na&nbsp;<strong>szkolenia i seminaria<\/strong>&nbsp;dla os\u00f3b starszych, omawiaj\u0105ce poszczeg\u00f3lne formy&nbsp;aktywno\u015bci, w jakich mog\u0105 partycypowa\u0107 osoby starsze. Spotkania s\u0105 po\u015bwi\u0119cone nast\u0119puj\u0105cym tematom:<\/p>\n\n\n\n<p><strong>1) 15.10.2024 godz. 11.00 -14.30:&nbsp;<\/strong><strong>Jak osoba starsza mo\u017ce wsp\u00f3\u0142pracowa\u0107 z organizacjami pozarz\u0105dowymi \u2013 prawa i obowi\u0105zki wynikaj\u0105ce z&nbsp;<\/strong><strong>r\u00f3\u017cnych form wsp\u00f3\u0142pracy<\/strong>&nbsp;(np. wolontariat, zlecenie, wsp\u00f3\u0142praca niesformalizowana, itp.) \u2013 prowadz\u0105ca: Beata \u0141agocka<\/p>\n\n\n\n<p>\u27a1 Mys\u0142owice ul. Grunwaldzka 8; Urban Lab<\/p>\n\n\n\n<p><strong>2) 23.10.2024 godz. 11.00 \u2013 14.30:&nbsp;<\/strong><strong>Jak za\u0142o\u017cy\u0107 klub seniora?&nbsp;<\/strong>\u2013 prowadz\u0105cy: Krzysztof Ho\u0142y\u0144ski<\/p>\n\n\n\n<p>\u27a1 Mys\u0142owice ul. Grunwaldzka 8; Urban Lab<\/p>\n\n\n\n<p><strong>3) 12.11.2024 godz. 11.00 \u2013 14.30: Czym s\u0105 i jak dzia\u0142aj\u0105 Rady Senior\u00f3w?&nbsp;<\/strong>Jak mo\u017cna z nimi wsp\u00f3\u0142pracowa\u0107? Czym s\u0105 konsultacje spo\u0142eczne i inne&nbsp;formy wsp\u00f3\u0142pracy miasta z osobami starszymi (np. inicjatywy lokalne, bud\u017cety obywatelskie, itp.). \u2013 prowadz\u0105cy: Krzysztof Ho\u0142y\u0144ski<\/p>\n\n\n\n<p>\u27a1 Katowice, ul. Kopernika 14, Centrum Organizacji Pozarz\u0105dowych<\/p>\n\n\n\n<p><strong>4) 19.11.2024 godz. 11.00 \u2013 14.30:&nbsp;<\/strong><strong>Zak\u0142adanie organizacji pozarz\u0105dowych przez osoby starsze<\/strong>&nbsp;\u2013 formy prawne, prawa i obowi\u0105zki zarz\u0105d\u00f3w&nbsp;organizacji? Gdzie szuka\u0107 pomocy w GZM? \u2013 prowadz\u0105ca: Agnieszka Budzy\u0144ska<\/p>\n\n\n\n<p>\u27a1Katowice, ul. Kopernika 14, Centrum Organizacji Pozarz\u0105dowych<\/p>\n\n\n\n<p>__________________________________________________________<\/p>\n\n\n\n<p>Zapraszamy r\u00f3wnie\u017c na&nbsp;<strong>szkolenia buduj\u0105ce wiedz\u0119 z zakresu nowych technologii<\/strong>&nbsp;i narz\u0119dzi pomagaj\u0105cych we wsp\u00f3\u0142pracy i samoorganizacji spo\u0142ecznej:<\/p>\n\n\n\n<p><br><strong>1) 5.11.2024 godz. 10.00 \u2013 15.00: Promocja partycypacji os\u00f3b 60+,&nbsp;<\/strong>w tym&nbsp;podstawy graficznego programu Canva oraz Facebook&nbsp;\u2013 prowadz\u0105ca: Monika Fedeli\u0144ska<\/p>\n\n\n\n<p>\u27a1 Katowice, ul. Kopernika 14, Centrum Organizacji Pozarz\u0105dowych<\/p>\n\n\n\n<p><strong>2) 5.11.2024 godz. 11.00 \u2013 16.00: Pozyskiwanie \u015brodk\u00f3w na dzia\u0142ania dla os\u00f3b starszych<\/strong>&nbsp;przez r\u00f3\u017cne podmioty prawne, w tym organizacje zrzeszaj\u0105ce osoby starsze i rady senior\u00f3w \u2013 prowadz\u0105ca: Katarzyna Ignaczak<\/p>\n\n\n\n<p>\u27a1 Katowice, ul. Piast\u00f3w 8<\/p>\n\n\n\n<p><strong>3) 8.11.2024 godz. 10.00 \u2013 15.00: Efektywna wsp\u00f3\u0142praca i wymiana informacji os\u00f3b starszych<\/strong>&nbsp;pomi\u0119dzy sob\u0105, z wykorzystaniem nieodp\u0142atnych narz\u0119dzi do pracy zespo\u0142owej np. google workplace \u2013 prowadz\u0105ca: Agnieszka Budzy\u0144ska<\/p>\n\n\n\n<p>\u27a1 Katowice, ul. Kopernika 14, Centrum Organizacji Pozarz\u0105dowych<\/p>\n\n\n\n<p><strong>4) 16.11.2024 godz. 10.00 \u2013 15.00 Wyszukiwanie informacji w internecie<\/strong>,&nbsp;ze szczeg\u00f3lnym naciskiem na informacje dotycz\u0105ce konsultacji spo\u0142ecznych&nbsp;z mieszka\u0144cami, bud\u017cet\u00f3w obywatelskich i innych form partycypacji spo\u0142ecznej \u2013 prowadz\u0105cy: Artur Wiercioch<\/p>\n\n\n\n<p>\u27a1 siedziba Stowarzyszenia Otwarte Miasto, Zabrze, ul. Dworcowa 5\/4<\/p>\n\n\n\n<p>Zapraszamy tak\u017ce do udzia\u0142u w 4-dniowym warsztacie wyjazdowym w dniach 25-28 pa\u017adziernika 2024 (miejsce: Korbiel\u00f3w). Na warsztatach b\u0119dziemy pracowa\u0107 m. in. nad sieciowaniem. Efektem naszej pracy b\u0119d\u0105 r\u00f3wnie\u017c 4 pomys\u0142y na inicjatywy spo\u0142eczne do zrealizowania wsp\u00f3lnie z radami senior\u00f3w, klubami seniora oraz organizacjami pozarz\u0105dowymi dzia\u0142aj\u0105cymi na rzecz senior\u00f3w.&nbsp;<\/p>\n\n\n\n<p><strong>Wi\u0119cej informacji:<\/strong><\/p>\n\n\n\n<p><strong>Tel. 730-006-855&nbsp;<br>Kontakt:<\/strong>&nbsp;Beata \u0141agocka, b.lagocka@mostkatowice.pl<\/p>\n\n\n\n<p>Liczba miejsc ograniczona \u2013 decyduje kolejno\u015b\u0107 zapis\u00f3w.<\/p>\n\n\n\n<p>Zg\u0142oszenia s\u0105 przyjmowane&nbsp;<a href=\"https:\/\/tiny.pl\/yy4vh5c8\" target=\"_blank\" rel=\"noreferrer noopener\">przez formularz<\/a>:&nbsp;<a href=\"https:\/\/tiny.pl\/yy4vh5c8\">https:\/\/tiny.pl\/yy4vh5c8<\/a><\/p>","protected":false},"excerpt":{"rendered":"<p>Jeste\u015b aktywnym seniorem, dzia\u0142asz w organizacji pozarz\u0105dowej, klubie seniora, klubie inicjatyw&nbsp;lub w innej formie \u2013 DO\u0141\u0104CZ DO NAS! Zapraszamy do udzia\u0142u w projekcie&nbsp;\u201eSeniorze wsp\u00f3\u0142pracujemy\u201d&nbsp;dofinansowanym ze \u015brodk\u00f3w rz\u0105dowego programu wieloletniego na rzecz Os\u00f3b Starszych Aktywni+ na lata 2021-2025, Edycja 2024. W ramach projektu zapraszamy na&nbsp;szkolenia i seminaria&nbsp;dla os\u00f3b starszych, omawiaj\u0105ce poszczeg\u00f3lne formy&nbsp;aktywno\u015bci, w jakich mog\u0105 partycypowa\u0107 [&hellip;]<\/p>","protected":false},"author":2,"featured_media":4037,"comment_status":"closed","ping_status":"closed","sticky":false,"template":"","format":"standard","meta":{"om_disable_all_campaigns":false,"_monsterinsights_skip_tracking":false,"_monsterinsights_sitenote_active":false,"_monsterinsights_sitenote_note":"","_monsterinsights_sitenote_category":0,"_uf_show_specific_survey":0,"_uf_disable_surveys":false,"footnotes":""},"categories":[5],"tags":[35,16,14,42,41,36,9,8,37],"class_list":["post-3558","post","type-post","status-publish","format-standard","has-post-thumbnail","hentry","category-aktualnosci","tag-aktywni","tag-inicjatywa","tag-katowice","tag-myslowice","tag-rada-seniorow","tag-seniorzy","tag-szkolenia","tag-warsztaty","tag-zabrze"],"yoast_head":"<!-- This site is optimized with the Yoast SEO plugin v26.8 - https:\/\/yoast.com\/product\/yoast-seo-wordpress\/ -->\n<title>Zapraszamy do udzia\u0142u w projekcie \u201eSeniorze wsp\u00f3\u0142pracujeMY\u201d - Stowarzyszenie MOST<\/title>\n<meta name=\"robots\" content=\"index, follow, max-snippet:-1, max-image-preview:large, max-video-preview:-1\" \/>\n<link rel=\"canonical\" href=\"https:\/\/www.mostkatowice.pl\/en\/zapraszamy-do-udzialu-w-projekcie-seniorze-wspolpracujemy\/\" \/>\n<meta property=\"og:locale\" content=\"en_US\" \/>\n<meta property=\"og:type\" content=\"article\" \/>\n<meta property=\"og:title\" content=\"Zapraszamy do udzia\u0142u w projekcie \u201eSeniorze wsp\u00f3\u0142pracujeMY\u201d - Stowarzyszenie MOST\" \/>\n<meta property=\"og:description\" content=\"Jeste\u015b aktywnym seniorem, dzia\u0142asz w organizacji pozarz\u0105dowej, klubie seniora, klubie inicjatyw&nbsp;lub w innej formie \u2013 DO\u0141\u0104CZ DO NAS! Zapraszamy do udzia\u0142u w projekcie&nbsp;\u201eSeniorze wsp\u00f3\u0142pracujemy\u201d&nbsp;dofinansowanym ze \u015brodk\u00f3w rz\u0105dowego programu wieloletniego na rzecz Os\u00f3b Starszych Aktywni+ na lata 2021-2025, Edycja 2024. W ramach projektu zapraszamy na&nbsp;szkolenia i seminaria&nbsp;dla os\u00f3b starszych, omawiaj\u0105ce poszczeg\u00f3lne formy&nbsp;aktywno\u015bci, w jakich mog\u0105 partycypowa\u0107 [&hellip;]\" \/>\n<meta property=\"og:url\" content=\"https:\/\/www.mostkatowice.pl\/en\/zapraszamy-do-udzialu-w-projekcie-seniorze-wspolpracujemy\/\" \/>\n<meta property=\"og:site_name\" content=\"Stowarzyszenie MOST\" \/>\n<meta property=\"article:publisher\" content=\"https:\/\/www.facebook.com\/mostkatowice\" \/>\n<meta property=\"article:published_time\" content=\"2024-10-16T13:08:17+00:00\" \/>\n<meta property=\"article:modified_time\" content=\"2025-03-05T12:39:04+00:00\" \/>\n<meta property=\"og:image\" content=\"http:\/\/www.mostkatowice.pl\/wp-content\/uploads\/2024\/10\/plakat-aktywni.jpg\" \/>\n\t<meta property=\"og:image:width\" content=\"940\" \/>\n\t<meta property=\"og:image:height\" content=\"788\" \/>\n\t<meta property=\"og:image:type\" content=\"image\/jpeg\" \/>\n<meta name=\"author\" content=\"Agnieszka\" \/>\n<meta name=\"twitter:card\" content=\"summary_large_image\" \/>\n<meta name=\"twitter:label1\" content=\"Written by\" \/>\n\t<meta name=\"twitter:data1\" content=\"Agnieszka\" \/>\n\t<meta name=\"twitter:label2\" content=\"Est. reading time\" \/>\n\t<meta name=\"twitter:data2\" content=\"3 minutes\" \/>\n<script type=\"application\/ld+json\" class=\"yoast-schema-graph\">{\"@context\":\"https:\/\/schema.org\",\"@graph\":[{\"@type\":\"Article\",\"@id\":\"https:\/\/www.mostkatowice.pl\/zapraszamy-do-udzialu-w-projekcie-seniorze-wspolpracujemy\/#article\",\"isPartOf\":{\"@id\":\"https:\/\/www.mostkatowice.pl\/zapraszamy-do-udzialu-w-projekcie-seniorze-wspolpracujemy\/\"},\"author\":{\"name\":\"Agnieszka\",\"@id\":\"https:\/\/www.mostkatowice.pl\/#\/schema\/person\/c9027b32e55f8461a32c15d6a45c6c88\"},\"headline\":\"Zapraszamy do udzia\u0142u w projekcie \u201eSeniorze wsp\u00f3\u0142pracujeMY\u201d\",\"datePublished\":\"2024-10-16T13:08:17+00:00\",\"dateModified\":\"2025-03-05T12:39:04+00:00\",\"mainEntityOfPage\":{\"@id\":\"https:\/\/www.mostkatowice.pl\/zapraszamy-do-udzialu-w-projekcie-seniorze-wspolpracujemy\/\"},\"wordCount\":524,\"publisher\":{\"@id\":\"https:\/\/www.mostkatowice.pl\/#organization\"},\"image\":{\"@id\":\"https:\/\/www.mostkatowice.pl\/zapraszamy-do-udzialu-w-projekcie-seniorze-wspolpracujemy\/#primaryimage\"},\"thumbnailUrl\":\"https:\/\/www.mostkatowice.pl\/wp-content\/uploads\/2024\/10\/plakat-aktywni.jpg\",\"keywords\":[\"Aktywni+\",\"inicjatywa\",\"katowice\",\"Mys\u0142owice\",\"Rada Senior\u00f3w\",\"seniorzy\",\"szkolenia\",\"warsztaty\",\"zabrze\"],\"articleSection\":[\"Aktualno\u015bci\"],\"inLanguage\":\"en-US\"},{\"@type\":\"WebPage\",\"@id\":\"https:\/\/www.mostkatowice.pl\/zapraszamy-do-udzialu-w-projekcie-seniorze-wspolpracujemy\/\",\"url\":\"https:\/\/www.mostkatowice.pl\/zapraszamy-do-udzialu-w-projekcie-seniorze-wspolpracujemy\/\",\"name\":\"Zapraszamy do udzia\u0142u w projekcie \u201eSeniorze wsp\u00f3\u0142pracujeMY\u201d - Stowarzyszenie MOST\",\"isPartOf\":{\"@id\":\"https:\/\/www.mostkatowice.pl\/#website\"},\"primaryImageOfPage\":{\"@id\":\"https:\/\/www.mostkatowice.pl\/zapraszamy-do-udzialu-w-projekcie-seniorze-wspolpracujemy\/#primaryimage\"},\"image\":{\"@id\":\"https:\/\/www.mostkatowice.pl\/zapraszamy-do-udzialu-w-projekcie-seniorze-wspolpracujemy\/#primaryimage\"},\"thumbnailUrl\":\"https:\/\/www.mostkatowice.pl\/wp-content\/uploads\/2024\/10\/plakat-aktywni.jpg\",\"datePublished\":\"2024-10-16T13:08:17+00:00\",\"dateModified\":\"2025-03-05T12:39:04+00:00\",\"breadcrumb\":{\"@id\":\"https:\/\/www.mostkatowice.pl\/zapraszamy-do-udzialu-w-projekcie-seniorze-wspolpracujemy\/#breadcrumb\"},\"inLanguage\":\"en-US\",\"potentialAction\":[{\"@type\":\"ReadAction\",\"target\":[\"https:\/\/www.mostkatowice.pl\/zapraszamy-do-udzialu-w-projekcie-seniorze-wspolpracujemy\/\"]}]},{\"@type\":\"ImageObject\",\"inLanguage\":\"en-US\",\"@id\":\"https:\/\/www.mostkatowice.pl\/zapraszamy-do-udzialu-w-projekcie-seniorze-wspolpracujemy\/#primaryimage\",\"url\":\"https:\/\/www.mostkatowice.pl\/wp-content\/uploads\/2024\/10\/plakat-aktywni.jpg\",\"contentUrl\":\"https:\/\/www.mostkatowice.pl\/wp-content\/uploads\/2024\/10\/plakat-aktywni.jpg\",\"width\":940,\"height\":788,\"caption\":\"Plakat zapraszaj\u0105cy do udzia\u0142y w projekcie \u201eSeniorze wsp\u00f3\u0142pracujeMY\u201d.\"},{\"@type\":\"BreadcrumbList\",\"@id\":\"https:\/\/www.mostkatowice.pl\/zapraszamy-do-udzialu-w-projekcie-seniorze-wspolpracujemy\/#breadcrumb\",\"itemListElement\":[{\"@type\":\"ListItem\",\"position\":1,\"name\":\"Strona g\u0142\u00f3wna\",\"item\":\"https:\/\/www.mostkatowice.pl\/\"},{\"@type\":\"ListItem\",\"position\":2,\"name\":\"Zapraszamy do udzia\u0142u w projekcie \u201eSeniorze wsp\u00f3\u0142pracujeMY\u201d\"}]},{\"@type\":\"WebSite\",\"@id\":\"https:\/\/www.mostkatowice.pl\/#website\",\"url\":\"https:\/\/www.mostkatowice.pl\/\",\"name\":\"Stowarzyszenie MOST\",\"description\":\"Most \u0142\u0105czy\",\"publisher\":{\"@id\":\"https:\/\/www.mostkatowice.pl\/#organization\"},\"potentialAction\":[{\"@type\":\"SearchAction\",\"target\":{\"@type\":\"EntryPoint\",\"urlTemplate\":\"https:\/\/www.mostkatowice.pl\/?s={search_term_string}\"},\"query-input\":{\"@type\":\"PropertyValueSpecification\",\"valueRequired\":true,\"valueName\":\"search_term_string\"}}],\"inLanguage\":\"en-US\"},{\"@type\":\"Organization\",\"@id\":\"https:\/\/www.mostkatowice.pl\/#organization\",\"name\":\"Stowarzyszenie MOST\",\"url\":\"https:\/\/www.mostkatowice.pl\/\",\"logo\":{\"@type\":\"ImageObject\",\"inLanguage\":\"en-US\",\"@id\":\"https:\/\/www.mostkatowice.pl\/#\/schema\/logo\/image\/\",\"url\":\"https:\/\/www.mostkatowice.pl\/wp-content\/uploads\/2022\/11\/cropped-cropped-cropped-MOST_Stowarzyszenie_Logo_RGB-03-4-e1667486323777.png\",\"contentUrl\":\"https:\/\/www.mostkatowice.pl\/wp-content\/uploads\/2022\/11\/cropped-cropped-cropped-MOST_Stowarzyszenie_Logo_RGB-03-4-e1667486323777.png\",\"width\":128,\"height\":89,\"caption\":\"Stowarzyszenie MOST\"},\"image\":{\"@id\":\"https:\/\/www.mostkatowice.pl\/#\/schema\/logo\/image\/\"},\"sameAs\":[\"https:\/\/www.facebook.com\/mostkatowice\",\"https:\/\/www.youtube.com\/@stowarzyszeniemost832\"]},{\"@type\":\"Person\",\"@id\":\"https:\/\/www.mostkatowice.pl\/#\/schema\/person\/c9027b32e55f8461a32c15d6a45c6c88\",\"name\":\"Agnieszka\",\"image\":{\"@type\":\"ImageObject\",\"inLanguage\":\"en-US\",\"@id\":\"https:\/\/www.mostkatowice.pl\/#\/schema\/person\/image\/\",\"url\":\"https:\/\/secure.gravatar.com\/avatar\/617166231e71f18303396375234f5ce451782dafb8e172fe30a510b70e1d7848?s=96&d=mm&r=g\",\"contentUrl\":\"https:\/\/secure.gravatar.com\/avatar\/617166231e71f18303396375234f5ce451782dafb8e172fe30a510b70e1d7848?s=96&d=mm&r=g\",\"caption\":\"Agnieszka\"},\"url\":\"https:\/\/www.mostkatowice.pl\/en\/author\/agnieszka\/\"}]}<\/script>\n<!-- \/ Yoast SEO plugin. -->","yoast_head_json":{"title":"Zapraszamy do udzia\u0142u w projekcie \u201eSeniorze wsp\u00f3\u0142pracujeMY\u201d - Stowarzyszenie MOST","robots":{"index":"index","follow":"follow","max-snippet":"max-snippet:-1","max-image-preview":"max-image-preview:large","max-video-preview":"max-video-preview:-1"},"canonical":"https:\/\/www.mostkatowice.pl\/en\/zapraszamy-do-udzialu-w-projekcie-seniorze-wspolpracujemy\/","og_locale":"en_US","og_type":"article","og_title":"Zapraszamy do udzia\u0142u w projekcie \u201eSeniorze wsp\u00f3\u0142pracujeMY\u201d - Stowarzyszenie MOST","og_description":"Jeste\u015b aktywnym seniorem, dzia\u0142asz w organizacji pozarz\u0105dowej, klubie seniora, klubie inicjatyw&nbsp;lub w innej formie \u2013 DO\u0141\u0104CZ DO NAS! Zapraszamy do udzia\u0142u w projekcie&nbsp;\u201eSeniorze wsp\u00f3\u0142pracujemy\u201d&nbsp;dofinansowanym ze \u015brodk\u00f3w rz\u0105dowego programu wieloletniego na rzecz Os\u00f3b Starszych Aktywni+ na lata 2021-2025, Edycja 2024. W ramach projektu zapraszamy na&nbsp;szkolenia i seminaria&nbsp;dla os\u00f3b starszych, omawiaj\u0105ce poszczeg\u00f3lne formy&nbsp;aktywno\u015bci, w jakich mog\u0105 partycypowa\u0107 [&hellip;]","og_url":"https:\/\/www.mostkatowice.pl\/en\/zapraszamy-do-udzialu-w-projekcie-seniorze-wspolpracujemy\/","og_site_name":"Stowarzyszenie MOST","article_publisher":"https:\/\/www.facebook.com\/mostkatowice","article_published_time":"2024-10-16T13:08:17+00:00","article_modified_time":"2025-03-05T12:39:04+00:00","og_image":[{"width":940,"height":788,"url":"http:\/\/www.mostkatowice.pl\/wp-content\/uploads\/2024\/10\/plakat-aktywni.jpg","type":"image\/jpeg"}],"author":"Agnieszka","twitter_card":"summary_large_image","twitter_misc":{"Written by":"Agnieszka","Est. reading time":"3 minutes"},"schema":{"@context":"https:\/\/schema.org","@graph":[{"@type":"Article","@id":"https:\/\/www.mostkatowice.pl\/zapraszamy-do-udzialu-w-projekcie-seniorze-wspolpracujemy\/#article","isPartOf":{"@id":"https:\/\/www.mostkatowice.pl\/zapraszamy-do-udzialu-w-projekcie-seniorze-wspolpracujemy\/"},"author":{"name":"Agnieszka","@id":"https:\/\/www.mostkatowice.pl\/#\/schema\/person\/c9027b32e55f8461a32c15d6a45c6c88"},"headline":"Zapraszamy do udzia\u0142u w projekcie \u201eSeniorze wsp\u00f3\u0142pracujeMY\u201d","datePublished":"2024-10-16T13:08:17+00:00","dateModified":"2025-03-05T12:39:04+00:00","mainEntityOfPage":{"@id":"https:\/\/www.mostkatowice.pl\/zapraszamy-do-udzialu-w-projekcie-seniorze-wspolpracujemy\/"},"wordCount":524,"publisher":{"@id":"https:\/\/www.mostkatowice.pl\/#organization"},"image":{"@id":"https:\/\/www.mostkatowice.pl\/zapraszamy-do-udzialu-w-projekcie-seniorze-wspolpracujemy\/#primaryimage"},"thumbnailUrl":"https:\/\/www.mostkatowice.pl\/wp-content\/uploads\/2024\/10\/plakat-aktywni.jpg","keywords":["Aktywni+","inicjatywa","katowice","Mys\u0142owice","Rada Senior\u00f3w","seniorzy","szkolenia","warsztaty","zabrze"],"articleSection":["Aktualno\u015bci"],"inLanguage":"en-US"},{"@type":"WebPage","@id":"https:\/\/www.mostkatowice.pl\/zapraszamy-do-udzialu-w-projekcie-seniorze-wspolpracujemy\/","url":"https:\/\/www.mostkatowice.pl\/zapraszamy-do-udzialu-w-projekcie-seniorze-wspolpracujemy\/","name":"Zapraszamy do udzia\u0142u w projekcie \u201eSeniorze wsp\u00f3\u0142pracujeMY\u201d - Stowarzyszenie MOST","isPartOf":{"@id":"https:\/\/www.mostkatowice.pl\/#website"},"primaryImageOfPage":{"@id":"https:\/\/www.mostkatowice.pl\/zapraszamy-do-udzialu-w-projekcie-seniorze-wspolpracujemy\/#primaryimage"},"image":{"@id":"https:\/\/www.mostkatowice.pl\/zapraszamy-do-udzialu-w-projekcie-seniorze-wspolpracujemy\/#primaryimage"},"thumbnailUrl":"https:\/\/www.mostkatowice.pl\/wp-content\/uploads\/2024\/10\/plakat-aktywni.jpg","datePublished":"2024-10-16T13:08:17+00:00","dateModified":"2025-03-05T12:39:04+00:00","breadcrumb":{"@id":"https:\/\/www.mostkatowice.pl\/zapraszamy-do-udzialu-w-projekcie-seniorze-wspolpracujemy\/#breadcrumb"},"inLanguage":"en-US","potentialAction":[{"@type":"ReadAction","target":["https:\/\/www.mostkatowice.pl\/zapraszamy-do-udzialu-w-projekcie-seniorze-wspolpracujemy\/"]}]},{"@type":"ImageObject","inLanguage":"en-US","@id":"https:\/\/www.mostkatowice.pl\/zapraszamy-do-udzialu-w-projekcie-seniorze-wspolpracujemy\/#primaryimage","url":"https:\/\/www.mostkatowice.pl\/wp-content\/uploads\/2024\/10\/plakat-aktywni.jpg","contentUrl":"https:\/\/www.mostkatowice.pl\/wp-content\/uploads\/2024\/10\/plakat-aktywni.jpg","width":940,"height":788,"caption":"Plakat zapraszaj\u0105cy do udzia\u0142y w projekcie \u201eSeniorze wsp\u00f3\u0142pracujeMY\u201d."},{"@type":"BreadcrumbList","@id":"https:\/\/www.mostkatowice.pl\/zapraszamy-do-udzialu-w-projekcie-seniorze-wspolpracujemy\/#breadcrumb","itemListElement":[{"@type":"ListItem","position":1,"name":"Strona g\u0142\u00f3wna","item":"https:\/\/www.mostkatowice.pl\/"},{"@type":"ListItem","position":2,"name":"Zapraszamy do udzia\u0142u w projekcie \u201eSeniorze wsp\u00f3\u0142pracujeMY\u201d"}]},{"@type":"WebSite","@id":"https:\/\/www.mostkatowice.pl\/#website","url":"https:\/\/www.mostkatowice.pl\/","name":"Stowarzyszenie MOST","description":"Most \u0142\u0105czy","publisher":{"@id":"https:\/\/www.mostkatowice.pl\/#organization"},"potentialAction":[{"@type":"SearchAction","target":{"@type":"EntryPoint","urlTemplate":"https:\/\/www.mostkatowice.pl\/?s={search_term_string}"},"query-input":{"@type":"PropertyValueSpecification","valueRequired":true,"valueName":"search_term_string"}}],"inLanguage":"en-US"},{"@type":"Organization","@id":"https:\/\/www.mostkatowice.pl\/#organization","name":"Stowarzyszenie MOST","url":"https:\/\/www.mostkatowice.pl\/","logo":{"@type":"ImageObject","inLanguage":"en-US","@id":"https:\/\/www.mostkatowice.pl\/#\/schema\/logo\/image\/","url":"https:\/\/www.mostkatowice.pl\/wp-content\/uploads\/2022\/11\/cropped-cropped-cropped-MOST_Stowarzyszenie_Logo_RGB-03-4-e1667486323777.png","contentUrl":"https:\/\/www.mostkatowice.pl\/wp-content\/uploads\/2022\/11\/cropped-cropped-cropped-MOST_Stowarzyszenie_Logo_RGB-03-4-e1667486323777.png","width":128,"height":89,"caption":"Stowarzyszenie MOST"},"image":{"@id":"https:\/\/www.mostkatowice.pl\/#\/schema\/logo\/image\/"},"sameAs":["https:\/\/www.facebook.com\/mostkatowice","https:\/\/www.youtube.com\/@stowarzyszeniemost832"]},{"@type":"Person","@id":"https:\/\/www.mostkatowice.pl\/#\/schema\/person\/c9027b32e55f8461a32c15d6a45c6c88","name":"Agnieszka","image":{"@type":"ImageObject","inLanguage":"en-US","@id":"https:\/\/www.mostkatowice.pl\/#\/schema\/person\/image\/","url":"https:\/\/secure.gravatar.com\/avatar\/617166231e71f18303396375234f5ce451782dafb8e172fe30a510b70e1d7848?s=96&d=mm&r=g","contentUrl":"https:\/\/secure.gravatar.com\/avatar\/617166231e71f18303396375234f5ce451782dafb8e172fe30a510b70e1d7848?s=96&d=mm&r=g","caption":"Agnieszka"},"url":"https:\/\/www.mostkatowice.pl\/en\/author\/agnieszka\/"}]}},"_links":{"self":[{"href":"https:\/\/www.mostkatowice.pl\/en\/wp-json\/wp\/v2\/posts\/3558","targetHints":{"allow":["GET"]}}],"collection":[{"href":"https:\/\/www.mostkatowice.pl\/en\/wp-json\/wp\/v2\/posts"}],"about":[{"href":"https:\/\/www.mostkatowice.pl\/en\/wp-json\/wp\/v2\/types\/post"}],"author":[{"embeddable":true,"href":"https:\/\/www.mostkatowice.pl\/en\/wp-json\/wp\/v2\/users\/2"}],"replies":[{"embeddable":true,"href":"https:\/\/www.mostkatowice.pl\/en\/wp-json\/wp\/v2\/comments?post=3558"}],"version-history":[{"count":1,"href":"https:\/\/www.mostkatowice.pl\/en\/wp-json\/wp\/v2\/posts\/3558\/revisions"}],"predecessor-version":[{"id":3560,"href":"https:\/\/www.mostkatowice.pl\/en\/wp-json\/wp\/v2\/posts\/3558\/revisions\/3560"}],"wp:featuredmedia":[{"embeddable":true,"href":"https:\/\/www.mostkatowice.pl\/en\/wp-json\/wp\/v2\/media\/4037"}],"wp:attachment":[{"href":"https:\/\/www.mostkatowice.pl\/en\/wp-json\/wp\/v2\/media?parent=3558"}],"wp:term":[{"taxonomy":"category","embeddable":true,"href":"https:\/\/www.mostkatowice.pl\/en\/wp-json\/wp\/v2\/categories?post=3558"},{"taxonomy":"post_tag","embeddable":true,"href":"https:\/\/www.mostkatowice.pl\/en\/wp-json\/wp\/v2\/tags?post=3558"}],"curies":[{"name":"wp","href":"https:\/\/api.w.org\/{rel}","templated":true}]}}