{"id":3381,"date":"2017-04-01T16:00:00","date_gmt":"2017-04-01T14:00:00","guid":{"rendered":"https:\/\/www.mostkatowice.pl\/?p=3381"},"modified":"2024-07-17T16:01:31","modified_gmt":"2024-07-17T14:01:31","slug":"uzyteczne","status":"publish","type":"post","link":"https:\/\/www.mostkatowice.pl\/en\/uzyteczne\/","title":{"rendered":"U\u017cyteczne rady senior\u00f3w"},"content":{"rendered":"<p>Projekt dotyczy efektywnego zaanga\u017cowania Rad Senior\u00f3w dzia\u0142aj\u0105cych w&nbsp;wojew\u00f3dztwie \u015bl\u0105skim, w&nbsp;kszta\u0142towanie oraz&nbsp;realizacj\u0119 polityki senioralnej na&nbsp;poziomie ich wsp\u00f3lnot samorz\u0105dowych. Z&nbsp;po\u015br\u00f3d cz\u0142onk\u00f3w 27 Rad Senior\u00f3w, kt\u00f3re w&nbsp;ci\u0105gu 3 lat powsta\u0142y w&nbsp;naszym wojew\u00f3dztwie, prawie po\u0142owa bra\u0142a udzia\u0142 w&nbsp;jednym lub kilku projektach po\u015bwi\u0119conych profesjonalizacji Rad Senior\u00f3w. Realizowane w&nbsp;nich zaj\u0119cia edukacyjne oraz&nbsp;informacyjne pomog\u0142y rozwi\u0105za\u0107 szereg problem\u00f3w na&nbsp;kt\u00f3re napotyka\u0142y zespo\u0142y tworz\u0105ce Rady, takie jak ograniczona wiedza o&nbsp;dzia\u0142aniach samorz\u0105du na&nbsp;poziomie gminy, problemy w&nbsp;pracy zespo\u0142owej oraz&nbsp;komunikowaniu si\u0119 grupy, aktualizacja statut\u00f3w Rad itp.<\/p>\n\n\n\n<p>Zar\u00f3wno eliminacja tych kwestii \u201etechnicznych\u201d, kt\u00f3re nieefektywnie absorbowa\u0142y czas i&nbsp;cz\u0119sto dominowa\u0142y w&nbsp;programie posiedze\u0144 Rad, jak i&nbsp;obowi\u0105zek przygotowania i<br>przedstawienia podczas Rady Gminy dorocznych sprawozda\u0144 z&nbsp;dzia\u0142alno\u015bci, zwr\u00f3ci\u0142y uwag\u0119 cz\u0142onk\u00f3w Rad na&nbsp;ograniczone rezultaty uzyskiwane przez&nbsp;ich gremium.<br>Podczas roboczego spotkania Rad Senior\u00f3w, kt\u00f3re odby\u0142o si\u0119 w&nbsp;Fundacji Park \u015al\u0105ski w&nbsp;grudniu br.&nbsp;w&nbsp;odpowiedzi na&nbsp;pytanie o&nbsp;sukcesy swoich Rad uczestnicy wymieniali lepsz\u0105 wsp\u00f3\u0142prac\u0119 z&nbsp;samorz\u0105dem lub sukces projektu, kt\u00f3ry&nbsp;zg\u0142osili w&nbsp;ramach Bud\u017cetu Obywatelskiego. Zg\u0142oszono potrzeb\u0119 podniesienia rangi problem\u00f3w i&nbsp;dzia\u0142a\u0144, kt\u00f3re<br>podejmuje Rada. Cz\u0142onkowie Rad stwierdzili tak\u017ce, \u017ce&nbsp;ich dzia\u0142alno\u015b\u0107 jest w&nbsp;dalszym ci\u0105gu ma\u0142o znana lokalnej spo\u0142eczno\u015bci a&nbsp;tak\u017ce w&nbsp;\u015brodowisku senior\u00f3w.<\/p>\n\n\n\n<p>W&nbsp;ramach projektu zaplanowano realizacj\u0119 cyklu seminari\u00f3w, kt\u00f3re przybli\u017c\u0105 cz\u0142onkom Rad nast\u0119puj\u0105ce tematy:<\/p>\n\n\n\n<ol class=\"wp-block-list\">\n<li>program senioralny dla gminy,<\/li>\n\n\n\n<li>wsp\u00f3\u0142praca RS z\u00a0samorz\u0105dem w\u00a0zakresie programu rozwi\u0105zywania problem\u00f3w spo\u0142ecznych oraz\u00a0oceny zasob\u00f3w pomocy spo\u0142ecznej, jako zawieraj\u0105cych tak\u017ce tematy senioralne,<\/li>\n\n\n\n<li>realizacja us\u0142ug spo\u0142ecznych dla senior\u00f3w w\u00a0formule \u015brodowiskowej,<\/li>\n\n\n\n<li>wspieranie rozwoju ekonomii spo\u0142ecznej w\u00a0celu ekonomicznej realizacji programu polityki senioralnej (tzw \u201esrebrna ekonomia\u201d).<\/li>\n<\/ol>\n\n\n\n<p>Powinna by\u0107 tak\u017ce przeprowadzona kampania medialna po\u015bwi\u0119cona upowszechnianiu informacji dotycz\u0105cych wa\u017cnych problem\u00f3w os\u00f3b starszych oraz&nbsp;dzia\u0142alno\u015bci Rad<br>Senior\u00f3w na&nbsp;rzecz ich rozwi\u0105zywania wsp\u00f3\u0142praca z&nbsp;Telewizj\u0105. Uczestnicy wskazywali na&nbsp;pozytywny odbi\u00f3r programu \u201eDojrzalsi\u201d, zrealizowanego przez&nbsp;Telewizj\u0119 Regionaln\u0105 i<br>uwa\u017cali \u017ce&nbsp;temat senior\u00f3w powinien by\u0107 kontynuowany.<\/p>\n\n\n\n<p>W&nbsp;projekcie zostan\u0105 zrealizowane odpowiednie dzia\u0142ania edukacyjne i&nbsp;promocyjne. Uczestnikami b\u0119d\u0105 osoby 60+, cz\u0142onkowie ju\u017c dzia\u0142aj\u0105cych Rad Senior\u00f3w, oraz&nbsp;seniorzy<br>zaanga\u017cowani w&nbsp;swoich gminach w&nbsp;inicjatywy na&nbsp;rzecz powo\u0142ania kolejnych Rad. Projekt zostanie zrealizowany na&nbsp;terenie woj.&nbsp;\u015bl\u0105skiego.<\/p>","protected":false},"excerpt":{"rendered":"<p>Projekt dotyczy efektywnego zaanga\u017cowania Rad Senior\u00f3w dzia\u0142aj\u0105cych w&nbsp;wojew\u00f3dztwie \u015bl\u0105skim, w&nbsp;kszta\u0142towanie oraz&nbsp;realizacj\u0119 polityki senioralnej na&nbsp;poziomie ich wsp\u00f3lnot samorz\u0105dowych. Z&nbsp;po\u015br\u00f3d cz\u0142onk\u00f3w 27 Rad Senior\u00f3w, kt\u00f3re w&nbsp;ci\u0105gu 3 lat powsta\u0142y w&nbsp;naszym wojew\u00f3dztwie, prawie po\u0142owa bra\u0142a udzia\u0142 w&nbsp;jednym lub kilku projektach po\u015bwi\u0119conych profesjonalizacji Rad Senior\u00f3w. Realizowane w&nbsp;nich zaj\u0119cia edukacyjne oraz&nbsp;informacyjne pomog\u0142y rozwi\u0105za\u0107 szereg problem\u00f3w na&nbsp;kt\u00f3re napotyka\u0142y zespo\u0142y tworz\u0105ce Rady, [&hellip;]<\/p>","protected":false},"author":2,"featured_media":2163,"comment_status":"closed","ping_status":"closed","sticky":false,"template":"","format":"standard","meta":{"om_disable_all_campaigns":false,"_monsterinsights_skip_tracking":false,"_monsterinsights_sitenote_active":false,"_monsterinsights_sitenote_note":"","_monsterinsights_sitenote_category":0,"_uf_show_specific_survey":0,"_uf_disable_surveys":false,"footnotes":""},"categories":[60],"tags":[],"class_list":["post-3381","post","type-post","status-publish","format-standard","has-post-thumbnail","hentry","category-projekty"],"yoast_head":"<!-- This site is optimized with the Yoast SEO plugin v26.8 - https:\/\/yoast.com\/product\/yoast-seo-wordpress\/ -->\n<title>U\u017cyteczne rady senior\u00f3w - Stowarzyszenie MOST<\/title>\n<meta name=\"robots\" content=\"index, follow, max-snippet:-1, max-image-preview:large, max-video-preview:-1\" \/>\n<link rel=\"canonical\" href=\"https:\/\/www.mostkatowice.pl\/en\/uzyteczne\/\" \/>\n<meta property=\"og:locale\" content=\"en_US\" \/>\n<meta property=\"og:type\" content=\"article\" \/>\n<meta property=\"og:title\" content=\"U\u017cyteczne rady senior\u00f3w - Stowarzyszenie MOST\" \/>\n<meta property=\"og:description\" content=\"Projekt dotyczy efektywnego zaanga\u017cowania Rad Senior\u00f3w dzia\u0142aj\u0105cych w&nbsp;wojew\u00f3dztwie \u015bl\u0105skim, w&nbsp;kszta\u0142towanie oraz&nbsp;realizacj\u0119 polityki senioralnej na&nbsp;poziomie ich wsp\u00f3lnot samorz\u0105dowych. Z&nbsp;po\u015br\u00f3d cz\u0142onk\u00f3w 27 Rad Senior\u00f3w, kt\u00f3re w&nbsp;ci\u0105gu 3 lat powsta\u0142y w&nbsp;naszym wojew\u00f3dztwie, prawie po\u0142owa bra\u0142a udzia\u0142 w&nbsp;jednym lub kilku projektach po\u015bwi\u0119conych profesjonalizacji Rad Senior\u00f3w. Realizowane w&nbsp;nich zaj\u0119cia edukacyjne oraz&nbsp;informacyjne pomog\u0142y rozwi\u0105za\u0107 szereg problem\u00f3w na&nbsp;kt\u00f3re napotyka\u0142y zespo\u0142y tworz\u0105ce Rady, [&hellip;]\" \/>\n<meta property=\"og:url\" content=\"https:\/\/www.mostkatowice.pl\/en\/uzyteczne\/\" \/>\n<meta property=\"og:site_name\" content=\"Stowarzyszenie MOST\" \/>\n<meta property=\"article:publisher\" content=\"https:\/\/www.facebook.com\/mostkatowice\" \/>\n<meta property=\"article:published_time\" content=\"2017-04-01T14:00:00+00:00\" \/>\n<meta property=\"article:modified_time\" content=\"2024-07-17T14:01:31+00:00\" \/>\n<meta property=\"og:image\" content=\"http:\/\/www.mostkatowice.pl\/wp-content\/uploads\/2023\/08\/18422888_1799116303750310_187292329345260191_o.png\" \/>\n\t<meta property=\"og:image:width\" content=\"1200\" \/>\n\t<meta property=\"og:image:height\" content=\"800\" \/>\n\t<meta property=\"og:image:type\" content=\"image\/png\" \/>\n<meta name=\"author\" content=\"Agnieszka\" \/>\n<meta name=\"twitter:card\" content=\"summary_large_image\" \/>\n<meta name=\"twitter:label1\" content=\"Written by\" \/>\n\t<meta name=\"twitter:data1\" content=\"Agnieszka\" \/>\n\t<meta name=\"twitter:label2\" content=\"Est. reading time\" \/>\n\t<meta name=\"twitter:data2\" content=\"3 minutes\" \/>\n<script type=\"application\/ld+json\" class=\"yoast-schema-graph\">{\"@context\":\"https:\/\/schema.org\",\"@graph\":[{\"@type\":\"Article\",\"@id\":\"https:\/\/www.mostkatowice.pl\/uzyteczne\/#article\",\"isPartOf\":{\"@id\":\"https:\/\/www.mostkatowice.pl\/uzyteczne\/\"},\"author\":{\"name\":\"Agnieszka\",\"@id\":\"https:\/\/www.mostkatowice.pl\/#\/schema\/person\/c9027b32e55f8461a32c15d6a45c6c88\"},\"headline\":\"U\u017cyteczne rady senior\u00f3w\",\"datePublished\":\"2017-04-01T14:00:00+00:00\",\"dateModified\":\"2024-07-17T14:01:31+00:00\",\"mainEntityOfPage\":{\"@id\":\"https:\/\/www.mostkatowice.pl\/uzyteczne\/\"},\"wordCount\":495,\"publisher\":{\"@id\":\"https:\/\/www.mostkatowice.pl\/#organization\"},\"image\":{\"@id\":\"https:\/\/www.mostkatowice.pl\/uzyteczne\/#primaryimage\"},\"thumbnailUrl\":\"https:\/\/www.mostkatowice.pl\/wp-content\/uploads\/2023\/08\/18422888_1799116303750310_187292329345260191_o.png\",\"articleSection\":[\"Projekty\"],\"inLanguage\":\"en-US\"},{\"@type\":\"WebPage\",\"@id\":\"https:\/\/www.mostkatowice.pl\/uzyteczne\/\",\"url\":\"https:\/\/www.mostkatowice.pl\/uzyteczne\/\",\"name\":\"U\u017cyteczne rady senior\u00f3w - Stowarzyszenie MOST\",\"isPartOf\":{\"@id\":\"https:\/\/www.mostkatowice.pl\/#website\"},\"primaryImageOfPage\":{\"@id\":\"https:\/\/www.mostkatowice.pl\/uzyteczne\/#primaryimage\"},\"image\":{\"@id\":\"https:\/\/www.mostkatowice.pl\/uzyteczne\/#primaryimage\"},\"thumbnailUrl\":\"https:\/\/www.mostkatowice.pl\/wp-content\/uploads\/2023\/08\/18422888_1799116303750310_187292329345260191_o.png\",\"datePublished\":\"2017-04-01T14:00:00+00:00\",\"dateModified\":\"2024-07-17T14:01:31+00:00\",\"breadcrumb\":{\"@id\":\"https:\/\/www.mostkatowice.pl\/uzyteczne\/#breadcrumb\"},\"inLanguage\":\"en-US\",\"potentialAction\":[{\"@type\":\"ReadAction\",\"target\":[\"https:\/\/www.mostkatowice.pl\/uzyteczne\/\"]}]},{\"@type\":\"ImageObject\",\"inLanguage\":\"en-US\",\"@id\":\"https:\/\/www.mostkatowice.pl\/uzyteczne\/#primaryimage\",\"url\":\"https:\/\/www.mostkatowice.pl\/wp-content\/uploads\/2023\/08\/18422888_1799116303750310_187292329345260191_o.png\",\"contentUrl\":\"https:\/\/www.mostkatowice.pl\/wp-content\/uploads\/2023\/08\/18422888_1799116303750310_187292329345260191_o.png\",\"width\":1200,\"height\":800,\"caption\":\"Logotyp projektu \\\"U\u017cyteczne rady senior\u00f3w\\\"\"},{\"@type\":\"BreadcrumbList\",\"@id\":\"https:\/\/www.mostkatowice.pl\/uzyteczne\/#breadcrumb\",\"itemListElement\":[{\"@type\":\"ListItem\",\"position\":1,\"name\":\"Strona g\u0142\u00f3wna\",\"item\":\"https:\/\/www.mostkatowice.pl\/\"},{\"@type\":\"ListItem\",\"position\":2,\"name\":\"U\u017cyteczne rady senior\u00f3w\"}]},{\"@type\":\"WebSite\",\"@id\":\"https:\/\/www.mostkatowice.pl\/#website\",\"url\":\"https:\/\/www.mostkatowice.pl\/\",\"name\":\"Stowarzyszenie MOST\",\"description\":\"Most \u0142\u0105czy\",\"publisher\":{\"@id\":\"https:\/\/www.mostkatowice.pl\/#organization\"},\"potentialAction\":[{\"@type\":\"SearchAction\",\"target\":{\"@type\":\"EntryPoint\",\"urlTemplate\":\"https:\/\/www.mostkatowice.pl\/?s={search_term_string}\"},\"query-input\":{\"@type\":\"PropertyValueSpecification\",\"valueRequired\":true,\"valueName\":\"search_term_string\"}}],\"inLanguage\":\"en-US\"},{\"@type\":\"Organization\",\"@id\":\"https:\/\/www.mostkatowice.pl\/#organization\",\"name\":\"Stowarzyszenie MOST\",\"url\":\"https:\/\/www.mostkatowice.pl\/\",\"logo\":{\"@type\":\"ImageObject\",\"inLanguage\":\"en-US\",\"@id\":\"https:\/\/www.mostkatowice.pl\/#\/schema\/logo\/image\/\",\"url\":\"https:\/\/www.mostkatowice.pl\/wp-content\/uploads\/2022\/11\/cropped-cropped-cropped-MOST_Stowarzyszenie_Logo_RGB-03-4-e1667486323777.png\",\"contentUrl\":\"https:\/\/www.mostkatowice.pl\/wp-content\/uploads\/2022\/11\/cropped-cropped-cropped-MOST_Stowarzyszenie_Logo_RGB-03-4-e1667486323777.png\",\"width\":128,\"height\":89,\"caption\":\"Stowarzyszenie MOST\"},\"image\":{\"@id\":\"https:\/\/www.mostkatowice.pl\/#\/schema\/logo\/image\/\"},\"sameAs\":[\"https:\/\/www.facebook.com\/mostkatowice\",\"https:\/\/www.youtube.com\/@stowarzyszeniemost832\"]},{\"@type\":\"Person\",\"@id\":\"https:\/\/www.mostkatowice.pl\/#\/schema\/person\/c9027b32e55f8461a32c15d6a45c6c88\",\"name\":\"Agnieszka\",\"image\":{\"@type\":\"ImageObject\",\"inLanguage\":\"en-US\",\"@id\":\"https:\/\/www.mostkatowice.pl\/#\/schema\/person\/image\/\",\"url\":\"https:\/\/secure.gravatar.com\/avatar\/617166231e71f18303396375234f5ce451782dafb8e172fe30a510b70e1d7848?s=96&d=mm&r=g\",\"contentUrl\":\"https:\/\/secure.gravatar.com\/avatar\/617166231e71f18303396375234f5ce451782dafb8e172fe30a510b70e1d7848?s=96&d=mm&r=g\",\"caption\":\"Agnieszka\"},\"url\":\"https:\/\/www.mostkatowice.pl\/en\/author\/agnieszka\/\"}]}<\/script>\n<!-- \/ Yoast SEO plugin. -->","yoast_head_json":{"title":"U\u017cyteczne rady senior\u00f3w - Stowarzyszenie MOST","robots":{"index":"index","follow":"follow","max-snippet":"max-snippet:-1","max-image-preview":"max-image-preview:large","max-video-preview":"max-video-preview:-1"},"canonical":"https:\/\/www.mostkatowice.pl\/en\/uzyteczne\/","og_locale":"en_US","og_type":"article","og_title":"U\u017cyteczne rady senior\u00f3w - Stowarzyszenie MOST","og_description":"Projekt dotyczy efektywnego zaanga\u017cowania Rad Senior\u00f3w dzia\u0142aj\u0105cych w&nbsp;wojew\u00f3dztwie \u015bl\u0105skim, w&nbsp;kszta\u0142towanie oraz&nbsp;realizacj\u0119 polityki senioralnej na&nbsp;poziomie ich wsp\u00f3lnot samorz\u0105dowych. Z&nbsp;po\u015br\u00f3d cz\u0142onk\u00f3w 27 Rad Senior\u00f3w, kt\u00f3re w&nbsp;ci\u0105gu 3 lat powsta\u0142y w&nbsp;naszym wojew\u00f3dztwie, prawie po\u0142owa bra\u0142a udzia\u0142 w&nbsp;jednym lub kilku projektach po\u015bwi\u0119conych profesjonalizacji Rad Senior\u00f3w. Realizowane w&nbsp;nich zaj\u0119cia edukacyjne oraz&nbsp;informacyjne pomog\u0142y rozwi\u0105za\u0107 szereg problem\u00f3w na&nbsp;kt\u00f3re napotyka\u0142y zespo\u0142y tworz\u0105ce Rady, [&hellip;]","og_url":"https:\/\/www.mostkatowice.pl\/en\/uzyteczne\/","og_site_name":"Stowarzyszenie MOST","article_publisher":"https:\/\/www.facebook.com\/mostkatowice","article_published_time":"2017-04-01T14:00:00+00:00","article_modified_time":"2024-07-17T14:01:31+00:00","og_image":[{"width":1200,"height":800,"url":"http:\/\/www.mostkatowice.pl\/wp-content\/uploads\/2023\/08\/18422888_1799116303750310_187292329345260191_o.png","type":"image\/png"}],"author":"Agnieszka","twitter_card":"summary_large_image","twitter_misc":{"Written by":"Agnieszka","Est. reading time":"3 minutes"},"schema":{"@context":"https:\/\/schema.org","@graph":[{"@type":"Article","@id":"https:\/\/www.mostkatowice.pl\/uzyteczne\/#article","isPartOf":{"@id":"https:\/\/www.mostkatowice.pl\/uzyteczne\/"},"author":{"name":"Agnieszka","@id":"https:\/\/www.mostkatowice.pl\/#\/schema\/person\/c9027b32e55f8461a32c15d6a45c6c88"},"headline":"U\u017cyteczne rady senior\u00f3w","datePublished":"2017-04-01T14:00:00+00:00","dateModified":"2024-07-17T14:01:31+00:00","mainEntityOfPage":{"@id":"https:\/\/www.mostkatowice.pl\/uzyteczne\/"},"wordCount":495,"publisher":{"@id":"https:\/\/www.mostkatowice.pl\/#organization"},"image":{"@id":"https:\/\/www.mostkatowice.pl\/uzyteczne\/#primaryimage"},"thumbnailUrl":"https:\/\/www.mostkatowice.pl\/wp-content\/uploads\/2023\/08\/18422888_1799116303750310_187292329345260191_o.png","articleSection":["Projekty"],"inLanguage":"en-US"},{"@type":"WebPage","@id":"https:\/\/www.mostkatowice.pl\/uzyteczne\/","url":"https:\/\/www.mostkatowice.pl\/uzyteczne\/","name":"U\u017cyteczne rady senior\u00f3w - Stowarzyszenie MOST","isPartOf":{"@id":"https:\/\/www.mostkatowice.pl\/#website"},"primaryImageOfPage":{"@id":"https:\/\/www.mostkatowice.pl\/uzyteczne\/#primaryimage"},"image":{"@id":"https:\/\/www.mostkatowice.pl\/uzyteczne\/#primaryimage"},"thumbnailUrl":"https:\/\/www.mostkatowice.pl\/wp-content\/uploads\/2023\/08\/18422888_1799116303750310_187292329345260191_o.png","datePublished":"2017-04-01T14:00:00+00:00","dateModified":"2024-07-17T14:01:31+00:00","breadcrumb":{"@id":"https:\/\/www.mostkatowice.pl\/uzyteczne\/#breadcrumb"},"inLanguage":"en-US","potentialAction":[{"@type":"ReadAction","target":["https:\/\/www.mostkatowice.pl\/uzyteczne\/"]}]},{"@type":"ImageObject","inLanguage":"en-US","@id":"https:\/\/www.mostkatowice.pl\/uzyteczne\/#primaryimage","url":"https:\/\/www.mostkatowice.pl\/wp-content\/uploads\/2023\/08\/18422888_1799116303750310_187292329345260191_o.png","contentUrl":"https:\/\/www.mostkatowice.pl\/wp-content\/uploads\/2023\/08\/18422888_1799116303750310_187292329345260191_o.png","width":1200,"height":800,"caption":"Logotyp projektu \"U\u017cyteczne rady senior\u00f3w\""},{"@type":"BreadcrumbList","@id":"https:\/\/www.mostkatowice.pl\/uzyteczne\/#breadcrumb","itemListElement":[{"@type":"ListItem","position":1,"name":"Strona g\u0142\u00f3wna","item":"https:\/\/www.mostkatowice.pl\/"},{"@type":"ListItem","position":2,"name":"U\u017cyteczne rady senior\u00f3w"}]},{"@type":"WebSite","@id":"https:\/\/www.mostkatowice.pl\/#website","url":"https:\/\/www.mostkatowice.pl\/","name":"Stowarzyszenie MOST","description":"Most \u0142\u0105czy","publisher":{"@id":"https:\/\/www.mostkatowice.pl\/#organization"},"potentialAction":[{"@type":"SearchAction","target":{"@type":"EntryPoint","urlTemplate":"https:\/\/www.mostkatowice.pl\/?s={search_term_string}"},"query-input":{"@type":"PropertyValueSpecification","valueRequired":true,"valueName":"search_term_string"}}],"inLanguage":"en-US"},{"@type":"Organization","@id":"https:\/\/www.mostkatowice.pl\/#organization","name":"Stowarzyszenie MOST","url":"https:\/\/www.mostkatowice.pl\/","logo":{"@type":"ImageObject","inLanguage":"en-US","@id":"https:\/\/www.mostkatowice.pl\/#\/schema\/logo\/image\/","url":"https:\/\/www.mostkatowice.pl\/wp-content\/uploads\/2022\/11\/cropped-cropped-cropped-MOST_Stowarzyszenie_Logo_RGB-03-4-e1667486323777.png","contentUrl":"https:\/\/www.mostkatowice.pl\/wp-content\/uploads\/2022\/11\/cropped-cropped-cropped-MOST_Stowarzyszenie_Logo_RGB-03-4-e1667486323777.png","width":128,"height":89,"caption":"Stowarzyszenie MOST"},"image":{"@id":"https:\/\/www.mostkatowice.pl\/#\/schema\/logo\/image\/"},"sameAs":["https:\/\/www.facebook.com\/mostkatowice","https:\/\/www.youtube.com\/@stowarzyszeniemost832"]},{"@type":"Person","@id":"https:\/\/www.mostkatowice.pl\/#\/schema\/person\/c9027b32e55f8461a32c15d6a45c6c88","name":"Agnieszka","image":{"@type":"ImageObject","inLanguage":"en-US","@id":"https:\/\/www.mostkatowice.pl\/#\/schema\/person\/image\/","url":"https:\/\/secure.gravatar.com\/avatar\/617166231e71f18303396375234f5ce451782dafb8e172fe30a510b70e1d7848?s=96&d=mm&r=g","contentUrl":"https:\/\/secure.gravatar.com\/avatar\/617166231e71f18303396375234f5ce451782dafb8e172fe30a510b70e1d7848?s=96&d=mm&r=g","caption":"Agnieszka"},"url":"https:\/\/www.mostkatowice.pl\/en\/author\/agnieszka\/"}]}},"_links":{"self":[{"href":"https:\/\/www.mostkatowice.pl\/en\/wp-json\/wp\/v2\/posts\/3381","targetHints":{"allow":["GET"]}}],"collection":[{"href":"https:\/\/www.mostkatowice.pl\/en\/wp-json\/wp\/v2\/posts"}],"about":[{"href":"https:\/\/www.mostkatowice.pl\/en\/wp-json\/wp\/v2\/types\/post"}],"author":[{"embeddable":true,"href":"https:\/\/www.mostkatowice.pl\/en\/wp-json\/wp\/v2\/users\/2"}],"replies":[{"embeddable":true,"href":"https:\/\/www.mostkatowice.pl\/en\/wp-json\/wp\/v2\/comments?post=3381"}],"version-history":[{"count":1,"href":"https:\/\/www.mostkatowice.pl\/en\/wp-json\/wp\/v2\/posts\/3381\/revisions"}],"predecessor-version":[{"id":3382,"href":"https:\/\/www.mostkatowice.pl\/en\/wp-json\/wp\/v2\/posts\/3381\/revisions\/3382"}],"wp:featuredmedia":[{"embeddable":true,"href":"https:\/\/www.mostkatowice.pl\/en\/wp-json\/wp\/v2\/media\/2163"}],"wp:attachment":[{"href":"https:\/\/www.mostkatowice.pl\/en\/wp-json\/wp\/v2\/media?parent=3381"}],"wp:term":[{"taxonomy":"category","embeddable":true,"href":"https:\/\/www.mostkatowice.pl\/en\/wp-json\/wp\/v2\/categories?post=3381"},{"taxonomy":"post_tag","embeddable":true,"href":"https:\/\/www.mostkatowice.pl\/en\/wp-json\/wp\/v2\/tags?post=3381"}],"curies":[{"name":"wp","href":"https:\/\/api.w.org\/{rel}","templated":true}]}}