{"id":3378,"date":"2017-04-01T15:57:00","date_gmt":"2017-04-01T13:57:00","guid":{"rendered":"https:\/\/www.mostkatowice.pl\/?p=3378"},"modified":"2024-07-17T16:02:06","modified_gmt":"2024-07-17T14:02:06","slug":"slaskiebezbarier","status":"publish","type":"post","link":"https:\/\/www.mostkatowice.pl\/en\/slaskiebezbarier\/","title":{"rendered":"\u015al\u0105skie bez\u00a0barier"},"content":{"rendered":"<p>Projekt jest realizowany na&nbsp;zlecenie Ministerstwa Rodziny, Pracy i&nbsp;Polityki Spo\u0142ecznej, w&nbsp;\u015bcis\u0142ej wsp\u00f3\u0142pracy z&nbsp;Biurem Pe\u0142nomocnika Rz\u0105du ds.&nbsp;Os\u00f3b Niepe\u0142nosprawnych i&nbsp;jest jednym z&nbsp;17 projekt\u00f3w realizowanych w&nbsp;ca\u0142ej Polsce, kt\u00f3re maj\u0105 na&nbsp;celu monitoring stopnia wdro\u017cenia Konwencji ONZ o&nbsp;prawach os\u00f3b niepe\u0142nosprawnych.<\/p>\n\n\n\n<p>Projekt jest realizowany w&nbsp;okresie 1 kwietnia 2017&nbsp;r. \u2013 31 marca 2019&nbsp;r. przez&nbsp;&nbsp;Stowarzyszenie Wspierania Organizacji Pozarz\u0105dowych \u201eMOST\u201d i&nbsp;Stowarzyszenie Aktywno\u015bci Obywatelskiej Bona Fides z&nbsp;Katowic.<\/p>\n\n\n\n<h5 class=\"wp-block-heading\">Cele projektu<\/h5>\n\n\n\n<p>G\u0142\u00f3wnym celem projektu jest monitoring stopnia wdro\u017cenia Konwencji ONZ o&nbsp;prawach os\u00f3b niepe\u0142nosprawnych w&nbsp;\u015bl\u0105skich jednostkach administracji publicznej oraz&nbsp;dostarczenie w\u0142adzom tych jednostek informacji w&nbsp;jaki spos\u00f3b mog\u0105 poprawi\u0107 dost\u0119pno\u015b\u0107 dla os\u00f3b z&nbsp;niepe\u0142nosprawno\u015bci\u0105 i, je\u017celi b\u0119dzie to&nbsp;konieczne, pozyska\u0107 dotacj\u0119 na&nbsp;konieczne modyfikacje.<\/p>\n\n\n\n<p>Pe\u0142ne wdro\u017cenie Konwencji w&nbsp;wojew\u00f3dztwie \u015bl\u0105skim przyczyni si\u0119 do&nbsp;poprawy jako\u015bci \u017cycia os\u00f3b z&nbsp;niepe\u0142nosprawno\u015bci\u0105. Aby by\u0142o to&nbsp;mo\u017cliwe w&nbsp;projekcie zaplanowano:<\/p>\n\n\n\n<ol class=\"wp-block-list\">\n<li>Wzrost praktycznej wiedzy co\u00a0najmniej 54 przedstawicieli \u015bl\u0105skich jednostek administracji z\u00a0zakresu wdra\u017cania Konwencji ONZ o\u00a0prawach os\u00f3b z\u00a0niepe\u0142nosprawno\u015bci\u0105 w\u00a0swojej instytucji dzi\u0119ki udzia\u0142owi w\u00a0indywidualnych spotkaniach i\u00a0wsp\u00f3lnej pracy;<\/li>\n\n\n\n<li>Popraw\u0119 dost\u0119pno\u015bci us\u0142ug dla os\u00f3b z\u00a0niepe\u0142nosprawno\u015bci\u0105 \u015bwiadczonych przez\u00a054 jednostki administracji i\u00a0przeciwdzia\u0142anie dyskryminacji os\u00f3b z\u00a0niepe\u0142nosprawno\u015bci\u0105 poprzez wdro\u017cenie jasnych i\u00a0czytelnych procedur post\u0119powania w\u00a0przypadku us\u0142ug dla os\u00f3b z\u00a0niepe\u0142nosprawno\u015bci\u0105;<\/li>\n\n\n\n<li>Opracowanie zbiorczego raportu o\u00a0stanie wdro\u017cenia Konwencji w\u00a0Wojew\u00f3dztwie \u015al\u0105skim.<\/li>\n<\/ol>\n\n\n\n<p>Ca\u0142o\u015b\u0107 dzia\u0142a\u0144 projektowych b\u0119dzie realizowana w&nbsp;oparciu o&nbsp;\u201eMetodologi\u0119 prowadzenia monitoringu dzia\u0142a\u0144 jednostek administracji pod&nbsp;k\u0105tem realizacji praw os\u00f3b z&nbsp;niepe\u0142nosprawno\u015bciami zawieraj\u0105ca minimalne wymogi dla przeprowadzenia tego monitoringu, w&nbsp;tym projekt narz\u0119dzia do&nbsp;wykorzystania przez&nbsp;projektodawc\u00f3w przy prowadzeniu ww. monitoringu\u201d (dalej: \u201eMetodologia\u201d), kt\u00f3ra&nbsp;zosta\u0142a opracowana przez&nbsp;zamawiaj\u0105cego badanie \u2013 Ministerstwo Rodziny, Pracy i&nbsp;Polityki Spo\u0142ecznej we&nbsp;wsp\u00f3\u0142pracy z&nbsp;Pe\u0142nomocnikiem Rz\u0105du ds.&nbsp;Os\u00f3b Niepe\u0142nosprawnych.<\/p>\n\n\n\n<h5 class=\"wp-block-heading\">II. Formy zaanga\u017cowania<\/h5>\n\n\n\n<p>Grupy wspierane bezpo\u015brednio to&nbsp;\u015bl\u0105skie jednostki administracji wraz z&nbsp;jednostkami podleg\u0142ymi:<\/p>\n\n\n\n<ul class=\"wp-block-list\">\n<li>6\u00a0gmin miejskich (Wojkowice, Wis\u0142a, Miko\u0142\u00f3w, Cieszyn, L\u0119dziny),<\/li>\n\n\n\n<li>5\u00a0miejsko-wiejskie (Szczekociny, Czerwionka-Leszczyny, Czechowice-Dziedzice, Wilamowice),<\/li>\n\n\n\n<li>9\u00a0gmin wiejskich (Jejkowice, Krupski M\u0142yn, Mied\u017ana, O\u017carowice, D\u0105browa Zielona, Jan\u00f3w, Rajcza, Irz\u0105dze, Opat\u00f3w),<\/li>\n\n\n\n<li>12\u00a0starostw powiatowych (powiaty: bieru\u0144sko-l\u0119dzi\u0144ski, bielski, b\u0119dzi\u0144ski, cieszy\u0144ski, cz\u0119stochowski, lubliniecki, myszkowski, pszczy\u0144ski, zawiercia\u0144ski, wodzis\u0142awski, \u017cywiecki, raciborski),<\/li>\n\n\n\n<li>16\u00a0miast na\u00a0prawach powiatu (\u015awi\u0119toch\u0142owice, Rybnik, D\u0105browa G\u00f3rnicza, Tychy, Sosnowiec, Bielsko-Bia\u0142a, Bytom, Gliwice, Piekary \u015al\u0105skie, Ruda \u015al\u0105ska, Siemianowice \u015al\u0105skie, Cz\u0119stochowa, Jaworzno, Mys\u0142owice),<\/li>\n\n\n\n<li>Urz\u0105d Marsza\u0142kowski Woj.\u00a0\u015al.,<\/li>\n\n\n\n<li>Urz\u0105d Wojew\u00f3dzki Woj.\u00a0\u015al.,<\/li>\n\n\n\n<li>5\u00a0jednostek administracji zespolonej dzia\u0142aj\u0105cej na\u00a0poziomie wojew\u00f3dzkim (Policja, Wojew\u00f3dzki Inspektor Inspekcji Handlowej, Wojew\u00f3dzki Inspektorat Transportu Drogowego Wojew\u00f3dzki Inspektor Nadzoru Geodezyjnego i\u00a0Kartograficznego, Wojew\u00f3dzki Inspektorat Ochrony Ro\u015blin i\u00a0Nasiennictwa).<\/li>\n<\/ul>\n\n\n\n<h5 class=\"wp-block-heading\">III. Dzia\u0142ania<\/h5>\n\n\n\n<p>Ca\u0142o\u015b\u0107 dzia\u0142a\u0144 projektowych b\u0119dzie realizowana w&nbsp;oparciu o&nbsp;Metodologi\u0119.<\/p>\n\n\n\n<h6 class=\"wp-block-heading\"><strong><u>Dzia\u0142anie 1&nbsp;<\/u><\/strong><\/h6>\n\n\n\n<p>Badanie stanu wdro\u017cenia Konwencji w&nbsp;\u015bl\u0105skich jednostkach administracji i&nbsp;wypracowanie oraz&nbsp;wdro\u017cenie rekomendacji.<\/p>\n\n\n\n<p>Dzia\u0142anie jest realizowane w&nbsp;nast\u0119puj\u0105cych etapach:<\/p>\n\n\n\n<ol class=\"wp-block-list\">\n<li>Losowanie jednostek administracji do\u00a0badania oraz\u00a0wst\u0119pny kontakt z\u00a0wylosowanymi jednostkami. Podpisanie porozumie\u0144 o\u00a0wsp\u00f3\u0142pracy w\u00a0ramach badania.<\/li>\n\n\n\n<li>Samoocena stanu wdro\u017cenia Konwencji ONZ w\u00a0jednostkach administracji realizowana za\u00a0pomoc\u0105 ankiety online we\u00a0wsp\u00f3\u0142pracy z\u00a0zespo\u0142em badawczym.<\/li>\n\n\n\n<li>Monitoring wdro\u017cenia Konwencji i\u00a0opracowanie raport\u00f3w przez\u00a0zespo\u0142y badawcze we\u00a0wsp\u00f3\u0142pracy z\u00a0przedstawicielami badanych jednostek. Monitoring ma\u00a0nast\u0119puj\u0105cy przebieg:<\/li>\n\n\n\n<li>analiza wynik\u00f3w samooceny z\u00a0wykorzystaniem dost\u0119pnych danych;<\/li>\n\n\n\n<li>realizacja min. 3 wywiad\u00f3w grupowych, w\u00a0kt\u00f3rych\u00a0uczestnicz\u0105: przedstawiciele organizacji pozarz\u0105dowych dzia\u0142aj\u0105cych na\u00a0rzecz os\u00f3b z\u00a0niepe\u0142nosprawno\u015bci\u0105, osoby z\u00a0niepe\u0142nosprawno\u015bci\u0105 oraz\u00a0cz\u0142onkowie Spo\u0142ecznych Powiatowych Rad Dzia\u0142aj\u0105cych na\u00a0Rzecz Os\u00f3b z\u00a0niepe\u0142nosprawno\u015bci\u0105 i\u00a0Rad Dzia\u0142alno\u015bci Po\u017cytku Publicznego. W\u00a0razie konieczno\u015bci odb\u0119d\u0105 si\u0119 r\u00f3wnie\u017c pog\u0142\u0119bione wywiady indywidualne;<\/li>\n\n\n\n<li>na\u00a0podstawie zebranych w\u00a0wywiadach danych zostan\u0105 wskazane obszary dzia\u0142a\u0144, kt\u00f3re powinny by\u0107 obj\u0119te monitoringiem. Tym obszarom zostan\u0105 nadane priorytety;<\/li>\n\n\n\n<li>dokonanie wst\u0119pnego przegl\u0105du w\u00a0formie spotka\u0144 wszystkich cz\u0142onk\u00f3w ZMW z\u00a0personelem instytucji oraz\u00a0wyb\u00f3r obszar\u00f3w do\u00a0obj\u0119cia monitoringiem;<\/li>\n\n\n\n<li>stworzenie planu monitoringu;<\/li>\n\n\n\n<li>zebranie u\u017cytecznych, adekwatnych, wystarczaj\u0105cych i\u00a0odpowiednich danych za\u00a0pomoc\u0105: audytu dost\u0119pno\u015bci budynk\u00f3w (od\u00a05 \u2013 10 obiekt\u00f3w\/jednostk\u0119), analizy dokument\u00f3w i\u00a0dzia\u0142a\u0144 jednostki, spotkania z\u00a0przedstawicielami jednostki. Dane s\u0105\u00a0tak\u017ce zbierane od\u00a0ON, NGO. W\u00a0badaniu bezpo\u015brednim uczestnicz\u0105 min. 2 os.\u00a0razem;<\/li>\n\n\n\n<li>analiza danych i\u00a0przygotowanie raportu wst\u0119pnego z\u00a0rekomendacjami i\u00a0przed\u0142o\u017cenie go\u00a0jednostce, kt\u00f3ra\u00a0mo\u017ce nanie\u015b\u0107 do\u00a0niego uwagi. Rekomendacje wsp\u00f3lnie z\u00a0badan\u0105 jednostk\u0105 s\u0105\u00a0dzielone na\u00a0mo\u017cliwe do\u00a0wdro\u017cenia oraz\u00a0niemo\u017cliwe do\u00a0wdro\u017cenia;<\/li>\n\n\n\n<li>odbycie spotkania podsumowuj\u0105cego, w\u00a0celu opracowania raportu ko\u0144cowego z\u00a0rekomendacjami, zgodnymi ze\u00a0standardem z\u00a0Metodologii i\u00a0zawieraj\u0105cymi informacj\u0119 o\u00a0sposobie ich wykorzystania oraz\u00a0ocen\u0119 skutk\u00f3w publicznych, spo\u0142ecznych i\u00a0finansowych w\u00a0perspektywie kr\u00f3tko i\u00a0d\u0142ugoterminowej.<\/li>\n\n\n\n<li>Przekazanie raportu wy\u0142\u0105cznie badanej jednostce oraz\u00a0Ministerstwu Rodziny, Pracy i\u00a0Polityki Spo\u0142ecznej.<\/li>\n\n\n\n<li>Wdra\u017canie rekomendacji. Za\u00a0dzia\u0142anie odpowiadaj\u0105 cz\u0142onkowie zespo\u0142u badawczego, kt\u00f3rzy\u00a0pomagaj\u0105 jednostkom przygotowa\u0107 odpowiednie dokumenty i\u00a0procedury oraz\u00a0wdro\u017cy\u0107 je\u00a0w\u00a0praktyce. Dla ka\u017cdej jednostki przewidziano m.in.\u00a0jedno doradztwo.<\/li>\n<\/ol>\n\n\n\n<h6 class=\"wp-block-heading\"><strong><u>Zadanie 2<\/u><\/strong><\/h6>\n\n\n\n<p>Weryfikacja wdro\u017cenia rekomendacji i&nbsp;ich wykorzystanie do&nbsp;zmiany w&nbsp;zakresie realizowanych zada\u0144 publicznych.<\/p>\n\n\n\n<p>Dzia\u0142anie b\u0119dzie realizowane w&nbsp;nast\u0119puj\u0105cych etapach:<\/p>\n\n\n\n<ol class=\"wp-block-list\">\n<li>Weryfikacja wdro\u017cenia mo\u017cliwych do\u00a0wykonania w\u00a0ramach projektu rekomendacji, kt\u00f3ra\u00a0polega na:<\/li>\n\n\n\n<li>1 wizycie weryfikuj\u0105cej,<\/li>\n\n\n\n<li>analizie danych zastanych i\u00a0dzia\u0142a\u0144 podejmowanych przez\u00a0jednostk\u0119,<\/li>\n\n\n\n<li>Opracowanie raportu z\u00a0weryfikacji i\u00a0przed\u0142o\u017cenie do\u00a0badanej jednostce oraz\u00a0Ministerstwu Rodziny, Pracy i\u00a0Polityki Spo\u0142ecznej.<\/li>\n\n\n\n<li>Opracowanie zbiorczego raportu z\u00a0monitoringu dla ca\u0142ego wojew\u00f3dztwa \u015al\u0105skiego. Integraln\u0105 cz\u0119\u015bci\u0105 raportu jest wyci\u0105g w\u00a0formie prezentacji oraz\u00a0e-platforma prezentuj\u0105ca zagregowane dane dla ca\u0142ego wojew\u00f3dztwa.<\/li>\n<\/ol>","protected":false},"excerpt":{"rendered":"<p>Projekt jest realizowany na&nbsp;zlecenie Ministerstwa Rodziny, Pracy i&nbsp;Polityki Spo\u0142ecznej, w&nbsp;\u015bcis\u0142ej wsp\u00f3\u0142pracy z&nbsp;Biurem Pe\u0142nomocnika Rz\u0105du ds.&nbsp;Os\u00f3b Niepe\u0142nosprawnych i&nbsp;jest jednym z&nbsp;17 projekt\u00f3w realizowanych w&nbsp;ca\u0142ej Polsce, kt\u00f3re maj\u0105 na&nbsp;celu monitoring stopnia wdro\u017cenia Konwencji ONZ o&nbsp;prawach os\u00f3b niepe\u0142nosprawnych. Projekt jest realizowany w&nbsp;okresie 1 kwietnia 2017&nbsp;r. \u2013 31 marca 2019&nbsp;r. przez&nbsp;&nbsp;Stowarzyszenie Wspierania Organizacji Pozarz\u0105dowych \u201eMOST\u201d i&nbsp;Stowarzyszenie Aktywno\u015bci Obywatelskiej Bona Fides [&hellip;]<\/p>","protected":false},"author":2,"featured_media":2179,"comment_status":"closed","ping_status":"closed","sticky":false,"template":"","format":"standard","meta":{"om_disable_all_campaigns":false,"_monsterinsights_skip_tracking":false,"_monsterinsights_sitenote_active":false,"_monsterinsights_sitenote_note":"","_monsterinsights_sitenote_category":0,"_uf_show_specific_survey":0,"_uf_disable_surveys":false,"footnotes":""},"categories":[60],"tags":[],"class_list":["post-3378","post","type-post","status-publish","format-standard","has-post-thumbnail","hentry","category-projekty"],"yoast_head":"<!-- This site is optimized with the Yoast SEO plugin v26.8 - https:\/\/yoast.com\/product\/yoast-seo-wordpress\/ -->\n<title>\u015al\u0105skie bez\u00a0barier - Stowarzyszenie MOST<\/title>\n<meta name=\"robots\" content=\"index, follow, max-snippet:-1, max-image-preview:large, max-video-preview:-1\" \/>\n<link rel=\"canonical\" href=\"https:\/\/www.mostkatowice.pl\/en\/slaskiebezbarier\/\" \/>\n<meta property=\"og:locale\" content=\"en_US\" \/>\n<meta property=\"og:type\" content=\"article\" \/>\n<meta property=\"og:title\" content=\"\u015al\u0105skie bez\u00a0barier - Stowarzyszenie MOST\" \/>\n<meta property=\"og:description\" content=\"Projekt jest realizowany na&nbsp;zlecenie Ministerstwa Rodziny, Pracy i&nbsp;Polityki Spo\u0142ecznej, w&nbsp;\u015bcis\u0142ej wsp\u00f3\u0142pracy z&nbsp;Biurem Pe\u0142nomocnika Rz\u0105du ds.&nbsp;Os\u00f3b Niepe\u0142nosprawnych i&nbsp;jest jednym z&nbsp;17 projekt\u00f3w realizowanych w&nbsp;ca\u0142ej Polsce, kt\u00f3re maj\u0105 na&nbsp;celu monitoring stopnia wdro\u017cenia Konwencji ONZ o&nbsp;prawach os\u00f3b niepe\u0142nosprawnych. Projekt jest realizowany w&nbsp;okresie 1 kwietnia 2017&nbsp;r. \u2013 31 marca 2019&nbsp;r. przez&nbsp;&nbsp;Stowarzyszenie Wspierania Organizacji Pozarz\u0105dowych \u201eMOST\u201d i&nbsp;Stowarzyszenie Aktywno\u015bci Obywatelskiej Bona Fides [&hellip;]\" \/>\n<meta property=\"og:url\" content=\"https:\/\/www.mostkatowice.pl\/en\/slaskiebezbarier\/\" \/>\n<meta property=\"og:site_name\" content=\"Stowarzyszenie MOST\" \/>\n<meta property=\"article:publisher\" content=\"https:\/\/www.facebook.com\/mostkatowice\" \/>\n<meta property=\"article:published_time\" content=\"2017-04-01T13:57:00+00:00\" \/>\n<meta property=\"article:modified_time\" content=\"2024-07-17T14:02:06+00:00\" \/>\n<meta property=\"og:image\" content=\"http:\/\/www.mostkatowice.pl\/wp-content\/uploads\/2023\/08\/Slaskie-bez-barier-logo-1000\u00d7666-px.jpg\" \/>\n\t<meta property=\"og:image:width\" content=\"1000\" \/>\n\t<meta property=\"og:image:height\" content=\"666\" \/>\n\t<meta property=\"og:image:type\" content=\"image\/jpeg\" \/>\n<meta name=\"author\" content=\"Agnieszka\" \/>\n<meta name=\"twitter:card\" content=\"summary_large_image\" \/>\n<meta name=\"twitter:label1\" content=\"Written by\" \/>\n\t<meta name=\"twitter:data1\" content=\"Agnieszka\" \/>\n\t<meta name=\"twitter:label2\" content=\"Est. reading time\" \/>\n\t<meta name=\"twitter:data2\" content=\"6 minutes\" \/>\n<script type=\"application\/ld+json\" class=\"yoast-schema-graph\">{\"@context\":\"https:\/\/schema.org\",\"@graph\":[{\"@type\":\"Article\",\"@id\":\"https:\/\/www.mostkatowice.pl\/slaskiebezbarier\/#article\",\"isPartOf\":{\"@id\":\"https:\/\/www.mostkatowice.pl\/slaskiebezbarier\/\"},\"author\":{\"name\":\"Agnieszka\",\"@id\":\"https:\/\/www.mostkatowice.pl\/#\/schema\/person\/c9027b32e55f8461a32c15d6a45c6c88\"},\"headline\":\"\u015al\u0105skie bez\u00a0barier\",\"datePublished\":\"2017-04-01T13:57:00+00:00\",\"dateModified\":\"2024-07-17T14:02:06+00:00\",\"mainEntityOfPage\":{\"@id\":\"https:\/\/www.mostkatowice.pl\/slaskiebezbarier\/\"},\"wordCount\":1091,\"publisher\":{\"@id\":\"https:\/\/www.mostkatowice.pl\/#organization\"},\"image\":{\"@id\":\"https:\/\/www.mostkatowice.pl\/slaskiebezbarier\/#primaryimage\"},\"thumbnailUrl\":\"https:\/\/www.mostkatowice.pl\/wp-content\/uploads\/2023\/08\/Slaskie-bez-barier-logo-1000\u00d7666-px.jpg\",\"articleSection\":[\"Projekty\"],\"inLanguage\":\"en-US\"},{\"@type\":\"WebPage\",\"@id\":\"https:\/\/www.mostkatowice.pl\/slaskiebezbarier\/\",\"url\":\"https:\/\/www.mostkatowice.pl\/slaskiebezbarier\/\",\"name\":\"\u015al\u0105skie bez\u00a0barier - Stowarzyszenie MOST\",\"isPartOf\":{\"@id\":\"https:\/\/www.mostkatowice.pl\/#website\"},\"primaryImageOfPage\":{\"@id\":\"https:\/\/www.mostkatowice.pl\/slaskiebezbarier\/#primaryimage\"},\"image\":{\"@id\":\"https:\/\/www.mostkatowice.pl\/slaskiebezbarier\/#primaryimage\"},\"thumbnailUrl\":\"https:\/\/www.mostkatowice.pl\/wp-content\/uploads\/2023\/08\/Slaskie-bez-barier-logo-1000\u00d7666-px.jpg\",\"datePublished\":\"2017-04-01T13:57:00+00:00\",\"dateModified\":\"2024-07-17T14:02:06+00:00\",\"breadcrumb\":{\"@id\":\"https:\/\/www.mostkatowice.pl\/slaskiebezbarier\/#breadcrumb\"},\"inLanguage\":\"en-US\",\"potentialAction\":[{\"@type\":\"ReadAction\",\"target\":[\"https:\/\/www.mostkatowice.pl\/slaskiebezbarier\/\"]}]},{\"@type\":\"ImageObject\",\"inLanguage\":\"en-US\",\"@id\":\"https:\/\/www.mostkatowice.pl\/slaskiebezbarier\/#primaryimage\",\"url\":\"https:\/\/www.mostkatowice.pl\/wp-content\/uploads\/2023\/08\/Slaskie-bez-barier-logo-1000\u00d7666-px.jpg\",\"contentUrl\":\"https:\/\/www.mostkatowice.pl\/wp-content\/uploads\/2023\/08\/Slaskie-bez-barier-logo-1000\u00d7666-px.jpg\",\"width\":1000,\"height\":666,\"caption\":\"Logotyp projektu \u015al\u0105skie bez barier\"},{\"@type\":\"BreadcrumbList\",\"@id\":\"https:\/\/www.mostkatowice.pl\/slaskiebezbarier\/#breadcrumb\",\"itemListElement\":[{\"@type\":\"ListItem\",\"position\":1,\"name\":\"Strona g\u0142\u00f3wna\",\"item\":\"https:\/\/www.mostkatowice.pl\/\"},{\"@type\":\"ListItem\",\"position\":2,\"name\":\"\u015al\u0105skie bez\u00a0barier\"}]},{\"@type\":\"WebSite\",\"@id\":\"https:\/\/www.mostkatowice.pl\/#website\",\"url\":\"https:\/\/www.mostkatowice.pl\/\",\"name\":\"Stowarzyszenie MOST\",\"description\":\"Most \u0142\u0105czy\",\"publisher\":{\"@id\":\"https:\/\/www.mostkatowice.pl\/#organization\"},\"potentialAction\":[{\"@type\":\"SearchAction\",\"target\":{\"@type\":\"EntryPoint\",\"urlTemplate\":\"https:\/\/www.mostkatowice.pl\/?s={search_term_string}\"},\"query-input\":{\"@type\":\"PropertyValueSpecification\",\"valueRequired\":true,\"valueName\":\"search_term_string\"}}],\"inLanguage\":\"en-US\"},{\"@type\":\"Organization\",\"@id\":\"https:\/\/www.mostkatowice.pl\/#organization\",\"name\":\"Stowarzyszenie MOST\",\"url\":\"https:\/\/www.mostkatowice.pl\/\",\"logo\":{\"@type\":\"ImageObject\",\"inLanguage\":\"en-US\",\"@id\":\"https:\/\/www.mostkatowice.pl\/#\/schema\/logo\/image\/\",\"url\":\"https:\/\/www.mostkatowice.pl\/wp-content\/uploads\/2022\/11\/cropped-cropped-cropped-MOST_Stowarzyszenie_Logo_RGB-03-4-e1667486323777.png\",\"contentUrl\":\"https:\/\/www.mostkatowice.pl\/wp-content\/uploads\/2022\/11\/cropped-cropped-cropped-MOST_Stowarzyszenie_Logo_RGB-03-4-e1667486323777.png\",\"width\":128,\"height\":89,\"caption\":\"Stowarzyszenie MOST\"},\"image\":{\"@id\":\"https:\/\/www.mostkatowice.pl\/#\/schema\/logo\/image\/\"},\"sameAs\":[\"https:\/\/www.facebook.com\/mostkatowice\",\"https:\/\/www.youtube.com\/@stowarzyszeniemost832\"]},{\"@type\":\"Person\",\"@id\":\"https:\/\/www.mostkatowice.pl\/#\/schema\/person\/c9027b32e55f8461a32c15d6a45c6c88\",\"name\":\"Agnieszka\",\"image\":{\"@type\":\"ImageObject\",\"inLanguage\":\"en-US\",\"@id\":\"https:\/\/www.mostkatowice.pl\/#\/schema\/person\/image\/\",\"url\":\"https:\/\/secure.gravatar.com\/avatar\/617166231e71f18303396375234f5ce451782dafb8e172fe30a510b70e1d7848?s=96&d=mm&r=g\",\"contentUrl\":\"https:\/\/secure.gravatar.com\/avatar\/617166231e71f18303396375234f5ce451782dafb8e172fe30a510b70e1d7848?s=96&d=mm&r=g\",\"caption\":\"Agnieszka\"},\"url\":\"https:\/\/www.mostkatowice.pl\/en\/author\/agnieszka\/\"}]}<\/script>\n<!-- \/ Yoast SEO plugin. -->","yoast_head_json":{"title":"\u015al\u0105skie bez\u00a0barier - Stowarzyszenie MOST","robots":{"index":"index","follow":"follow","max-snippet":"max-snippet:-1","max-image-preview":"max-image-preview:large","max-video-preview":"max-video-preview:-1"},"canonical":"https:\/\/www.mostkatowice.pl\/en\/slaskiebezbarier\/","og_locale":"en_US","og_type":"article","og_title":"\u015al\u0105skie bez\u00a0barier - Stowarzyszenie MOST","og_description":"Projekt jest realizowany na&nbsp;zlecenie Ministerstwa Rodziny, Pracy i&nbsp;Polityki Spo\u0142ecznej, w&nbsp;\u015bcis\u0142ej wsp\u00f3\u0142pracy z&nbsp;Biurem Pe\u0142nomocnika Rz\u0105du ds.&nbsp;Os\u00f3b Niepe\u0142nosprawnych i&nbsp;jest jednym z&nbsp;17 projekt\u00f3w realizowanych w&nbsp;ca\u0142ej Polsce, kt\u00f3re maj\u0105 na&nbsp;celu monitoring stopnia wdro\u017cenia Konwencji ONZ o&nbsp;prawach os\u00f3b niepe\u0142nosprawnych. Projekt jest realizowany w&nbsp;okresie 1 kwietnia 2017&nbsp;r. \u2013 31 marca 2019&nbsp;r. przez&nbsp;&nbsp;Stowarzyszenie Wspierania Organizacji Pozarz\u0105dowych \u201eMOST\u201d i&nbsp;Stowarzyszenie Aktywno\u015bci Obywatelskiej Bona Fides [&hellip;]","og_url":"https:\/\/www.mostkatowice.pl\/en\/slaskiebezbarier\/","og_site_name":"Stowarzyszenie MOST","article_publisher":"https:\/\/www.facebook.com\/mostkatowice","article_published_time":"2017-04-01T13:57:00+00:00","article_modified_time":"2024-07-17T14:02:06+00:00","og_image":[{"width":1000,"height":666,"url":"http:\/\/www.mostkatowice.pl\/wp-content\/uploads\/2023\/08\/Slaskie-bez-barier-logo-1000\u00d7666-px.jpg","type":"image\/jpeg"}],"author":"Agnieszka","twitter_card":"summary_large_image","twitter_misc":{"Written by":"Agnieszka","Est. reading time":"6 minutes"},"schema":{"@context":"https:\/\/schema.org","@graph":[{"@type":"Article","@id":"https:\/\/www.mostkatowice.pl\/slaskiebezbarier\/#article","isPartOf":{"@id":"https:\/\/www.mostkatowice.pl\/slaskiebezbarier\/"},"author":{"name":"Agnieszka","@id":"https:\/\/www.mostkatowice.pl\/#\/schema\/person\/c9027b32e55f8461a32c15d6a45c6c88"},"headline":"\u015al\u0105skie bez\u00a0barier","datePublished":"2017-04-01T13:57:00+00:00","dateModified":"2024-07-17T14:02:06+00:00","mainEntityOfPage":{"@id":"https:\/\/www.mostkatowice.pl\/slaskiebezbarier\/"},"wordCount":1091,"publisher":{"@id":"https:\/\/www.mostkatowice.pl\/#organization"},"image":{"@id":"https:\/\/www.mostkatowice.pl\/slaskiebezbarier\/#primaryimage"},"thumbnailUrl":"https:\/\/www.mostkatowice.pl\/wp-content\/uploads\/2023\/08\/Slaskie-bez-barier-logo-1000\u00d7666-px.jpg","articleSection":["Projekty"],"inLanguage":"en-US"},{"@type":"WebPage","@id":"https:\/\/www.mostkatowice.pl\/slaskiebezbarier\/","url":"https:\/\/www.mostkatowice.pl\/slaskiebezbarier\/","name":"\u015al\u0105skie bez\u00a0barier - Stowarzyszenie MOST","isPartOf":{"@id":"https:\/\/www.mostkatowice.pl\/#website"},"primaryImageOfPage":{"@id":"https:\/\/www.mostkatowice.pl\/slaskiebezbarier\/#primaryimage"},"image":{"@id":"https:\/\/www.mostkatowice.pl\/slaskiebezbarier\/#primaryimage"},"thumbnailUrl":"https:\/\/www.mostkatowice.pl\/wp-content\/uploads\/2023\/08\/Slaskie-bez-barier-logo-1000\u00d7666-px.jpg","datePublished":"2017-04-01T13:57:00+00:00","dateModified":"2024-07-17T14:02:06+00:00","breadcrumb":{"@id":"https:\/\/www.mostkatowice.pl\/slaskiebezbarier\/#breadcrumb"},"inLanguage":"en-US","potentialAction":[{"@type":"ReadAction","target":["https:\/\/www.mostkatowice.pl\/slaskiebezbarier\/"]}]},{"@type":"ImageObject","inLanguage":"en-US","@id":"https:\/\/www.mostkatowice.pl\/slaskiebezbarier\/#primaryimage","url":"https:\/\/www.mostkatowice.pl\/wp-content\/uploads\/2023\/08\/Slaskie-bez-barier-logo-1000\u00d7666-px.jpg","contentUrl":"https:\/\/www.mostkatowice.pl\/wp-content\/uploads\/2023\/08\/Slaskie-bez-barier-logo-1000\u00d7666-px.jpg","width":1000,"height":666,"caption":"Logotyp projektu \u015al\u0105skie bez barier"},{"@type":"BreadcrumbList","@id":"https:\/\/www.mostkatowice.pl\/slaskiebezbarier\/#breadcrumb","itemListElement":[{"@type":"ListItem","position":1,"name":"Strona g\u0142\u00f3wna","item":"https:\/\/www.mostkatowice.pl\/"},{"@type":"ListItem","position":2,"name":"\u015al\u0105skie bez\u00a0barier"}]},{"@type":"WebSite","@id":"https:\/\/www.mostkatowice.pl\/#website","url":"https:\/\/www.mostkatowice.pl\/","name":"Stowarzyszenie MOST","description":"Most \u0142\u0105czy","publisher":{"@id":"https:\/\/www.mostkatowice.pl\/#organization"},"potentialAction":[{"@type":"SearchAction","target":{"@type":"EntryPoint","urlTemplate":"https:\/\/www.mostkatowice.pl\/?s={search_term_string}"},"query-input":{"@type":"PropertyValueSpecification","valueRequired":true,"valueName":"search_term_string"}}],"inLanguage":"en-US"},{"@type":"Organization","@id":"https:\/\/www.mostkatowice.pl\/#organization","name":"Stowarzyszenie MOST","url":"https:\/\/www.mostkatowice.pl\/","logo":{"@type":"ImageObject","inLanguage":"en-US","@id":"https:\/\/www.mostkatowice.pl\/#\/schema\/logo\/image\/","url":"https:\/\/www.mostkatowice.pl\/wp-content\/uploads\/2022\/11\/cropped-cropped-cropped-MOST_Stowarzyszenie_Logo_RGB-03-4-e1667486323777.png","contentUrl":"https:\/\/www.mostkatowice.pl\/wp-content\/uploads\/2022\/11\/cropped-cropped-cropped-MOST_Stowarzyszenie_Logo_RGB-03-4-e1667486323777.png","width":128,"height":89,"caption":"Stowarzyszenie MOST"},"image":{"@id":"https:\/\/www.mostkatowice.pl\/#\/schema\/logo\/image\/"},"sameAs":["https:\/\/www.facebook.com\/mostkatowice","https:\/\/www.youtube.com\/@stowarzyszeniemost832"]},{"@type":"Person","@id":"https:\/\/www.mostkatowice.pl\/#\/schema\/person\/c9027b32e55f8461a32c15d6a45c6c88","name":"Agnieszka","image":{"@type":"ImageObject","inLanguage":"en-US","@id":"https:\/\/www.mostkatowice.pl\/#\/schema\/person\/image\/","url":"https:\/\/secure.gravatar.com\/avatar\/617166231e71f18303396375234f5ce451782dafb8e172fe30a510b70e1d7848?s=96&d=mm&r=g","contentUrl":"https:\/\/secure.gravatar.com\/avatar\/617166231e71f18303396375234f5ce451782dafb8e172fe30a510b70e1d7848?s=96&d=mm&r=g","caption":"Agnieszka"},"url":"https:\/\/www.mostkatowice.pl\/en\/author\/agnieszka\/"}]}},"_links":{"self":[{"href":"https:\/\/www.mostkatowice.pl\/en\/wp-json\/wp\/v2\/posts\/3378","targetHints":{"allow":["GET"]}}],"collection":[{"href":"https:\/\/www.mostkatowice.pl\/en\/wp-json\/wp\/v2\/posts"}],"about":[{"href":"https:\/\/www.mostkatowice.pl\/en\/wp-json\/wp\/v2\/types\/post"}],"author":[{"embeddable":true,"href":"https:\/\/www.mostkatowice.pl\/en\/wp-json\/wp\/v2\/users\/2"}],"replies":[{"embeddable":true,"href":"https:\/\/www.mostkatowice.pl\/en\/wp-json\/wp\/v2\/comments?post=3378"}],"version-history":[{"count":1,"href":"https:\/\/www.mostkatowice.pl\/en\/wp-json\/wp\/v2\/posts\/3378\/revisions"}],"predecessor-version":[{"id":3379,"href":"https:\/\/www.mostkatowice.pl\/en\/wp-json\/wp\/v2\/posts\/3378\/revisions\/3379"}],"wp:featuredmedia":[{"embeddable":true,"href":"https:\/\/www.mostkatowice.pl\/en\/wp-json\/wp\/v2\/media\/2179"}],"wp:attachment":[{"href":"https:\/\/www.mostkatowice.pl\/en\/wp-json\/wp\/v2\/media?parent=3378"}],"wp:term":[{"taxonomy":"category","embeddable":true,"href":"https:\/\/www.mostkatowice.pl\/en\/wp-json\/wp\/v2\/categories?post=3378"},{"taxonomy":"post_tag","embeddable":true,"href":"https:\/\/www.mostkatowice.pl\/en\/wp-json\/wp\/v2\/tags?post=3378"}],"curies":[{"name":"wp","href":"https:\/\/api.w.org\/{rel}","templated":true}]}}