{"id":3362,"date":"2019-07-01T11:07:00","date_gmt":"2019-07-01T09:07:00","guid":{"rendered":"https:\/\/www.mostkatowice.pl\/?p=3362"},"modified":"2024-07-17T11:08:07","modified_gmt":"2024-07-17T09:08:07","slug":"razemnabytomskiej","status":"publish","type":"post","link":"https:\/\/www.mostkatowice.pl\/en\/razemnabytomskiej\/","title":{"rendered":"Razem na\u00a0Bytomskiej"},"content":{"rendered":"<p><strong>Projekt jest wsp\u00f3\u0142finansowany ze&nbsp;\u015brodk\u00f3w Unii Europejskiej w&nbsp;ramach Europejskiego Funduszu Spo\u0142ecznego (Regionalny Program Operacyjny Wojew\u00f3dztwa \u015al\u0105skiego \u2013 O\u015b&nbsp;priorytetowa 9. W\u0142\u0105czenie spo\u0142eczne)<\/strong><\/p>\n\n\n\n<p><strong>Czas trwania: 2019-07-01 \u2013 2022-06-30<\/strong><\/p>\n\n\n\n<p><strong><br><\/strong>Partnerstwo: Forum Organizacji Pozarz\u0105dowych Dzia\u0142aj\u0105cych na&nbsp;Rzecz Os\u00f3b Niepe\u0142nosprawnych Chorych i&nbsp;Ich Rodzin pod&nbsp;nazw\u0105 \u201eRAZEM\u201d&nbsp;we wsp\u00f3\u0142pracy Stowarzyszenia Wspierania Organizacji Pozarz\u0105dowych MOST oraz&nbsp;Sp\u00f3\u0142dzielni Socjalnej FORUM<\/p>\n\n\n\n<p>Celem projektu jest podtrzymanie i&nbsp;wzmocnienie samodzielno\u015bci 100 os\u00f3b 60+, w&nbsp;tym os\u00f3b z&nbsp;niepe\u0142nosprawno\u015bciami zamieszkuj\u0105cych Zabrze i&nbsp;okolice poprzez realizacj\u0119 nast\u0119puj\u0105cych form wsparcia:<\/p>\n\n\n\n<ul class=\"wp-block-list\">\n<li>Dzienny Dom Pobytu<\/li>\n\n\n\n<li>Pomoc s\u0105siedzk\u0105 oraz\u00a0czynno\u015bci wspomagaj\u0105ce wzajemn\u0105 wewn\u0105trzpokoleniow\u0105 pomoc w\u00a0postaci wolontariatu.<\/li>\n<\/ul>\n\n\n\n<p><strong>Dzienny Dom Pobytu \u2013 ul.&nbsp;Bytomska 24, Zabrze Biskupice:<\/strong><\/p>\n\n\n\n<p>Us\u0142ugi \u015bwiadczone przez&nbsp;Dzienny Dom Pobytu 8.00-16.00 (poniedzia\u0142ek \u2013 pi\u0105tek) dostosowane do&nbsp;potrzeb 30 senior\u00f3w uczestnicz\u0105cych w&nbsp;tym samym czasie obejmuj\u0105 m.in.&nbsp;wsparcie:<\/p>\n\n\n\n<p>\u2013 socjalne, w&nbsp;tym posi\u0142ek, wypoczynek<\/p>\n\n\n\n<p>\u2013 edukacyjne, kulturalno-o\u015bwiatowe, sportowo-rekreacyjne,<\/p>\n\n\n\n<p>\u2013 rehabilitacyjne<\/p>\n\n\n\n<p>\u2013 aktywizuj\u0105ce spo\u0142ecznie (w&nbsp;tym wolontariat mi\u0119dzypokoleniowy),<\/p>\n\n\n\n<p>\u2013 rozwoju osobistego \u2013 coaching.<\/p>\n\n\n\n<p><strong>Pomoc s\u0105siedzka \u015bwiadczona w&nbsp;ramach wolontariatu:<\/strong><\/p>\n\n\n\n<p>Pomoc \u015bwiadczona okresowo przez&nbsp;10 senior\u00f3w przygotowanych do&nbsp;bycia wolontariuszem \u2013 wsparciem zostanie obj\u0119tych nie&nbsp;mniej ni\u017c 40 niesamodzielnych os.&nbsp;60+, w&nbsp;tym ON. W&nbsp;ramach us\u0142ugi przewidziano pakiety pomocy s\u0105siedzkiej umo\u017cliwiaj\u0105ce sfinansowanie wydatk\u00f3w zwi\u0105zanych z&nbsp;wyj\u015bciami do&nbsp;instytucji kultury, plac\u00f3wek rekreacyjno-sportowych, innych podnosz\u0105cych sprawno\u015b\u0107 spo\u0142eczn\u0105 senior\u00f3w.<\/p>\n\n\n\n<p><strong>Okres realizacji 07.2019-06.2022 (3 lata), realizacja Stowarzyszenie Forum Razem + Sp\u00f3\u0142dzielnia Forum + Stowarzyszenie Most + Miasto Zabrze<\/strong><\/p>\n\n\n\n<p><strong>Osoby do&nbsp;kontaktu:<\/strong><\/p>\n\n\n\n<p><strong>Helena Budzanowska: 797-289-308<\/strong><\/p>\n\n\n\n<p><a href=\"https:\/\/mostkatowiceorg.files.wordpress.com\/2020\/05\/regulamin-uczestnictwa-razem-na-bytomskiej.pdf\">Regulamin uczestnictwa Razem na&nbsp;Bytomskiej<\/a><\/p>\n\n\n\n<p><a href=\"https:\/\/mostkatowiceorg.files.wordpress.com\/2020\/05\/formularz-zgc582oszeniowy-1.pdf\">Formularz zg\u0142oszeniowy<\/a><\/p>\n\n\n\n<p><a href=\"https:\/\/mostkatowiceorg.files.wordpress.com\/2020\/05\/formularz-rekrutacyjny-1.pdf\">Formularz rekrutacyjny<\/a><\/p>\n\n\n\n<p><a href=\"https:\/\/mostkatowiceorg.files.wordpress.com\/2020\/05\/deklaracja-uczestnictwa-1.pdf\">Deklaracja uczestnictwa<\/a><\/p>","protected":false},"excerpt":{"rendered":"<p>Projekt jest wsp\u00f3\u0142finansowany ze&nbsp;\u015brodk\u00f3w Unii Europejskiej w&nbsp;ramach Europejskiego Funduszu Spo\u0142ecznego (Regionalny Program Operacyjny Wojew\u00f3dztwa \u015al\u0105skiego \u2013 O\u015b&nbsp;priorytetowa 9. W\u0142\u0105czenie spo\u0142eczne) Czas trwania: 2019-07-01 \u2013 2022-06-30 Partnerstwo: Forum Organizacji Pozarz\u0105dowych Dzia\u0142aj\u0105cych na&nbsp;Rzecz Os\u00f3b Niepe\u0142nosprawnych Chorych i&nbsp;Ich Rodzin pod&nbsp;nazw\u0105 \u201eRAZEM\u201d&nbsp;we wsp\u00f3\u0142pracy Stowarzyszenia Wspierania Organizacji Pozarz\u0105dowych MOST oraz&nbsp;Sp\u00f3\u0142dzielni Socjalnej FORUM Celem projektu jest podtrzymanie i&nbsp;wzmocnienie samodzielno\u015bci 100 os\u00f3b [&hellip;]<\/p>","protected":false},"author":2,"featured_media":2121,"comment_status":"closed","ping_status":"closed","sticky":false,"template":"","format":"standard","meta":{"om_disable_all_campaigns":false,"_monsterinsights_skip_tracking":false,"_monsterinsights_sitenote_active":false,"_monsterinsights_sitenote_note":"","_monsterinsights_sitenote_category":0,"_uf_show_specific_survey":0,"_uf_disable_surveys":false,"footnotes":""},"categories":[60],"tags":[],"class_list":["post-3362","post","type-post","status-publish","format-standard","has-post-thumbnail","hentry","category-projekty"],"yoast_head":"<!-- This site is optimized with the Yoast SEO plugin v26.8 - https:\/\/yoast.com\/product\/yoast-seo-wordpress\/ -->\n<title>Razem na\u00a0Bytomskiej - Stowarzyszenie MOST<\/title>\n<meta name=\"robots\" content=\"index, follow, max-snippet:-1, max-image-preview:large, max-video-preview:-1\" \/>\n<link rel=\"canonical\" href=\"https:\/\/www.mostkatowice.pl\/en\/razemnabytomskiej\/\" \/>\n<meta property=\"og:locale\" content=\"en_US\" \/>\n<meta property=\"og:type\" content=\"article\" \/>\n<meta property=\"og:title\" content=\"Razem na\u00a0Bytomskiej - Stowarzyszenie MOST\" \/>\n<meta property=\"og:description\" content=\"Projekt jest wsp\u00f3\u0142finansowany ze&nbsp;\u015brodk\u00f3w Unii Europejskiej w&nbsp;ramach Europejskiego Funduszu Spo\u0142ecznego (Regionalny Program Operacyjny Wojew\u00f3dztwa \u015al\u0105skiego \u2013 O\u015b&nbsp;priorytetowa 9. W\u0142\u0105czenie spo\u0142eczne) Czas trwania: 2019-07-01 \u2013 2022-06-30 Partnerstwo: Forum Organizacji Pozarz\u0105dowych Dzia\u0142aj\u0105cych na&nbsp;Rzecz Os\u00f3b Niepe\u0142nosprawnych Chorych i&nbsp;Ich Rodzin pod&nbsp;nazw\u0105 \u201eRAZEM\u201d&nbsp;we wsp\u00f3\u0142pracy Stowarzyszenia Wspierania Organizacji Pozarz\u0105dowych MOST oraz&nbsp;Sp\u00f3\u0142dzielni Socjalnej FORUM Celem projektu jest podtrzymanie i&nbsp;wzmocnienie samodzielno\u015bci 100 os\u00f3b [&hellip;]\" \/>\n<meta property=\"og:url\" content=\"https:\/\/www.mostkatowice.pl\/en\/razemnabytomskiej\/\" \/>\n<meta property=\"og:site_name\" content=\"Stowarzyszenie MOST\" \/>\n<meta property=\"article:publisher\" content=\"https:\/\/www.facebook.com\/mostkatowice\" \/>\n<meta property=\"article:published_time\" content=\"2019-07-01T09:07:00+00:00\" \/>\n<meta property=\"article:modified_time\" content=\"2024-07-17T09:08:07+00:00\" \/>\n<meta property=\"og:image\" content=\"http:\/\/www.mostkatowice.pl\/wp-content\/uploads\/2023\/08\/logo_kolor.png.webp\" \/>\n\t<meta property=\"og:image:width\" content=\"657\" \/>\n\t<meta property=\"og:image:height\" content=\"438\" \/>\n\t<meta property=\"og:image:type\" content=\"image\/webp\" \/>\n<meta name=\"author\" content=\"Agnieszka\" \/>\n<meta name=\"twitter:card\" content=\"summary_large_image\" \/>\n<meta name=\"twitter:label1\" content=\"Written by\" \/>\n\t<meta name=\"twitter:data1\" content=\"Agnieszka\" \/>\n\t<meta name=\"twitter:label2\" content=\"Est. reading time\" \/>\n\t<meta name=\"twitter:data2\" content=\"2 minutes\" \/>\n<script type=\"application\/ld+json\" class=\"yoast-schema-graph\">{\"@context\":\"https:\/\/schema.org\",\"@graph\":[{\"@type\":\"Article\",\"@id\":\"https:\/\/www.mostkatowice.pl\/razemnabytomskiej\/#article\",\"isPartOf\":{\"@id\":\"https:\/\/www.mostkatowice.pl\/razemnabytomskiej\/\"},\"author\":{\"name\":\"Agnieszka\",\"@id\":\"https:\/\/www.mostkatowice.pl\/#\/schema\/person\/c9027b32e55f8461a32c15d6a45c6c88\"},\"headline\":\"Razem na\u00a0Bytomskiej\",\"datePublished\":\"2019-07-01T09:07:00+00:00\",\"dateModified\":\"2024-07-17T09:08:07+00:00\",\"mainEntityOfPage\":{\"@id\":\"https:\/\/www.mostkatowice.pl\/razemnabytomskiej\/\"},\"wordCount\":304,\"publisher\":{\"@id\":\"https:\/\/www.mostkatowice.pl\/#organization\"},\"image\":{\"@id\":\"https:\/\/www.mostkatowice.pl\/razemnabytomskiej\/#primaryimage\"},\"thumbnailUrl\":\"https:\/\/www.mostkatowice.pl\/wp-content\/uploads\/2023\/08\/logo_kolor.png.webp\",\"articleSection\":[\"Projekty\"],\"inLanguage\":\"en-US\"},{\"@type\":\"WebPage\",\"@id\":\"https:\/\/www.mostkatowice.pl\/razemnabytomskiej\/\",\"url\":\"https:\/\/www.mostkatowice.pl\/razemnabytomskiej\/\",\"name\":\"Razem na\u00a0Bytomskiej - Stowarzyszenie MOST\",\"isPartOf\":{\"@id\":\"https:\/\/www.mostkatowice.pl\/#website\"},\"primaryImageOfPage\":{\"@id\":\"https:\/\/www.mostkatowice.pl\/razemnabytomskiej\/#primaryimage\"},\"image\":{\"@id\":\"https:\/\/www.mostkatowice.pl\/razemnabytomskiej\/#primaryimage\"},\"thumbnailUrl\":\"https:\/\/www.mostkatowice.pl\/wp-content\/uploads\/2023\/08\/logo_kolor.png.webp\",\"datePublished\":\"2019-07-01T09:07:00+00:00\",\"dateModified\":\"2024-07-17T09:08:07+00:00\",\"breadcrumb\":{\"@id\":\"https:\/\/www.mostkatowice.pl\/razemnabytomskiej\/#breadcrumb\"},\"inLanguage\":\"en-US\",\"potentialAction\":[{\"@type\":\"ReadAction\",\"target\":[\"https:\/\/www.mostkatowice.pl\/razemnabytomskiej\/\"]}]},{\"@type\":\"ImageObject\",\"inLanguage\":\"en-US\",\"@id\":\"https:\/\/www.mostkatowice.pl\/razemnabytomskiej\/#primaryimage\",\"url\":\"https:\/\/www.mostkatowice.pl\/wp-content\/uploads\/2023\/08\/logo_kolor.png.webp\",\"contentUrl\":\"https:\/\/www.mostkatowice.pl\/wp-content\/uploads\/2023\/08\/logo_kolor.png.webp\",\"width\":657,\"height\":438,\"caption\":\"Logotyp razem na bytomskiej poziom\"},{\"@type\":\"BreadcrumbList\",\"@id\":\"https:\/\/www.mostkatowice.pl\/razemnabytomskiej\/#breadcrumb\",\"itemListElement\":[{\"@type\":\"ListItem\",\"position\":1,\"name\":\"Strona g\u0142\u00f3wna\",\"item\":\"https:\/\/www.mostkatowice.pl\/\"},{\"@type\":\"ListItem\",\"position\":2,\"name\":\"Razem na\u00a0Bytomskiej\"}]},{\"@type\":\"WebSite\",\"@id\":\"https:\/\/www.mostkatowice.pl\/#website\",\"url\":\"https:\/\/www.mostkatowice.pl\/\",\"name\":\"Stowarzyszenie MOST\",\"description\":\"Most \u0142\u0105czy\",\"publisher\":{\"@id\":\"https:\/\/www.mostkatowice.pl\/#organization\"},\"potentialAction\":[{\"@type\":\"SearchAction\",\"target\":{\"@type\":\"EntryPoint\",\"urlTemplate\":\"https:\/\/www.mostkatowice.pl\/?s={search_term_string}\"},\"query-input\":{\"@type\":\"PropertyValueSpecification\",\"valueRequired\":true,\"valueName\":\"search_term_string\"}}],\"inLanguage\":\"en-US\"},{\"@type\":\"Organization\",\"@id\":\"https:\/\/www.mostkatowice.pl\/#organization\",\"name\":\"Stowarzyszenie MOST\",\"url\":\"https:\/\/www.mostkatowice.pl\/\",\"logo\":{\"@type\":\"ImageObject\",\"inLanguage\":\"en-US\",\"@id\":\"https:\/\/www.mostkatowice.pl\/#\/schema\/logo\/image\/\",\"url\":\"https:\/\/www.mostkatowice.pl\/wp-content\/uploads\/2022\/11\/cropped-cropped-cropped-MOST_Stowarzyszenie_Logo_RGB-03-4-e1667486323777.png\",\"contentUrl\":\"https:\/\/www.mostkatowice.pl\/wp-content\/uploads\/2022\/11\/cropped-cropped-cropped-MOST_Stowarzyszenie_Logo_RGB-03-4-e1667486323777.png\",\"width\":128,\"height\":89,\"caption\":\"Stowarzyszenie MOST\"},\"image\":{\"@id\":\"https:\/\/www.mostkatowice.pl\/#\/schema\/logo\/image\/\"},\"sameAs\":[\"https:\/\/www.facebook.com\/mostkatowice\",\"https:\/\/www.youtube.com\/@stowarzyszeniemost832\"]},{\"@type\":\"Person\",\"@id\":\"https:\/\/www.mostkatowice.pl\/#\/schema\/person\/c9027b32e55f8461a32c15d6a45c6c88\",\"name\":\"Agnieszka\",\"image\":{\"@type\":\"ImageObject\",\"inLanguage\":\"en-US\",\"@id\":\"https:\/\/www.mostkatowice.pl\/#\/schema\/person\/image\/\",\"url\":\"https:\/\/secure.gravatar.com\/avatar\/617166231e71f18303396375234f5ce451782dafb8e172fe30a510b70e1d7848?s=96&d=mm&r=g\",\"contentUrl\":\"https:\/\/secure.gravatar.com\/avatar\/617166231e71f18303396375234f5ce451782dafb8e172fe30a510b70e1d7848?s=96&d=mm&r=g\",\"caption\":\"Agnieszka\"},\"url\":\"https:\/\/www.mostkatowice.pl\/en\/author\/agnieszka\/\"}]}<\/script>\n<!-- \/ Yoast SEO plugin. -->","yoast_head_json":{"title":"Razem na\u00a0Bytomskiej - Stowarzyszenie MOST","robots":{"index":"index","follow":"follow","max-snippet":"max-snippet:-1","max-image-preview":"max-image-preview:large","max-video-preview":"max-video-preview:-1"},"canonical":"https:\/\/www.mostkatowice.pl\/en\/razemnabytomskiej\/","og_locale":"en_US","og_type":"article","og_title":"Razem na\u00a0Bytomskiej - Stowarzyszenie MOST","og_description":"Projekt jest wsp\u00f3\u0142finansowany ze&nbsp;\u015brodk\u00f3w Unii Europejskiej w&nbsp;ramach Europejskiego Funduszu Spo\u0142ecznego (Regionalny Program Operacyjny Wojew\u00f3dztwa \u015al\u0105skiego \u2013 O\u015b&nbsp;priorytetowa 9. W\u0142\u0105czenie spo\u0142eczne) Czas trwania: 2019-07-01 \u2013 2022-06-30 Partnerstwo: Forum Organizacji Pozarz\u0105dowych Dzia\u0142aj\u0105cych na&nbsp;Rzecz Os\u00f3b Niepe\u0142nosprawnych Chorych i&nbsp;Ich Rodzin pod&nbsp;nazw\u0105 \u201eRAZEM\u201d&nbsp;we wsp\u00f3\u0142pracy Stowarzyszenia Wspierania Organizacji Pozarz\u0105dowych MOST oraz&nbsp;Sp\u00f3\u0142dzielni Socjalnej FORUM Celem projektu jest podtrzymanie i&nbsp;wzmocnienie samodzielno\u015bci 100 os\u00f3b [&hellip;]","og_url":"https:\/\/www.mostkatowice.pl\/en\/razemnabytomskiej\/","og_site_name":"Stowarzyszenie MOST","article_publisher":"https:\/\/www.facebook.com\/mostkatowice","article_published_time":"2019-07-01T09:07:00+00:00","article_modified_time":"2024-07-17T09:08:07+00:00","og_image":[{"width":657,"height":438,"url":"http:\/\/www.mostkatowice.pl\/wp-content\/uploads\/2023\/08\/logo_kolor.png.webp","type":"image\/webp"}],"author":"Agnieszka","twitter_card":"summary_large_image","twitter_misc":{"Written by":"Agnieszka","Est. reading time":"2 minutes"},"schema":{"@context":"https:\/\/schema.org","@graph":[{"@type":"Article","@id":"https:\/\/www.mostkatowice.pl\/razemnabytomskiej\/#article","isPartOf":{"@id":"https:\/\/www.mostkatowice.pl\/razemnabytomskiej\/"},"author":{"name":"Agnieszka","@id":"https:\/\/www.mostkatowice.pl\/#\/schema\/person\/c9027b32e55f8461a32c15d6a45c6c88"},"headline":"Razem na\u00a0Bytomskiej","datePublished":"2019-07-01T09:07:00+00:00","dateModified":"2024-07-17T09:08:07+00:00","mainEntityOfPage":{"@id":"https:\/\/www.mostkatowice.pl\/razemnabytomskiej\/"},"wordCount":304,"publisher":{"@id":"https:\/\/www.mostkatowice.pl\/#organization"},"image":{"@id":"https:\/\/www.mostkatowice.pl\/razemnabytomskiej\/#primaryimage"},"thumbnailUrl":"https:\/\/www.mostkatowice.pl\/wp-content\/uploads\/2023\/08\/logo_kolor.png.webp","articleSection":["Projekty"],"inLanguage":"en-US"},{"@type":"WebPage","@id":"https:\/\/www.mostkatowice.pl\/razemnabytomskiej\/","url":"https:\/\/www.mostkatowice.pl\/razemnabytomskiej\/","name":"Razem na\u00a0Bytomskiej - Stowarzyszenie MOST","isPartOf":{"@id":"https:\/\/www.mostkatowice.pl\/#website"},"primaryImageOfPage":{"@id":"https:\/\/www.mostkatowice.pl\/razemnabytomskiej\/#primaryimage"},"image":{"@id":"https:\/\/www.mostkatowice.pl\/razemnabytomskiej\/#primaryimage"},"thumbnailUrl":"https:\/\/www.mostkatowice.pl\/wp-content\/uploads\/2023\/08\/logo_kolor.png.webp","datePublished":"2019-07-01T09:07:00+00:00","dateModified":"2024-07-17T09:08:07+00:00","breadcrumb":{"@id":"https:\/\/www.mostkatowice.pl\/razemnabytomskiej\/#breadcrumb"},"inLanguage":"en-US","potentialAction":[{"@type":"ReadAction","target":["https:\/\/www.mostkatowice.pl\/razemnabytomskiej\/"]}]},{"@type":"ImageObject","inLanguage":"en-US","@id":"https:\/\/www.mostkatowice.pl\/razemnabytomskiej\/#primaryimage","url":"https:\/\/www.mostkatowice.pl\/wp-content\/uploads\/2023\/08\/logo_kolor.png.webp","contentUrl":"https:\/\/www.mostkatowice.pl\/wp-content\/uploads\/2023\/08\/logo_kolor.png.webp","width":657,"height":438,"caption":"Logotyp razem na bytomskiej poziom"},{"@type":"BreadcrumbList","@id":"https:\/\/www.mostkatowice.pl\/razemnabytomskiej\/#breadcrumb","itemListElement":[{"@type":"ListItem","position":1,"name":"Strona g\u0142\u00f3wna","item":"https:\/\/www.mostkatowice.pl\/"},{"@type":"ListItem","position":2,"name":"Razem na\u00a0Bytomskiej"}]},{"@type":"WebSite","@id":"https:\/\/www.mostkatowice.pl\/#website","url":"https:\/\/www.mostkatowice.pl\/","name":"Stowarzyszenie MOST","description":"Most \u0142\u0105czy","publisher":{"@id":"https:\/\/www.mostkatowice.pl\/#organization"},"potentialAction":[{"@type":"SearchAction","target":{"@type":"EntryPoint","urlTemplate":"https:\/\/www.mostkatowice.pl\/?s={search_term_string}"},"query-input":{"@type":"PropertyValueSpecification","valueRequired":true,"valueName":"search_term_string"}}],"inLanguage":"en-US"},{"@type":"Organization","@id":"https:\/\/www.mostkatowice.pl\/#organization","name":"Stowarzyszenie MOST","url":"https:\/\/www.mostkatowice.pl\/","logo":{"@type":"ImageObject","inLanguage":"en-US","@id":"https:\/\/www.mostkatowice.pl\/#\/schema\/logo\/image\/","url":"https:\/\/www.mostkatowice.pl\/wp-content\/uploads\/2022\/11\/cropped-cropped-cropped-MOST_Stowarzyszenie_Logo_RGB-03-4-e1667486323777.png","contentUrl":"https:\/\/www.mostkatowice.pl\/wp-content\/uploads\/2022\/11\/cropped-cropped-cropped-MOST_Stowarzyszenie_Logo_RGB-03-4-e1667486323777.png","width":128,"height":89,"caption":"Stowarzyszenie MOST"},"image":{"@id":"https:\/\/www.mostkatowice.pl\/#\/schema\/logo\/image\/"},"sameAs":["https:\/\/www.facebook.com\/mostkatowice","https:\/\/www.youtube.com\/@stowarzyszeniemost832"]},{"@type":"Person","@id":"https:\/\/www.mostkatowice.pl\/#\/schema\/person\/c9027b32e55f8461a32c15d6a45c6c88","name":"Agnieszka","image":{"@type":"ImageObject","inLanguage":"en-US","@id":"https:\/\/www.mostkatowice.pl\/#\/schema\/person\/image\/","url":"https:\/\/secure.gravatar.com\/avatar\/617166231e71f18303396375234f5ce451782dafb8e172fe30a510b70e1d7848?s=96&d=mm&r=g","contentUrl":"https:\/\/secure.gravatar.com\/avatar\/617166231e71f18303396375234f5ce451782dafb8e172fe30a510b70e1d7848?s=96&d=mm&r=g","caption":"Agnieszka"},"url":"https:\/\/www.mostkatowice.pl\/en\/author\/agnieszka\/"}]}},"_links":{"self":[{"href":"https:\/\/www.mostkatowice.pl\/en\/wp-json\/wp\/v2\/posts\/3362","targetHints":{"allow":["GET"]}}],"collection":[{"href":"https:\/\/www.mostkatowice.pl\/en\/wp-json\/wp\/v2\/posts"}],"about":[{"href":"https:\/\/www.mostkatowice.pl\/en\/wp-json\/wp\/v2\/types\/post"}],"author":[{"embeddable":true,"href":"https:\/\/www.mostkatowice.pl\/en\/wp-json\/wp\/v2\/users\/2"}],"replies":[{"embeddable":true,"href":"https:\/\/www.mostkatowice.pl\/en\/wp-json\/wp\/v2\/comments?post=3362"}],"version-history":[{"count":2,"href":"https:\/\/www.mostkatowice.pl\/en\/wp-json\/wp\/v2\/posts\/3362\/revisions"}],"predecessor-version":[{"id":3365,"href":"https:\/\/www.mostkatowice.pl\/en\/wp-json\/wp\/v2\/posts\/3362\/revisions\/3365"}],"wp:featuredmedia":[{"embeddable":true,"href":"https:\/\/www.mostkatowice.pl\/en\/wp-json\/wp\/v2\/media\/2121"}],"wp:attachment":[{"href":"https:\/\/www.mostkatowice.pl\/en\/wp-json\/wp\/v2\/media?parent=3362"}],"wp:term":[{"taxonomy":"category","embeddable":true,"href":"https:\/\/www.mostkatowice.pl\/en\/wp-json\/wp\/v2\/categories?post=3362"},{"taxonomy":"post_tag","embeddable":true,"href":"https:\/\/www.mostkatowice.pl\/en\/wp-json\/wp\/v2\/tags?post=3362"}],"curies":[{"name":"wp","href":"https:\/\/api.w.org\/{rel}","templated":true}]}}