{"id":3357,"date":"2011-02-01T10:46:00","date_gmt":"2011-02-01T08:46:00","guid":{"rendered":"https:\/\/www.mostkatowice.pl\/?p=3357"},"modified":"2024-07-17T10:52:49","modified_gmt":"2024-07-17T08:52:49","slug":"razemdlawykluczonych","status":"publish","type":"post","link":"https:\/\/www.mostkatowice.pl\/en\/razemdlawykluczonych\/","title":{"rendered":"Razem dla wykluczonych \u2013 inicjatywa lokalna w\u00a0Gminie Chybie"},"content":{"rendered":"<p>Stowarzyszenie Wspierania Organizacji Pozarz\u0105dowych \u201eMost\u201d, nieformalna grupa \u201eAktyw\u201di Gminny O\u015brodek Kultury w&nbsp;Chybiu z\u0142o\u017cy\u0142y wniosek i&nbsp;pozyska\u0142y dofinansowanie Projektu&nbsp;<strong>\u201eRazem dla wykluczonych \u2013 inicjatywa lokalna w&nbsp;Gminie Chybie\u201d<\/strong>&nbsp;w&nbsp;ramach Programu Operacyjnego Kapita\u0142 Ludzki, Dzia\u0142anie 7.3&nbsp;<em>Inicjatywy lokalne na&nbsp;rzecz aktywnej integracji.&nbsp;<\/em>Projekt jest realizowany od&nbsp;1 lutego i&nbsp;potrwa do&nbsp;30 czerwca 2011 roku. Projekt ma&nbsp;na&nbsp;celu w\u0142\u0105czenie spo\u0142eczno\u015bci Gminy Chybie w&nbsp;dzia\u0142ania dotycz\u0105ce przeciwdzia\u0142aniu wykluczeniu spo\u0142ecznemu, poprzez rozw\u00f3j dialogu i&nbsp;wsp\u00f3\u0142pracy w&nbsp;formule oddolnej inicjatywy spo\u0142eczno\u015bci na&nbsp;rzecz wspierania realizacji lokalnego programu aktywizacji spo\u0142eczno-zawodowej. Partnerom zale\u017cy przede wszystkim na&nbsp;upowszechnieniu w\u015br\u00f3d mieszka\u0144c\u00f3w gminy Chybie wiedzy o&nbsp;problemach spo\u0142ecznych, \u017ar\u00f3d\u0142ach ich powstawania i&nbsp;mo\u017cliwo\u015bciach przeciwdzia\u0142ania, zaanga\u017cowaniu mieszka\u0144c\u00f3w Gminy w&nbsp;przygotowanie lokalnego programu aktywizacji spo\u0142eczno-zawodowej oraz&nbsp;przygotowaniu i&nbsp;realizacji programu samopomocowego.<\/p>\n\n\n\n<p>Wa\u017cnym za\u0142o\u017ceniem jest r\u00f3wnie\u017c promocja i&nbsp;wsparcie wsp\u00f3\u0142pracy publiczno-spo\u0142ecznej w&nbsp;Gminie nakierowanej na&nbsp;przeciwdzia\u0142anie wykluczeniu spo\u0142ecznemu. Projekt jest skierowany do&nbsp;lokalnych organizacji, inicjatyw spo\u0142ecznych, instytucji zainteresowanych rozwi\u0105zywaniem problem\u00f3w spo\u0142ecznych oraz&nbsp;m\u0142odzie\u017cy z&nbsp;Gminy Chybie zagro\u017conej wykluczeniem spo\u0142ecznym. Poszczeg\u00f3lne zadania realizowane s\u0105&nbsp;w&nbsp;dw\u00f3ch przenikaj\u0105cych si\u0119 obszarach. Najwa\u017cniejsze dzia\u0142ania pierwszego obszaru to: seminaria po\u015bwi\u0119cone zagadnieniom rozwi\u0105zywania problem\u00f3w spo\u0142ecznych, warsztaty z&nbsp;zakresu planowania i&nbsp;przygotowywania projekt\u00f3w spo\u0142ecznych, spotkania, w&nbsp;czasie kt\u00f3rych&nbsp;zostanie opracowana mapa problem\u00f3w spo\u0142ecznych gminy oraz&nbsp;program dzia\u0142a\u0144, a&nbsp;tak\u017ce warsztat wyjazdowy, na&nbsp;kt\u00f3rym&nbsp;zostanie przygotowany spo\u0142eczny program wsparcia os\u00f3b zagro\u017conych wykluczeniem spo\u0142ecznym z&nbsp;Gminy Chybie. Drugi obszar dzia\u0142a\u0144 to&nbsp;realizacja programu wsparcia dla m\u0142odzie\u017cy zagro\u017conej wykluczeniem.<\/p>\n\n\n\n<p>Projekt \u201eRazem dla wykluczonych \u2013 inicjatywa lokalna w&nbsp;Gminie Chybie\u201d realizowany w&nbsp;ramach Priorytetu VII Dzia\u0142anie 7.3 Programu Operacyjnego Kapita\u0142 Ludzki wsp\u00f3\u0142finansowany z&nbsp;Europejskiego Funduszu Spo\u0142ecznego<\/p>","protected":false},"excerpt":{"rendered":"<p>Stowarzyszenie Wspierania Organizacji Pozarz\u0105dowych \u201eMost\u201d, nieformalna grupa \u201eAktyw\u201di Gminny O\u015brodek Kultury w&nbsp;Chybiu z\u0142o\u017cy\u0142y wniosek i&nbsp;pozyska\u0142y dofinansowanie Projektu&nbsp;\u201eRazem dla wykluczonych \u2013 inicjatywa lokalna w&nbsp;Gminie Chybie\u201d&nbsp;w&nbsp;ramach Programu Operacyjnego Kapita\u0142 Ludzki, Dzia\u0142anie 7.3&nbsp;Inicjatywy lokalne na&nbsp;rzecz aktywnej integracji.&nbsp;Projekt jest realizowany od&nbsp;1 lutego i&nbsp;potrwa do&nbsp;30 czerwca 2011 roku. Projekt ma&nbsp;na&nbsp;celu w\u0142\u0105czenie spo\u0142eczno\u015bci Gminy Chybie w&nbsp;dzia\u0142ania dotycz\u0105ce przeciwdzia\u0142aniu wykluczeniu spo\u0142ecznemu, poprzez [&hellip;]<\/p>","protected":false},"author":2,"featured_media":1734,"comment_status":"closed","ping_status":"closed","sticky":false,"template":"","format":"standard","meta":{"om_disable_all_campaigns":false,"_monsterinsights_skip_tracking":false,"_monsterinsights_sitenote_active":false,"_monsterinsights_sitenote_note":"","_monsterinsights_sitenote_category":0,"_uf_show_specific_survey":0,"_uf_disable_surveys":false,"footnotes":""},"categories":[5],"tags":[],"class_list":["post-3357","post","type-post","status-publish","format-standard","has-post-thumbnail","hentry","category-aktualnosci"],"yoast_head":"<!-- This site is optimized with the Yoast SEO plugin v26.8 - https:\/\/yoast.com\/product\/yoast-seo-wordpress\/ -->\n<title>Razem dla wykluczonych \u2013 inicjatywa lokalna w\u00a0Gminie Chybie - Stowarzyszenie MOST<\/title>\n<meta name=\"robots\" content=\"index, follow, max-snippet:-1, max-image-preview:large, max-video-preview:-1\" \/>\n<link rel=\"canonical\" href=\"https:\/\/www.mostkatowice.pl\/en\/razemdlawykluczonych\/\" \/>\n<meta property=\"og:locale\" content=\"en_US\" \/>\n<meta property=\"og:type\" content=\"article\" \/>\n<meta property=\"og:title\" content=\"Razem dla wykluczonych \u2013 inicjatywa lokalna w\u00a0Gminie Chybie - Stowarzyszenie MOST\" \/>\n<meta property=\"og:description\" content=\"Stowarzyszenie Wspierania Organizacji Pozarz\u0105dowych \u201eMost\u201d, nieformalna grupa \u201eAktyw\u201di Gminny O\u015brodek Kultury w&nbsp;Chybiu z\u0142o\u017cy\u0142y wniosek i&nbsp;pozyska\u0142y dofinansowanie Projektu&nbsp;\u201eRazem dla wykluczonych \u2013 inicjatywa lokalna w&nbsp;Gminie Chybie\u201d&nbsp;w&nbsp;ramach Programu Operacyjnego Kapita\u0142 Ludzki, Dzia\u0142anie 7.3&nbsp;Inicjatywy lokalne na&nbsp;rzecz aktywnej integracji.&nbsp;Projekt jest realizowany od&nbsp;1 lutego i&nbsp;potrwa do&nbsp;30 czerwca 2011 roku. Projekt ma&nbsp;na&nbsp;celu w\u0142\u0105czenie spo\u0142eczno\u015bci Gminy Chybie w&nbsp;dzia\u0142ania dotycz\u0105ce przeciwdzia\u0142aniu wykluczeniu spo\u0142ecznemu, poprzez [&hellip;]\" \/>\n<meta property=\"og:url\" content=\"https:\/\/www.mostkatowice.pl\/en\/razemdlawykluczonych\/\" \/>\n<meta property=\"og:site_name\" content=\"Stowarzyszenie MOST\" \/>\n<meta property=\"article:publisher\" content=\"https:\/\/www.facebook.com\/mostkatowice\" \/>\n<meta property=\"article:published_time\" content=\"2011-02-01T08:46:00+00:00\" \/>\n<meta property=\"article:modified_time\" content=\"2024-07-17T08:52:49+00:00\" \/>\n<meta property=\"og:image\" content=\"http:\/\/www.mostkatowice.pl\/wp-content\/uploads\/2023\/05\/octavian-dan-b21Ty33CqVs-unsplash-scaled.jpg\" \/>\n\t<meta property=\"og:image:width\" content=\"2560\" \/>\n\t<meta property=\"og:image:height\" content=\"1707\" \/>\n\t<meta property=\"og:image:type\" content=\"image\/jpeg\" \/>\n<meta name=\"author\" content=\"Agnieszka\" \/>\n<meta name=\"twitter:card\" content=\"summary_large_image\" \/>\n<meta name=\"twitter:label1\" content=\"Written by\" \/>\n\t<meta name=\"twitter:data1\" content=\"Agnieszka\" \/>\n\t<meta name=\"twitter:label2\" content=\"Est. reading time\" \/>\n\t<meta name=\"twitter:data2\" content=\"2 minutes\" \/>\n<script type=\"application\/ld+json\" class=\"yoast-schema-graph\">{\"@context\":\"https:\/\/schema.org\",\"@graph\":[{\"@type\":\"Article\",\"@id\":\"https:\/\/www.mostkatowice.pl\/razemdlawykluczonych\/#article\",\"isPartOf\":{\"@id\":\"https:\/\/www.mostkatowice.pl\/razemdlawykluczonych\/\"},\"author\":{\"name\":\"Agnieszka\",\"@id\":\"https:\/\/www.mostkatowice.pl\/#\/schema\/person\/c9027b32e55f8461a32c15d6a45c6c88\"},\"headline\":\"Razem dla wykluczonych \u2013 inicjatywa lokalna w\u00a0Gminie Chybie\",\"datePublished\":\"2011-02-01T08:46:00+00:00\",\"dateModified\":\"2024-07-17T08:52:49+00:00\",\"mainEntityOfPage\":{\"@id\":\"https:\/\/www.mostkatowice.pl\/razemdlawykluczonych\/\"},\"wordCount\":381,\"publisher\":{\"@id\":\"https:\/\/www.mostkatowice.pl\/#organization\"},\"image\":{\"@id\":\"https:\/\/www.mostkatowice.pl\/razemdlawykluczonych\/#primaryimage\"},\"thumbnailUrl\":\"https:\/\/www.mostkatowice.pl\/wp-content\/uploads\/2023\/05\/octavian-dan-b21Ty33CqVs-unsplash-scaled.jpg\",\"articleSection\":[\"Aktualno\u015bci\"],\"inLanguage\":\"en-US\"},{\"@type\":\"WebPage\",\"@id\":\"https:\/\/www.mostkatowice.pl\/razemdlawykluczonych\/\",\"url\":\"https:\/\/www.mostkatowice.pl\/razemdlawykluczonych\/\",\"name\":\"Razem dla wykluczonych \u2013 inicjatywa lokalna w\u00a0Gminie Chybie - Stowarzyszenie MOST\",\"isPartOf\":{\"@id\":\"https:\/\/www.mostkatowice.pl\/#website\"},\"primaryImageOfPage\":{\"@id\":\"https:\/\/www.mostkatowice.pl\/razemdlawykluczonych\/#primaryimage\"},\"image\":{\"@id\":\"https:\/\/www.mostkatowice.pl\/razemdlawykluczonych\/#primaryimage\"},\"thumbnailUrl\":\"https:\/\/www.mostkatowice.pl\/wp-content\/uploads\/2023\/05\/octavian-dan-b21Ty33CqVs-unsplash-scaled.jpg\",\"datePublished\":\"2011-02-01T08:46:00+00:00\",\"dateModified\":\"2024-07-17T08:52:49+00:00\",\"breadcrumb\":{\"@id\":\"https:\/\/www.mostkatowice.pl\/razemdlawykluczonych\/#breadcrumb\"},\"inLanguage\":\"en-US\",\"potentialAction\":[{\"@type\":\"ReadAction\",\"target\":[\"https:\/\/www.mostkatowice.pl\/razemdlawykluczonych\/\"]}]},{\"@type\":\"ImageObject\",\"inLanguage\":\"en-US\",\"@id\":\"https:\/\/www.mostkatowice.pl\/razemdlawykluczonych\/#primaryimage\",\"url\":\"https:\/\/www.mostkatowice.pl\/wp-content\/uploads\/2023\/05\/octavian-dan-b21Ty33CqVs-unsplash-scaled.jpg\",\"contentUrl\":\"https:\/\/www.mostkatowice.pl\/wp-content\/uploads\/2023\/05\/octavian-dan-b21Ty33CqVs-unsplash-scaled.jpg\",\"width\":2560,\"height\":1707,\"caption\":\"\u015aciana z napisem projekt\"},{\"@type\":\"BreadcrumbList\",\"@id\":\"https:\/\/www.mostkatowice.pl\/razemdlawykluczonych\/#breadcrumb\",\"itemListElement\":[{\"@type\":\"ListItem\",\"position\":1,\"name\":\"Strona g\u0142\u00f3wna\",\"item\":\"https:\/\/www.mostkatowice.pl\/\"},{\"@type\":\"ListItem\",\"position\":2,\"name\":\"Razem dla wykluczonych \u2013 inicjatywa lokalna w\u00a0Gminie Chybie\"}]},{\"@type\":\"WebSite\",\"@id\":\"https:\/\/www.mostkatowice.pl\/#website\",\"url\":\"https:\/\/www.mostkatowice.pl\/\",\"name\":\"Stowarzyszenie MOST\",\"description\":\"Most \u0142\u0105czy\",\"publisher\":{\"@id\":\"https:\/\/www.mostkatowice.pl\/#organization\"},\"potentialAction\":[{\"@type\":\"SearchAction\",\"target\":{\"@type\":\"EntryPoint\",\"urlTemplate\":\"https:\/\/www.mostkatowice.pl\/?s={search_term_string}\"},\"query-input\":{\"@type\":\"PropertyValueSpecification\",\"valueRequired\":true,\"valueName\":\"search_term_string\"}}],\"inLanguage\":\"en-US\"},{\"@type\":\"Organization\",\"@id\":\"https:\/\/www.mostkatowice.pl\/#organization\",\"name\":\"Stowarzyszenie MOST\",\"url\":\"https:\/\/www.mostkatowice.pl\/\",\"logo\":{\"@type\":\"ImageObject\",\"inLanguage\":\"en-US\",\"@id\":\"https:\/\/www.mostkatowice.pl\/#\/schema\/logo\/image\/\",\"url\":\"https:\/\/www.mostkatowice.pl\/wp-content\/uploads\/2022\/11\/cropped-cropped-cropped-MOST_Stowarzyszenie_Logo_RGB-03-4-e1667486323777.png\",\"contentUrl\":\"https:\/\/www.mostkatowice.pl\/wp-content\/uploads\/2022\/11\/cropped-cropped-cropped-MOST_Stowarzyszenie_Logo_RGB-03-4-e1667486323777.png\",\"width\":128,\"height\":89,\"caption\":\"Stowarzyszenie MOST\"},\"image\":{\"@id\":\"https:\/\/www.mostkatowice.pl\/#\/schema\/logo\/image\/\"},\"sameAs\":[\"https:\/\/www.facebook.com\/mostkatowice\",\"https:\/\/www.youtube.com\/@stowarzyszeniemost832\"]},{\"@type\":\"Person\",\"@id\":\"https:\/\/www.mostkatowice.pl\/#\/schema\/person\/c9027b32e55f8461a32c15d6a45c6c88\",\"name\":\"Agnieszka\",\"image\":{\"@type\":\"ImageObject\",\"inLanguage\":\"en-US\",\"@id\":\"https:\/\/www.mostkatowice.pl\/#\/schema\/person\/image\/\",\"url\":\"https:\/\/secure.gravatar.com\/avatar\/617166231e71f18303396375234f5ce451782dafb8e172fe30a510b70e1d7848?s=96&d=mm&r=g\",\"contentUrl\":\"https:\/\/secure.gravatar.com\/avatar\/617166231e71f18303396375234f5ce451782dafb8e172fe30a510b70e1d7848?s=96&d=mm&r=g\",\"caption\":\"Agnieszka\"},\"url\":\"https:\/\/www.mostkatowice.pl\/en\/author\/agnieszka\/\"}]}<\/script>\n<!-- \/ Yoast SEO plugin. -->","yoast_head_json":{"title":"Razem dla wykluczonych \u2013 inicjatywa lokalna w\u00a0Gminie Chybie - Stowarzyszenie MOST","robots":{"index":"index","follow":"follow","max-snippet":"max-snippet:-1","max-image-preview":"max-image-preview:large","max-video-preview":"max-video-preview:-1"},"canonical":"https:\/\/www.mostkatowice.pl\/en\/razemdlawykluczonych\/","og_locale":"en_US","og_type":"article","og_title":"Razem dla wykluczonych \u2013 inicjatywa lokalna w\u00a0Gminie Chybie - Stowarzyszenie MOST","og_description":"Stowarzyszenie Wspierania Organizacji Pozarz\u0105dowych \u201eMost\u201d, nieformalna grupa \u201eAktyw\u201di Gminny O\u015brodek Kultury w&nbsp;Chybiu z\u0142o\u017cy\u0142y wniosek i&nbsp;pozyska\u0142y dofinansowanie Projektu&nbsp;\u201eRazem dla wykluczonych \u2013 inicjatywa lokalna w&nbsp;Gminie Chybie\u201d&nbsp;w&nbsp;ramach Programu Operacyjnego Kapita\u0142 Ludzki, Dzia\u0142anie 7.3&nbsp;Inicjatywy lokalne na&nbsp;rzecz aktywnej integracji.&nbsp;Projekt jest realizowany od&nbsp;1 lutego i&nbsp;potrwa do&nbsp;30 czerwca 2011 roku. Projekt ma&nbsp;na&nbsp;celu w\u0142\u0105czenie spo\u0142eczno\u015bci Gminy Chybie w&nbsp;dzia\u0142ania dotycz\u0105ce przeciwdzia\u0142aniu wykluczeniu spo\u0142ecznemu, poprzez [&hellip;]","og_url":"https:\/\/www.mostkatowice.pl\/en\/razemdlawykluczonych\/","og_site_name":"Stowarzyszenie MOST","article_publisher":"https:\/\/www.facebook.com\/mostkatowice","article_published_time":"2011-02-01T08:46:00+00:00","article_modified_time":"2024-07-17T08:52:49+00:00","og_image":[{"width":2560,"height":1707,"url":"http:\/\/www.mostkatowice.pl\/wp-content\/uploads\/2023\/05\/octavian-dan-b21Ty33CqVs-unsplash-scaled.jpg","type":"image\/jpeg"}],"author":"Agnieszka","twitter_card":"summary_large_image","twitter_misc":{"Written by":"Agnieszka","Est. reading time":"2 minutes"},"schema":{"@context":"https:\/\/schema.org","@graph":[{"@type":"Article","@id":"https:\/\/www.mostkatowice.pl\/razemdlawykluczonych\/#article","isPartOf":{"@id":"https:\/\/www.mostkatowice.pl\/razemdlawykluczonych\/"},"author":{"name":"Agnieszka","@id":"https:\/\/www.mostkatowice.pl\/#\/schema\/person\/c9027b32e55f8461a32c15d6a45c6c88"},"headline":"Razem dla wykluczonych \u2013 inicjatywa lokalna w\u00a0Gminie Chybie","datePublished":"2011-02-01T08:46:00+00:00","dateModified":"2024-07-17T08:52:49+00:00","mainEntityOfPage":{"@id":"https:\/\/www.mostkatowice.pl\/razemdlawykluczonych\/"},"wordCount":381,"publisher":{"@id":"https:\/\/www.mostkatowice.pl\/#organization"},"image":{"@id":"https:\/\/www.mostkatowice.pl\/razemdlawykluczonych\/#primaryimage"},"thumbnailUrl":"https:\/\/www.mostkatowice.pl\/wp-content\/uploads\/2023\/05\/octavian-dan-b21Ty33CqVs-unsplash-scaled.jpg","articleSection":["Aktualno\u015bci"],"inLanguage":"en-US"},{"@type":"WebPage","@id":"https:\/\/www.mostkatowice.pl\/razemdlawykluczonych\/","url":"https:\/\/www.mostkatowice.pl\/razemdlawykluczonych\/","name":"Razem dla wykluczonych \u2013 inicjatywa lokalna w\u00a0Gminie Chybie - Stowarzyszenie MOST","isPartOf":{"@id":"https:\/\/www.mostkatowice.pl\/#website"},"primaryImageOfPage":{"@id":"https:\/\/www.mostkatowice.pl\/razemdlawykluczonych\/#primaryimage"},"image":{"@id":"https:\/\/www.mostkatowice.pl\/razemdlawykluczonych\/#primaryimage"},"thumbnailUrl":"https:\/\/www.mostkatowice.pl\/wp-content\/uploads\/2023\/05\/octavian-dan-b21Ty33CqVs-unsplash-scaled.jpg","datePublished":"2011-02-01T08:46:00+00:00","dateModified":"2024-07-17T08:52:49+00:00","breadcrumb":{"@id":"https:\/\/www.mostkatowice.pl\/razemdlawykluczonych\/#breadcrumb"},"inLanguage":"en-US","potentialAction":[{"@type":"ReadAction","target":["https:\/\/www.mostkatowice.pl\/razemdlawykluczonych\/"]}]},{"@type":"ImageObject","inLanguage":"en-US","@id":"https:\/\/www.mostkatowice.pl\/razemdlawykluczonych\/#primaryimage","url":"https:\/\/www.mostkatowice.pl\/wp-content\/uploads\/2023\/05\/octavian-dan-b21Ty33CqVs-unsplash-scaled.jpg","contentUrl":"https:\/\/www.mostkatowice.pl\/wp-content\/uploads\/2023\/05\/octavian-dan-b21Ty33CqVs-unsplash-scaled.jpg","width":2560,"height":1707,"caption":"\u015aciana z napisem projekt"},{"@type":"BreadcrumbList","@id":"https:\/\/www.mostkatowice.pl\/razemdlawykluczonych\/#breadcrumb","itemListElement":[{"@type":"ListItem","position":1,"name":"Strona g\u0142\u00f3wna","item":"https:\/\/www.mostkatowice.pl\/"},{"@type":"ListItem","position":2,"name":"Razem dla wykluczonych \u2013 inicjatywa lokalna w\u00a0Gminie Chybie"}]},{"@type":"WebSite","@id":"https:\/\/www.mostkatowice.pl\/#website","url":"https:\/\/www.mostkatowice.pl\/","name":"Stowarzyszenie MOST","description":"Most \u0142\u0105czy","publisher":{"@id":"https:\/\/www.mostkatowice.pl\/#organization"},"potentialAction":[{"@type":"SearchAction","target":{"@type":"EntryPoint","urlTemplate":"https:\/\/www.mostkatowice.pl\/?s={search_term_string}"},"query-input":{"@type":"PropertyValueSpecification","valueRequired":true,"valueName":"search_term_string"}}],"inLanguage":"en-US"},{"@type":"Organization","@id":"https:\/\/www.mostkatowice.pl\/#organization","name":"Stowarzyszenie MOST","url":"https:\/\/www.mostkatowice.pl\/","logo":{"@type":"ImageObject","inLanguage":"en-US","@id":"https:\/\/www.mostkatowice.pl\/#\/schema\/logo\/image\/","url":"https:\/\/www.mostkatowice.pl\/wp-content\/uploads\/2022\/11\/cropped-cropped-cropped-MOST_Stowarzyszenie_Logo_RGB-03-4-e1667486323777.png","contentUrl":"https:\/\/www.mostkatowice.pl\/wp-content\/uploads\/2022\/11\/cropped-cropped-cropped-MOST_Stowarzyszenie_Logo_RGB-03-4-e1667486323777.png","width":128,"height":89,"caption":"Stowarzyszenie MOST"},"image":{"@id":"https:\/\/www.mostkatowice.pl\/#\/schema\/logo\/image\/"},"sameAs":["https:\/\/www.facebook.com\/mostkatowice","https:\/\/www.youtube.com\/@stowarzyszeniemost832"]},{"@type":"Person","@id":"https:\/\/www.mostkatowice.pl\/#\/schema\/person\/c9027b32e55f8461a32c15d6a45c6c88","name":"Agnieszka","image":{"@type":"ImageObject","inLanguage":"en-US","@id":"https:\/\/www.mostkatowice.pl\/#\/schema\/person\/image\/","url":"https:\/\/secure.gravatar.com\/avatar\/617166231e71f18303396375234f5ce451782dafb8e172fe30a510b70e1d7848?s=96&d=mm&r=g","contentUrl":"https:\/\/secure.gravatar.com\/avatar\/617166231e71f18303396375234f5ce451782dafb8e172fe30a510b70e1d7848?s=96&d=mm&r=g","caption":"Agnieszka"},"url":"https:\/\/www.mostkatowice.pl\/en\/author\/agnieszka\/"}]}},"_links":{"self":[{"href":"https:\/\/www.mostkatowice.pl\/en\/wp-json\/wp\/v2\/posts\/3357","targetHints":{"allow":["GET"]}}],"collection":[{"href":"https:\/\/www.mostkatowice.pl\/en\/wp-json\/wp\/v2\/posts"}],"about":[{"href":"https:\/\/www.mostkatowice.pl\/en\/wp-json\/wp\/v2\/types\/post"}],"author":[{"embeddable":true,"href":"https:\/\/www.mostkatowice.pl\/en\/wp-json\/wp\/v2\/users\/2"}],"replies":[{"embeddable":true,"href":"https:\/\/www.mostkatowice.pl\/en\/wp-json\/wp\/v2\/comments?post=3357"}],"version-history":[{"count":2,"href":"https:\/\/www.mostkatowice.pl\/en\/wp-json\/wp\/v2\/posts\/3357\/revisions"}],"predecessor-version":[{"id":3361,"href":"https:\/\/www.mostkatowice.pl\/en\/wp-json\/wp\/v2\/posts\/3357\/revisions\/3361"}],"wp:featuredmedia":[{"embeddable":true,"href":"https:\/\/www.mostkatowice.pl\/en\/wp-json\/wp\/v2\/media\/1734"}],"wp:attachment":[{"href":"https:\/\/www.mostkatowice.pl\/en\/wp-json\/wp\/v2\/media?parent=3357"}],"wp:term":[{"taxonomy":"category","embeddable":true,"href":"https:\/\/www.mostkatowice.pl\/en\/wp-json\/wp\/v2\/categories?post=3357"},{"taxonomy":"post_tag","embeddable":true,"href":"https:\/\/www.mostkatowice.pl\/en\/wp-json\/wp\/v2\/tags?post=3357"}],"curies":[{"name":"wp","href":"https:\/\/api.w.org\/{rel}","templated":true}]}}