{"id":3330,"date":"2022-11-02T10:05:00","date_gmt":"2022-11-02T08:05:00","guid":{"rendered":"https:\/\/www.mostkatowice.pl\/?p=3330"},"modified":"2024-07-17T10:07:56","modified_gmt":"2024-07-17T08:07:56","slug":"lciius-gliwice","status":"publish","type":"post","link":"https:\/\/www.mostkatowice.pl\/en\/lciius-gliwice\/","title":{"rendered":"Lokalne Centrum Integracji i\u00a0Us\u0142ug Spo\u0142ecznych \u2013 projekt parafii \u015bw.\u00a0Jacka w\u00a0Gliwicach"},"content":{"rendered":"<p>Przedmiotem projektu jest reintegracja zawodowa i&nbsp;spo\u0142eczna 30 os\u00f3b z&nbsp;terenu Miasta Gliwice. Cel zostanie zrealizowany w&nbsp;ramach 3 zada\u0144 projektu, kt\u00f3re opieraj\u0105 si\u0119 na&nbsp;dzia\u0142aniach wspieraj\u0105cych uczestnik\u00f3w CIS oraz&nbsp;pracy dw\u00f3ch pracowniach: kulinarnej i&nbsp;remontowo-budowlano-porz\u0105dkowej zlokalizowanych przy ul.&nbsp;Przedwio\u015bnie 3 w&nbsp;Gliwicach \u2013 So\u015bnicy.<\/p>\n\n\n\n<p>Projekt umo\u017cliwi animacj\u0119 \u017cycia spo\u0142ecznego i&nbsp;edukacj\u0119 zawodow\u0105 dzielnicy, a&nbsp;w&nbsp;sferze oddzia\u0142ywania poprawi standard \u017cycia mieszka\u0144c\u00f3w So\u015bnicy, podniesie zatrudnialno\u015b\u0107 os\u00f3b d\u0142ugotrwale oddalonych od&nbsp;rynku pracy na&nbsp;terenie Miasta Gliwice dla 48 os\u00f3b ( w&nbsp;tym 18 os\u00f3b z&nbsp;otoczenia uczestnik\u00f3w). Cele realizowane b\u0119d\u0105 poprzez dzia\u0142alno\u015b\u0107 Centrum Integracji Spo\u0142ecznej, sta\u017ce, wsparcie w&nbsp;obszarze kompetencji spo\u0142ecznej i&nbsp;zawodowych. Nabycie nowych umiej\u0119tno\u015bci zawodowych, przy r\u00f3wnoczesnym zwi\u0119kszeniu wiary i&nbsp;motywacji w&nbsp;swe mo\u017cliwo\u015bci wej\u015bcia w&nbsp;normaln\u0105 codzienno\u015b\u0107 spo\u0142eczn\u0105 i&nbsp;zawodow\u0105, pozwali na&nbsp;skuteczne wej\u015bcie z&nbsp;przestrzeni wykluczenia.<\/p>\n\n\n\n<h3 class=\"wp-block-heading\"><strong>Cele projektu:<\/strong><\/h3>\n\n\n\n<p>Celem jest reintegracja i&nbsp;aktywizacja 48 uczestnik\u00f3w projektu do&nbsp;31.12.2022r. Utworzony w&nbsp;ramach projektu CIS jako wyspecjalizowana jednostka reintegracyjna b\u0119dzie prowadzi\u0107 pracownie zawodowe. Zapewniony zostanie wzrost zdolno\u015bci do&nbsp;zatrudnienia os\u00f3b wykluczonych i&nbsp;zagro\u017conych wykluczeniem spo\u0142ecznym CIS realizuj\u0105c reintegracj\u0119 spo\u0142eczn\u0105 i&nbsp;zawodow\u0105 m.in.&nbsp;poprzez warsztaty motywacyjne i&nbsp;terapeutyczne , dostosowanie do&nbsp;Indywidualnych Potrzeb Uczestnik\u00f3w IPU i&nbsp;Indywidualny Program Zatrudnienia Socjalnego , a&nbsp;tak\u017ce udzia\u0142 w&nbsp;zaj\u0119ciach prowadzonych w&nbsp;ramach dw\u00f3ch pracowni zawodowych , co&nbsp;zapewni uczestnikom przywr\u00f3cenie lub wzmocnienie kompetencji spo\u0142ecznych, zaradno\u015bci, samodzielno\u015bci i&nbsp;aktywno\u015bci spo\u0142ecznej , prowadz\u0105c do&nbsp;skutecznej walki z&nbsp;ub\u00f3stwem i&nbsp;wykluczeniem spo\u0142ecznym.<\/p>\n\n\n\n<h3 class=\"wp-block-heading\"><strong>Planowane efekty:<\/strong><\/h3>\n\n\n\n<p>realizuj\u0105c reintegracj\u0119 spo\u0142eczn\u0105 i&nbsp;zawodow\u0105 m.in.&nbsp;poprzez warsztaty motywacyjne i&nbsp;terapeutyczne, dostosowane do&nbsp;Indywidualnych Potrzeb Uczestnik\u00f3w IPU i&nbsp;IP Zatrudnienia Socjalnego, a&nbsp;tak\u017ce udzia\u0142 w&nbsp;zaj\u0119ciach prowadzonych w&nbsp;ramach 2 pracowni zawodowych, zapewni uczestnikom przywr\u00f3cenie lub wzmocnienie kompetencji spo\u0142ecznych, zaradno\u015bci samodzielno\u015bci i&nbsp;aktywno\u015bci spo\u0142ecznej prowadz\u0105c do&nbsp;skutecznej walki z&nbsp;ub\u00f3stwem i&nbsp;wykluczeniem spo\u0142ecznym. Ponadto, w&nbsp;cz\u0119\u015bci aktywnej integracji o&nbsp;charakterze zawodowy, uczestnicy b\u0119d\u0105 decydowa\u0107 o&nbsp;kierunku rozwoju zawodowego w&nbsp;celu nabycia uprawnie\u0144 i&nbsp;kwalifikacji zawodowych, prowadz\u0105cych do&nbsp;uzyskania kompetencji zawodowych zgodnych z&nbsp;potrzebami lokalnego i&nbsp;regionalnego rynku pracy. Uzyskanie uprawnie\u0144 i&nbsp;umiej\u0119tno\u015bci zawodowych , po\u017c\u0105danych na&nbsp;rynku pracy , pomo\u017ce uzyska\u0107 i&nbsp;utrzyma\u0107 zatrudnienie, m.in.&nbsp;wspierane lub tymczasowe, w&nbsp;szczeg\u00f3lno\u015bci w&nbsp;pocz\u0105tkowym okresie zatrudnienia. St\u0105d te\u017c, projekt wpisuje si\u0119 w&nbsp;cel szczeg\u00f3\u0142owy programu operacyjnego , jakim jest wzrost zdolno\u015bci do&nbsp;zatrudnienia os\u00f3b wykluczonych i&nbsp;zagro\u017conych wykluczeniem spo\u0142ecznym. Wsparcie kierowane jest do&nbsp;30 uczestnik\u00f3w . Nabycie nowych umiej\u0119tno\u015bci zawodowych, przy r\u00f3wnoczesnym zwi\u0119kszeniu wiary, i&nbsp;motywacji w&nbsp;swoje mo\u017cliwo\u015bci wej\u015bcia w&nbsp;normaln\u0105 codzienno\u015b\u0107 spo\u0142eczno\u015b\u0107 i&nbsp;zawodow\u0105, pozwoli na&nbsp;skuteczne wyj\u015bcie z&nbsp;przestrzeni wykluczenia i&nbsp;\u017cycia na&nbsp;marginesie spo\u0142ecznym. Promowane b\u0119d\u0105 osoby z&nbsp;niepe\u0142nosprawno\u015bci\u0105, a&nbsp;tak\u017ce osoby z&nbsp;niskimi kwalifikacjami zawodowymi, pozostaj\u0105ce bez&nbsp;zatrudnienia oraz&nbsp;zagro\u017cone wykluczeniem spo\u0142ecznym. Spo\u015br\u00f3d 48 beneficjent\u00f3w 30 b\u0119dzie zakwalifikowanych do&nbsp;udzia\u0142u w&nbsp;programie co&nbsp;najmniej 15 podejmie prac\u0119. W&nbsp;ramach profilaktyki wykluczenia spo\u0142ecznego, kierowanej do&nbsp;18 uczestnik\u00f3w, b\u0119d\u0105 wykorzystane \u015brodowiskowe formy aktywizacji spo\u0142ecznej \u2013 wy\u0142\u0105cznie jako wsparcie towarzysz\u0105ce, niezb\u0119dne do&nbsp;aktywizacji os\u00f3b, grup i&nbsp;rodzin dotkni\u0119tych i&nbsp;zagro\u017conych ub\u00f3stwem i&nbsp;wykluczeniem spo\u0142ecznym.<\/p>\n\n\n\n<h3 class=\"wp-block-heading\"><strong>Ca\u0142kowita warto\u015b\u0107 projektu:<\/strong><\/h3>\n\n\n\n<p>1 260 242,26 z\u0142<\/p>\n\n\n\n<h3 class=\"wp-block-heading\"><strong>Wk\u0142ad funduszy europejskich:<\/strong><\/h3>\n\n\n\n<p>1 071 205,92 z\u0142<\/p>\n\n\n\n<figure class=\"wp-block-image\"><img decoding=\"async\" src=\"https:\/\/mostkatowiceorg.files.wordpress.com\/2021\/07\/logotypy-projekt-ue.jpg?w=1024\" alt=\"\" class=\"wp-image-1994\"\/><\/figure>","protected":false},"excerpt":{"rendered":"<p>Przedmiotem projektu jest reintegracja zawodowa i&nbsp;spo\u0142eczna 30 os\u00f3b z&nbsp;terenu Miasta Gliwice. Cel zostanie zrealizowany w&nbsp;ramach 3 zada\u0144 projektu, kt\u00f3re opieraj\u0105 si\u0119 na&nbsp;dzia\u0142aniach wspieraj\u0105cych uczestnik\u00f3w CIS oraz&nbsp;pracy dw\u00f3ch pracowniach: kulinarnej i&nbsp;remontowo-budowlano-porz\u0105dkowej zlokalizowanych przy ul.&nbsp;Przedwio\u015bnie 3 w&nbsp;Gliwicach \u2013 So\u015bnicy. Projekt umo\u017cliwi animacj\u0119 \u017cycia spo\u0142ecznego i&nbsp;edukacj\u0119 zawodow\u0105 dzielnicy, a&nbsp;w&nbsp;sferze oddzia\u0142ywania poprawi standard \u017cycia mieszka\u0144c\u00f3w So\u015bnicy, podniesie zatrudnialno\u015b\u0107 os\u00f3b [&hellip;]<\/p>","protected":false},"author":2,"featured_media":1987,"comment_status":"closed","ping_status":"closed","sticky":false,"template":"","format":"standard","meta":{"om_disable_all_campaigns":false,"_monsterinsights_skip_tracking":false,"_monsterinsights_sitenote_active":false,"_monsterinsights_sitenote_note":"","_monsterinsights_sitenote_category":0,"_uf_show_specific_survey":0,"_uf_disable_surveys":false,"footnotes":""},"categories":[60],"tags":[],"class_list":["post-3330","post","type-post","status-publish","format-standard","has-post-thumbnail","hentry","category-projekty"],"yoast_head":"<!-- This site is optimized with the Yoast SEO plugin v26.8 - https:\/\/yoast.com\/product\/yoast-seo-wordpress\/ -->\n<title>Lokalne Centrum Integracji i\u00a0Us\u0142ug Spo\u0142ecznych \u2013 projekt parafii \u015bw.\u00a0Jacka w\u00a0Gliwicach - Stowarzyszenie MOST<\/title>\n<meta name=\"robots\" content=\"index, follow, max-snippet:-1, max-image-preview:large, max-video-preview:-1\" \/>\n<link rel=\"canonical\" href=\"https:\/\/www.mostkatowice.pl\/en\/lciius-gliwice\/\" \/>\n<meta property=\"og:locale\" content=\"en_US\" \/>\n<meta property=\"og:type\" content=\"article\" \/>\n<meta property=\"og:title\" content=\"Lokalne Centrum Integracji i\u00a0Us\u0142ug Spo\u0142ecznych \u2013 projekt parafii \u015bw.\u00a0Jacka w\u00a0Gliwicach - Stowarzyszenie MOST\" \/>\n<meta property=\"og:description\" content=\"Przedmiotem projektu jest reintegracja zawodowa i&nbsp;spo\u0142eczna 30 os\u00f3b z&nbsp;terenu Miasta Gliwice. Cel zostanie zrealizowany w&nbsp;ramach 3 zada\u0144 projektu, kt\u00f3re opieraj\u0105 si\u0119 na&nbsp;dzia\u0142aniach wspieraj\u0105cych uczestnik\u00f3w CIS oraz&nbsp;pracy dw\u00f3ch pracowniach: kulinarnej i&nbsp;remontowo-budowlano-porz\u0105dkowej zlokalizowanych przy ul.&nbsp;Przedwio\u015bnie 3 w&nbsp;Gliwicach \u2013 So\u015bnicy. Projekt umo\u017cliwi animacj\u0119 \u017cycia spo\u0142ecznego i&nbsp;edukacj\u0119 zawodow\u0105 dzielnicy, a&nbsp;w&nbsp;sferze oddzia\u0142ywania poprawi standard \u017cycia mieszka\u0144c\u00f3w So\u015bnicy, podniesie zatrudnialno\u015b\u0107 os\u00f3b [&hellip;]\" \/>\n<meta property=\"og:url\" content=\"https:\/\/www.mostkatowice.pl\/en\/lciius-gliwice\/\" \/>\n<meta property=\"og:site_name\" content=\"Stowarzyszenie MOST\" \/>\n<meta property=\"article:publisher\" content=\"https:\/\/www.facebook.com\/mostkatowice\" \/>\n<meta property=\"article:published_time\" content=\"2022-11-02T08:05:00+00:00\" \/>\n<meta property=\"article:modified_time\" content=\"2024-07-17T08:07:56+00:00\" \/>\n<meta property=\"og:image\" content=\"http:\/\/www.mostkatowice.pl\/wp-content\/uploads\/2023\/07\/Lokalne-Centrum-Integracji-i-Uslug-Spolecznych-w-Gliwicach-1.png\" \/>\n\t<meta property=\"og:image:width\" content=\"940\" \/>\n\t<meta property=\"og:image:height\" content=\"626\" \/>\n\t<meta property=\"og:image:type\" content=\"image\/png\" \/>\n<meta name=\"author\" content=\"Agnieszka\" \/>\n<meta name=\"twitter:card\" content=\"summary_large_image\" \/>\n<meta name=\"twitter:label1\" content=\"Written by\" \/>\n\t<meta name=\"twitter:data1\" content=\"Agnieszka\" \/>\n\t<meta name=\"twitter:label2\" content=\"Est. reading time\" \/>\n\t<meta name=\"twitter:data2\" content=\"4 minutes\" \/>\n<script type=\"application\/ld+json\" class=\"yoast-schema-graph\">{\"@context\":\"https:\/\/schema.org\",\"@graph\":[{\"@type\":\"Article\",\"@id\":\"https:\/\/www.mostkatowice.pl\/lciius-gliwice\/#article\",\"isPartOf\":{\"@id\":\"https:\/\/www.mostkatowice.pl\/lciius-gliwice\/\"},\"author\":{\"name\":\"Agnieszka\",\"@id\":\"https:\/\/www.mostkatowice.pl\/#\/schema\/person\/c9027b32e55f8461a32c15d6a45c6c88\"},\"headline\":\"Lokalne Centrum Integracji i\u00a0Us\u0142ug Spo\u0142ecznych \u2013 projekt parafii \u015bw.\u00a0Jacka w\u00a0Gliwicach\",\"datePublished\":\"2022-11-02T08:05:00+00:00\",\"dateModified\":\"2024-07-17T08:07:56+00:00\",\"mainEntityOfPage\":{\"@id\":\"https:\/\/www.mostkatowice.pl\/lciius-gliwice\/\"},\"wordCount\":690,\"publisher\":{\"@id\":\"https:\/\/www.mostkatowice.pl\/#organization\"},\"image\":{\"@id\":\"https:\/\/www.mostkatowice.pl\/lciius-gliwice\/#primaryimage\"},\"thumbnailUrl\":\"https:\/\/www.mostkatowice.pl\/wp-content\/uploads\/2023\/07\/Lokalne-Centrum-Integracji-i-Uslug-Spolecznych-w-Gliwicach-1.png\",\"articleSection\":[\"Projekty\"],\"inLanguage\":\"en-US\"},{\"@type\":\"WebPage\",\"@id\":\"https:\/\/www.mostkatowice.pl\/lciius-gliwice\/\",\"url\":\"https:\/\/www.mostkatowice.pl\/lciius-gliwice\/\",\"name\":\"Lokalne Centrum Integracji i\u00a0Us\u0142ug Spo\u0142ecznych \u2013 projekt parafii \u015bw.\u00a0Jacka w\u00a0Gliwicach - Stowarzyszenie MOST\",\"isPartOf\":{\"@id\":\"https:\/\/www.mostkatowice.pl\/#website\"},\"primaryImageOfPage\":{\"@id\":\"https:\/\/www.mostkatowice.pl\/lciius-gliwice\/#primaryimage\"},\"image\":{\"@id\":\"https:\/\/www.mostkatowice.pl\/lciius-gliwice\/#primaryimage\"},\"thumbnailUrl\":\"https:\/\/www.mostkatowice.pl\/wp-content\/uploads\/2023\/07\/Lokalne-Centrum-Integracji-i-Uslug-Spolecznych-w-Gliwicach-1.png\",\"datePublished\":\"2022-11-02T08:05:00+00:00\",\"dateModified\":\"2024-07-17T08:07:56+00:00\",\"breadcrumb\":{\"@id\":\"https:\/\/www.mostkatowice.pl\/lciius-gliwice\/#breadcrumb\"},\"inLanguage\":\"en-US\",\"potentialAction\":[{\"@type\":\"ReadAction\",\"target\":[\"https:\/\/www.mostkatowice.pl\/lciius-gliwice\/\"]}]},{\"@type\":\"ImageObject\",\"inLanguage\":\"en-US\",\"@id\":\"https:\/\/www.mostkatowice.pl\/lciius-gliwice\/#primaryimage\",\"url\":\"https:\/\/www.mostkatowice.pl\/wp-content\/uploads\/2023\/07\/Lokalne-Centrum-Integracji-i-Uslug-Spolecznych-w-Gliwicach-1.png\",\"contentUrl\":\"https:\/\/www.mostkatowice.pl\/wp-content\/uploads\/2023\/07\/Lokalne-Centrum-Integracji-i-Uslug-Spolecznych-w-Gliwicach-1.png\",\"width\":940,\"height\":626,\"caption\":\"Pracownicy CIS w pracy\"},{\"@type\":\"BreadcrumbList\",\"@id\":\"https:\/\/www.mostkatowice.pl\/lciius-gliwice\/#breadcrumb\",\"itemListElement\":[{\"@type\":\"ListItem\",\"position\":1,\"name\":\"Strona g\u0142\u00f3wna\",\"item\":\"https:\/\/www.mostkatowice.pl\/\"},{\"@type\":\"ListItem\",\"position\":2,\"name\":\"Lokalne Centrum Integracji i\u00a0Us\u0142ug Spo\u0142ecznych \u2013 projekt parafii \u015bw.\u00a0Jacka w\u00a0Gliwicach\"}]},{\"@type\":\"WebSite\",\"@id\":\"https:\/\/www.mostkatowice.pl\/#website\",\"url\":\"https:\/\/www.mostkatowice.pl\/\",\"name\":\"Stowarzyszenie MOST\",\"description\":\"Most \u0142\u0105czy\",\"publisher\":{\"@id\":\"https:\/\/www.mostkatowice.pl\/#organization\"},\"potentialAction\":[{\"@type\":\"SearchAction\",\"target\":{\"@type\":\"EntryPoint\",\"urlTemplate\":\"https:\/\/www.mostkatowice.pl\/?s={search_term_string}\"},\"query-input\":{\"@type\":\"PropertyValueSpecification\",\"valueRequired\":true,\"valueName\":\"search_term_string\"}}],\"inLanguage\":\"en-US\"},{\"@type\":\"Organization\",\"@id\":\"https:\/\/www.mostkatowice.pl\/#organization\",\"name\":\"Stowarzyszenie MOST\",\"url\":\"https:\/\/www.mostkatowice.pl\/\",\"logo\":{\"@type\":\"ImageObject\",\"inLanguage\":\"en-US\",\"@id\":\"https:\/\/www.mostkatowice.pl\/#\/schema\/logo\/image\/\",\"url\":\"https:\/\/www.mostkatowice.pl\/wp-content\/uploads\/2022\/11\/cropped-cropped-cropped-MOST_Stowarzyszenie_Logo_RGB-03-4-e1667486323777.png\",\"contentUrl\":\"https:\/\/www.mostkatowice.pl\/wp-content\/uploads\/2022\/11\/cropped-cropped-cropped-MOST_Stowarzyszenie_Logo_RGB-03-4-e1667486323777.png\",\"width\":128,\"height\":89,\"caption\":\"Stowarzyszenie MOST\"},\"image\":{\"@id\":\"https:\/\/www.mostkatowice.pl\/#\/schema\/logo\/image\/\"},\"sameAs\":[\"https:\/\/www.facebook.com\/mostkatowice\",\"https:\/\/www.youtube.com\/@stowarzyszeniemost832\"]},{\"@type\":\"Person\",\"@id\":\"https:\/\/www.mostkatowice.pl\/#\/schema\/person\/c9027b32e55f8461a32c15d6a45c6c88\",\"name\":\"Agnieszka\",\"image\":{\"@type\":\"ImageObject\",\"inLanguage\":\"en-US\",\"@id\":\"https:\/\/www.mostkatowice.pl\/#\/schema\/person\/image\/\",\"url\":\"https:\/\/secure.gravatar.com\/avatar\/617166231e71f18303396375234f5ce451782dafb8e172fe30a510b70e1d7848?s=96&d=mm&r=g\",\"contentUrl\":\"https:\/\/secure.gravatar.com\/avatar\/617166231e71f18303396375234f5ce451782dafb8e172fe30a510b70e1d7848?s=96&d=mm&r=g\",\"caption\":\"Agnieszka\"},\"url\":\"https:\/\/www.mostkatowice.pl\/en\/author\/agnieszka\/\"}]}<\/script>\n<!-- \/ Yoast SEO plugin. -->","yoast_head_json":{"title":"Lokalne Centrum Integracji i\u00a0Us\u0142ug Spo\u0142ecznych \u2013 projekt parafii \u015bw.\u00a0Jacka w\u00a0Gliwicach - Stowarzyszenie MOST","robots":{"index":"index","follow":"follow","max-snippet":"max-snippet:-1","max-image-preview":"max-image-preview:large","max-video-preview":"max-video-preview:-1"},"canonical":"https:\/\/www.mostkatowice.pl\/en\/lciius-gliwice\/","og_locale":"en_US","og_type":"article","og_title":"Lokalne Centrum Integracji i\u00a0Us\u0142ug Spo\u0142ecznych \u2013 projekt parafii \u015bw.\u00a0Jacka w\u00a0Gliwicach - Stowarzyszenie MOST","og_description":"Przedmiotem projektu jest reintegracja zawodowa i&nbsp;spo\u0142eczna 30 os\u00f3b z&nbsp;terenu Miasta Gliwice. Cel zostanie zrealizowany w&nbsp;ramach 3 zada\u0144 projektu, kt\u00f3re opieraj\u0105 si\u0119 na&nbsp;dzia\u0142aniach wspieraj\u0105cych uczestnik\u00f3w CIS oraz&nbsp;pracy dw\u00f3ch pracowniach: kulinarnej i&nbsp;remontowo-budowlano-porz\u0105dkowej zlokalizowanych przy ul.&nbsp;Przedwio\u015bnie 3 w&nbsp;Gliwicach \u2013 So\u015bnicy. Projekt umo\u017cliwi animacj\u0119 \u017cycia spo\u0142ecznego i&nbsp;edukacj\u0119 zawodow\u0105 dzielnicy, a&nbsp;w&nbsp;sferze oddzia\u0142ywania poprawi standard \u017cycia mieszka\u0144c\u00f3w So\u015bnicy, podniesie zatrudnialno\u015b\u0107 os\u00f3b [&hellip;]","og_url":"https:\/\/www.mostkatowice.pl\/en\/lciius-gliwice\/","og_site_name":"Stowarzyszenie MOST","article_publisher":"https:\/\/www.facebook.com\/mostkatowice","article_published_time":"2022-11-02T08:05:00+00:00","article_modified_time":"2024-07-17T08:07:56+00:00","og_image":[{"width":940,"height":626,"url":"http:\/\/www.mostkatowice.pl\/wp-content\/uploads\/2023\/07\/Lokalne-Centrum-Integracji-i-Uslug-Spolecznych-w-Gliwicach-1.png","type":"image\/png"}],"author":"Agnieszka","twitter_card":"summary_large_image","twitter_misc":{"Written by":"Agnieszka","Est. reading time":"4 minutes"},"schema":{"@context":"https:\/\/schema.org","@graph":[{"@type":"Article","@id":"https:\/\/www.mostkatowice.pl\/lciius-gliwice\/#article","isPartOf":{"@id":"https:\/\/www.mostkatowice.pl\/lciius-gliwice\/"},"author":{"name":"Agnieszka","@id":"https:\/\/www.mostkatowice.pl\/#\/schema\/person\/c9027b32e55f8461a32c15d6a45c6c88"},"headline":"Lokalne Centrum Integracji i\u00a0Us\u0142ug Spo\u0142ecznych \u2013 projekt parafii \u015bw.\u00a0Jacka w\u00a0Gliwicach","datePublished":"2022-11-02T08:05:00+00:00","dateModified":"2024-07-17T08:07:56+00:00","mainEntityOfPage":{"@id":"https:\/\/www.mostkatowice.pl\/lciius-gliwice\/"},"wordCount":690,"publisher":{"@id":"https:\/\/www.mostkatowice.pl\/#organization"},"image":{"@id":"https:\/\/www.mostkatowice.pl\/lciius-gliwice\/#primaryimage"},"thumbnailUrl":"https:\/\/www.mostkatowice.pl\/wp-content\/uploads\/2023\/07\/Lokalne-Centrum-Integracji-i-Uslug-Spolecznych-w-Gliwicach-1.png","articleSection":["Projekty"],"inLanguage":"en-US"},{"@type":"WebPage","@id":"https:\/\/www.mostkatowice.pl\/lciius-gliwice\/","url":"https:\/\/www.mostkatowice.pl\/lciius-gliwice\/","name":"Lokalne Centrum Integracji i\u00a0Us\u0142ug Spo\u0142ecznych \u2013 projekt parafii \u015bw.\u00a0Jacka w\u00a0Gliwicach - Stowarzyszenie MOST","isPartOf":{"@id":"https:\/\/www.mostkatowice.pl\/#website"},"primaryImageOfPage":{"@id":"https:\/\/www.mostkatowice.pl\/lciius-gliwice\/#primaryimage"},"image":{"@id":"https:\/\/www.mostkatowice.pl\/lciius-gliwice\/#primaryimage"},"thumbnailUrl":"https:\/\/www.mostkatowice.pl\/wp-content\/uploads\/2023\/07\/Lokalne-Centrum-Integracji-i-Uslug-Spolecznych-w-Gliwicach-1.png","datePublished":"2022-11-02T08:05:00+00:00","dateModified":"2024-07-17T08:07:56+00:00","breadcrumb":{"@id":"https:\/\/www.mostkatowice.pl\/lciius-gliwice\/#breadcrumb"},"inLanguage":"en-US","potentialAction":[{"@type":"ReadAction","target":["https:\/\/www.mostkatowice.pl\/lciius-gliwice\/"]}]},{"@type":"ImageObject","inLanguage":"en-US","@id":"https:\/\/www.mostkatowice.pl\/lciius-gliwice\/#primaryimage","url":"https:\/\/www.mostkatowice.pl\/wp-content\/uploads\/2023\/07\/Lokalne-Centrum-Integracji-i-Uslug-Spolecznych-w-Gliwicach-1.png","contentUrl":"https:\/\/www.mostkatowice.pl\/wp-content\/uploads\/2023\/07\/Lokalne-Centrum-Integracji-i-Uslug-Spolecznych-w-Gliwicach-1.png","width":940,"height":626,"caption":"Pracownicy CIS w pracy"},{"@type":"BreadcrumbList","@id":"https:\/\/www.mostkatowice.pl\/lciius-gliwice\/#breadcrumb","itemListElement":[{"@type":"ListItem","position":1,"name":"Strona g\u0142\u00f3wna","item":"https:\/\/www.mostkatowice.pl\/"},{"@type":"ListItem","position":2,"name":"Lokalne Centrum Integracji i\u00a0Us\u0142ug Spo\u0142ecznych \u2013 projekt parafii \u015bw.\u00a0Jacka w\u00a0Gliwicach"}]},{"@type":"WebSite","@id":"https:\/\/www.mostkatowice.pl\/#website","url":"https:\/\/www.mostkatowice.pl\/","name":"Stowarzyszenie MOST","description":"Most \u0142\u0105czy","publisher":{"@id":"https:\/\/www.mostkatowice.pl\/#organization"},"potentialAction":[{"@type":"SearchAction","target":{"@type":"EntryPoint","urlTemplate":"https:\/\/www.mostkatowice.pl\/?s={search_term_string}"},"query-input":{"@type":"PropertyValueSpecification","valueRequired":true,"valueName":"search_term_string"}}],"inLanguage":"en-US"},{"@type":"Organization","@id":"https:\/\/www.mostkatowice.pl\/#organization","name":"Stowarzyszenie MOST","url":"https:\/\/www.mostkatowice.pl\/","logo":{"@type":"ImageObject","inLanguage":"en-US","@id":"https:\/\/www.mostkatowice.pl\/#\/schema\/logo\/image\/","url":"https:\/\/www.mostkatowice.pl\/wp-content\/uploads\/2022\/11\/cropped-cropped-cropped-MOST_Stowarzyszenie_Logo_RGB-03-4-e1667486323777.png","contentUrl":"https:\/\/www.mostkatowice.pl\/wp-content\/uploads\/2022\/11\/cropped-cropped-cropped-MOST_Stowarzyszenie_Logo_RGB-03-4-e1667486323777.png","width":128,"height":89,"caption":"Stowarzyszenie MOST"},"image":{"@id":"https:\/\/www.mostkatowice.pl\/#\/schema\/logo\/image\/"},"sameAs":["https:\/\/www.facebook.com\/mostkatowice","https:\/\/www.youtube.com\/@stowarzyszeniemost832"]},{"@type":"Person","@id":"https:\/\/www.mostkatowice.pl\/#\/schema\/person\/c9027b32e55f8461a32c15d6a45c6c88","name":"Agnieszka","image":{"@type":"ImageObject","inLanguage":"en-US","@id":"https:\/\/www.mostkatowice.pl\/#\/schema\/person\/image\/","url":"https:\/\/secure.gravatar.com\/avatar\/617166231e71f18303396375234f5ce451782dafb8e172fe30a510b70e1d7848?s=96&d=mm&r=g","contentUrl":"https:\/\/secure.gravatar.com\/avatar\/617166231e71f18303396375234f5ce451782dafb8e172fe30a510b70e1d7848?s=96&d=mm&r=g","caption":"Agnieszka"},"url":"https:\/\/www.mostkatowice.pl\/en\/author\/agnieszka\/"}]}},"_links":{"self":[{"href":"https:\/\/www.mostkatowice.pl\/en\/wp-json\/wp\/v2\/posts\/3330","targetHints":{"allow":["GET"]}}],"collection":[{"href":"https:\/\/www.mostkatowice.pl\/en\/wp-json\/wp\/v2\/posts"}],"about":[{"href":"https:\/\/www.mostkatowice.pl\/en\/wp-json\/wp\/v2\/types\/post"}],"author":[{"embeddable":true,"href":"https:\/\/www.mostkatowice.pl\/en\/wp-json\/wp\/v2\/users\/2"}],"replies":[{"embeddable":true,"href":"https:\/\/www.mostkatowice.pl\/en\/wp-json\/wp\/v2\/comments?post=3330"}],"version-history":[{"count":1,"href":"https:\/\/www.mostkatowice.pl\/en\/wp-json\/wp\/v2\/posts\/3330\/revisions"}],"predecessor-version":[{"id":3331,"href":"https:\/\/www.mostkatowice.pl\/en\/wp-json\/wp\/v2\/posts\/3330\/revisions\/3331"}],"wp:featuredmedia":[{"embeddable":true,"href":"https:\/\/www.mostkatowice.pl\/en\/wp-json\/wp\/v2\/media\/1987"}],"wp:attachment":[{"href":"https:\/\/www.mostkatowice.pl\/en\/wp-json\/wp\/v2\/media?parent=3330"}],"wp:term":[{"taxonomy":"category","embeddable":true,"href":"https:\/\/www.mostkatowice.pl\/en\/wp-json\/wp\/v2\/categories?post=3330"},{"taxonomy":"post_tag","embeddable":true,"href":"https:\/\/www.mostkatowice.pl\/en\/wp-json\/wp\/v2\/tags?post=3330"}],"curies":[{"name":"wp","href":"https:\/\/api.w.org\/{rel}","templated":true}]}}