{"id":3302,"date":"2014-03-12T16:42:00","date_gmt":"2014-03-12T14:42:00","guid":{"rendered":"https:\/\/www.mostkatowice.pl\/?p=3302"},"modified":"2024-07-12T16:44:02","modified_gmt":"2024-07-12T14:44:02","slug":"z-dialogowani2014","status":"publish","type":"post","link":"https:\/\/www.mostkatowice.pl\/en\/z-dialogowani2014\/","title":{"rendered":"Z-dialogowani"},"content":{"rendered":"<p>W&nbsp;marcu 2014&nbsp;r. Stowarzyszenie MOST rozpocz\u0119\u0142o realizacj\u0119 projektu \u201eZ-dialogowani\u201d, wsp\u00f3\u0142finansowanego z&nbsp;Funduszy EOG w&nbsp;ramach programu Obywatele dla Demokracji, celem kt\u00f3rego&nbsp;jest poprawa efektywno\u015bci funkcjonowania instytucji dialogu obywatelskiego i&nbsp;jako\u015bci opracowywanych przez&nbsp;nie&nbsp;rozwi\u0105za\u0144. Projekt przyczyni si\u0119 r\u00f3wnie\u017c do&nbsp;poprawy komunikacji mi\u0119dzy cz\u0142onkami r\u00f3\u017cnych cia\u0142 obywatelskich w&nbsp;3 samorz\u0105dach wojew\u00f3dztwa \u015bl\u0105skiego.<\/p>\n\n\n\n<p>Dzia\u0142ania projektowe maj\u0105&nbsp; doprowadzi\u0107 do&nbsp;wypracowania interdyscyplinarnego podej\u015bcia do&nbsp;rozwi\u0105zywania problem\u00f3w w&nbsp;samorz\u0105dach oraz&nbsp;usprawni\u0107 koordynacj\u0119 prac instytucji dialogu obywatelskiego.<\/p>\n\n\n\n<p>W&nbsp;projekcie wraz z&nbsp;jego uczestnikami \u2013 co&nbsp;najmniej 45 cz\u0142onkami instytucji dialogu obywatelskiego:<\/p>\n\n\n\n<ol class=\"wp-block-list\">\n<li>opracujemy metod\u0119 interdyscyplinarnego rozwi\u0105zywania problem\u00f3w spo\u0142ecznych i\u00a0wdro\u017cymy j\u0105\u00a0we\u00a0wsp\u00f3\u0142pracy z\u00a03 samorz\u0105dami;<\/li>\n\n\n\n<li>usprawnimy komunikacj\u0119 mi\u0119dzy w\/w instytucjami i\u00a0opracujemy e-narz\u0119dzie standaryzuj\u0105ce protoko\u0142y z\u00a0posiedze\u0144, kt\u00f3re dzi\u0119ki temu b\u0119d\u0105 dost\u0119pne w\u00a0sieci, a\u00a0przegl\u0105darki internetowe b\u0119d\u0105 mog\u0142y je\u00a0\u0142atwo wyszuka\u0107;<\/li>\n\n\n\n<li>przygotujemy cz\u0142onk\u00f3w w\/w instytucji w\u00a03 samorz\u0105dach do\u00a0kreatywnego podej\u015bcia przy rozwi\u0105zywaniu problem\u00f3w;<\/li>\n\n\n\n<li>upowszechnimy rozwi\u0105zania wypracowane w\u00a0projekcie, dzi\u0119ki czemu w\u00a0kolejnych gminach i\u00a0powiatach wojew\u00f3dztwa wzro\u015bnie jako\u015b\u0107 wsp\u00f3\u0142pracy.<\/li>\n<\/ol>\n\n\n\n<p>Poprawa jako\u015bci funkcjonowania IDO, dzi\u0119ki wsp\u00f3\u0142pracy, docelowo prze\u0142o\u017cy si\u0119 na&nbsp;wzrost efektywno\u015bci i&nbsp;trafno\u015bci lokalnych rozwi\u0105za\u0144, a&nbsp;tym samym jako\u015bci \u017cycia mieszka\u0144c\u00f3w w&nbsp;3 JST.<\/p>\n\n\n\n<h2 class=\"wp-block-heading\">Etapy projektu:<\/h2>\n\n\n\n<ol class=\"wp-block-list\">\n<li>Rekrutacja, kt\u00f3ra\u00a0sk\u0142ada si\u0119 pog\u0142\u0119bionej analizy funkcjonowania instytucji dialogu obywatelskiego w\u00a0wojew\u00f3dztwie we\u00a0wszystkich powiatach i\u00a0gminach wojew\u00f3dztwa \u015bl\u0105skiego, w\u00a0tym wizyt badawczych.<\/li>\n\n\n\n<li>Opracowanie zebranych danych i\u00a0ich udost\u0119pniane na\u00a0licencji CC.<\/li>\n\n\n\n<li>Wypracowanie rozwi\u0105za\u0144, realizowane wsp\u00f3lnie z\u00a0uczestnikami projektu, kt\u00f3re to\u00a0dzia\u0142anie sk\u0142ada si\u0119 z:<br>\u2013 trzech 3-dniowych warsztat\u00f3w wyjazdowych \u2013 po\u00a01 na\u00a0lokalizacj\u0119, z\u00a0zakresu funkcjonowania instytucji dialogu obywatelskiego w\u00a0samorz\u0105dach;<br>\u2013 spotkania w\u00a0ka\u017cdej z\u00a0lokalizacji, w\u00a0celu opracowania analizy SWOT danej lokalizacji;<br>\u2013 trzech 3-dniowych warsztat\u00f3w \u2013 po\u00a0jednym dla ka\u017cdej z\u00a0lokalizacji, z\u00a0zakresu pobudzania kreatywno\u015bci;<br>\u2013 opracowania narz\u0119dzi dla instytucji dialogu obywatelskiego w\u00a03 obszarach:<br>A) usprawnienia komunikacji mi\u0119dzy instytucjami,<br>B) zapewnienia \u0142atwo\u015bci dost\u0119pu i\u00a0przejrzysto\u015bci dzia\u0142a\u0144 instytucji dialogu obywatelskiego,<br>C) kompleksowego i\u00a0interdyscyplinarnego podej\u015bcia do\u00a0rozwi\u0105zywania problem\u00f3w lokalnych;<\/li>\n\n\n\n<li>testowania rozwi\u0105za\u0144 w\u00a0ka\u017cdej z\u00a03 lokalizacji;<\/li>\n\n\n\n<li>walidacji produkt\u00f3w projektu, a\u00a0nast\u0119pnie ich modyfikacji zgodnie z\u00a0wynikami ewaluacji.<\/li>\n\n\n\n<li>Wdro\u017cenie rozwi\u0105za\u0144 w\u00a0samorz\u0105dach.<\/li>\n\n\n\n<li>Upowszechnianie rezultat\u00f3w projektu m.in.: poprzez spotkania w\u00a0forach samorz\u0105dowych i\u00a0wyst\u0105pienia podczas konferencji, publikacj\u0119 artyku\u0142\u00f3w o\u00a0projekcie i\u00a0proponowanych rozwi\u0105zaniach na\u00a0portalach bran\u017cowych.<\/li>\n<\/ol>","protected":false},"excerpt":{"rendered":"<p>W&nbsp;marcu 2014&nbsp;r. Stowarzyszenie MOST rozpocz\u0119\u0142o realizacj\u0119 projektu \u201eZ-dialogowani\u201d, wsp\u00f3\u0142finansowanego z&nbsp;Funduszy EOG w&nbsp;ramach programu Obywatele dla Demokracji, celem kt\u00f3rego&nbsp;jest poprawa efektywno\u015bci funkcjonowania instytucji dialogu obywatelskiego i&nbsp;jako\u015bci opracowywanych przez&nbsp;nie&nbsp;rozwi\u0105za\u0144. Projekt przyczyni si\u0119 r\u00f3wnie\u017c do&nbsp;poprawy komunikacji mi\u0119dzy cz\u0142onkami r\u00f3\u017cnych cia\u0142 obywatelskich w&nbsp;3 samorz\u0105dach wojew\u00f3dztwa \u015bl\u0105skiego. Dzia\u0142ania projektowe maj\u0105&nbsp; doprowadzi\u0107 do&nbsp;wypracowania interdyscyplinarnego podej\u015bcia do&nbsp;rozwi\u0105zywania problem\u00f3w w&nbsp;samorz\u0105dach oraz&nbsp;usprawni\u0107 koordynacj\u0119 prac [&hellip;]<\/p>","protected":false},"author":2,"featured_media":2296,"comment_status":"closed","ping_status":"closed","sticky":false,"template":"","format":"standard","meta":{"om_disable_all_campaigns":false,"_monsterinsights_skip_tracking":false,"_monsterinsights_sitenote_active":false,"_monsterinsights_sitenote_note":"","_monsterinsights_sitenote_category":0,"_uf_show_specific_survey":0,"_uf_disable_surveys":false,"footnotes":""},"categories":[60],"tags":[],"class_list":["post-3302","post","type-post","status-publish","format-standard","has-post-thumbnail","hentry","category-projekty"],"yoast_head":"<!-- This site is optimized with the Yoast SEO plugin v26.8 - https:\/\/yoast.com\/product\/yoast-seo-wordpress\/ -->\n<title>Z-dialogowani - Stowarzyszenie MOST<\/title>\n<meta name=\"robots\" content=\"index, follow, max-snippet:-1, max-image-preview:large, max-video-preview:-1\" \/>\n<link rel=\"canonical\" href=\"https:\/\/www.mostkatowice.pl\/en\/z-dialogowani2014\/\" \/>\n<meta property=\"og:locale\" content=\"en_US\" \/>\n<meta property=\"og:type\" content=\"article\" \/>\n<meta property=\"og:title\" content=\"Z-dialogowani - Stowarzyszenie MOST\" \/>\n<meta property=\"og:description\" content=\"W&nbsp;marcu 2014&nbsp;r. Stowarzyszenie MOST rozpocz\u0119\u0142o realizacj\u0119 projektu \u201eZ-dialogowani\u201d, wsp\u00f3\u0142finansowanego z&nbsp;Funduszy EOG w&nbsp;ramach programu Obywatele dla Demokracji, celem kt\u00f3rego&nbsp;jest poprawa efektywno\u015bci funkcjonowania instytucji dialogu obywatelskiego i&nbsp;jako\u015bci opracowywanych przez&nbsp;nie&nbsp;rozwi\u0105za\u0144. Projekt przyczyni si\u0119 r\u00f3wnie\u017c do&nbsp;poprawy komunikacji mi\u0119dzy cz\u0142onkami r\u00f3\u017cnych cia\u0142 obywatelskich w&nbsp;3 samorz\u0105dach wojew\u00f3dztwa \u015bl\u0105skiego. Dzia\u0142ania projektowe maj\u0105&nbsp; doprowadzi\u0107 do&nbsp;wypracowania interdyscyplinarnego podej\u015bcia do&nbsp;rozwi\u0105zywania problem\u00f3w w&nbsp;samorz\u0105dach oraz&nbsp;usprawni\u0107 koordynacj\u0119 prac [&hellip;]\" \/>\n<meta property=\"og:url\" content=\"https:\/\/www.mostkatowice.pl\/en\/z-dialogowani2014\/\" \/>\n<meta property=\"og:site_name\" content=\"Stowarzyszenie MOST\" \/>\n<meta property=\"article:publisher\" content=\"https:\/\/www.facebook.com\/mostkatowice\" \/>\n<meta property=\"article:published_time\" content=\"2014-03-12T14:42:00+00:00\" \/>\n<meta property=\"article:modified_time\" content=\"2024-07-12T14:44:02+00:00\" \/>\n<meta property=\"og:image\" content=\"http:\/\/www.mostkatowice.pl\/wp-content\/uploads\/2023\/09\/zdialogowani-logo-kolor-krzywe.jpeg\" \/>\n\t<meta property=\"og:image:width\" content=\"1766\" \/>\n\t<meta property=\"og:image:height\" content=\"1177\" \/>\n\t<meta property=\"og:image:type\" content=\"image\/jpeg\" \/>\n<meta name=\"author\" content=\"Agnieszka\" \/>\n<meta name=\"twitter:card\" content=\"summary_large_image\" \/>\n<meta name=\"twitter:label1\" content=\"Written by\" \/>\n\t<meta name=\"twitter:data1\" content=\"Agnieszka\" \/>\n\t<meta name=\"twitter:label2\" content=\"Est. reading time\" \/>\n\t<meta name=\"twitter:data2\" content=\"3 minutes\" \/>\n<script type=\"application\/ld+json\" class=\"yoast-schema-graph\">{\"@context\":\"https:\/\/schema.org\",\"@graph\":[{\"@type\":\"Article\",\"@id\":\"https:\/\/www.mostkatowice.pl\/z-dialogowani2014\/#article\",\"isPartOf\":{\"@id\":\"https:\/\/www.mostkatowice.pl\/z-dialogowani2014\/\"},\"author\":{\"name\":\"Agnieszka\",\"@id\":\"https:\/\/www.mostkatowice.pl\/#\/schema\/person\/c9027b32e55f8461a32c15d6a45c6c88\"},\"headline\":\"Z-dialogowani\",\"datePublished\":\"2014-03-12T14:42:00+00:00\",\"dateModified\":\"2024-07-12T14:44:02+00:00\",\"mainEntityOfPage\":{\"@id\":\"https:\/\/www.mostkatowice.pl\/z-dialogowani2014\/\"},\"wordCount\":461,\"publisher\":{\"@id\":\"https:\/\/www.mostkatowice.pl\/#organization\"},\"image\":{\"@id\":\"https:\/\/www.mostkatowice.pl\/z-dialogowani2014\/#primaryimage\"},\"thumbnailUrl\":\"https:\/\/www.mostkatowice.pl\/wp-content\/uploads\/2023\/09\/zdialogowani-logo-kolor-krzywe.jpeg\",\"articleSection\":[\"Projekty\"],\"inLanguage\":\"en-US\"},{\"@type\":\"WebPage\",\"@id\":\"https:\/\/www.mostkatowice.pl\/z-dialogowani2014\/\",\"url\":\"https:\/\/www.mostkatowice.pl\/z-dialogowani2014\/\",\"name\":\"Z-dialogowani - Stowarzyszenie MOST\",\"isPartOf\":{\"@id\":\"https:\/\/www.mostkatowice.pl\/#website\"},\"primaryImageOfPage\":{\"@id\":\"https:\/\/www.mostkatowice.pl\/z-dialogowani2014\/#primaryimage\"},\"image\":{\"@id\":\"https:\/\/www.mostkatowice.pl\/z-dialogowani2014\/#primaryimage\"},\"thumbnailUrl\":\"https:\/\/www.mostkatowice.pl\/wp-content\/uploads\/2023\/09\/zdialogowani-logo-kolor-krzywe.jpeg\",\"datePublished\":\"2014-03-12T14:42:00+00:00\",\"dateModified\":\"2024-07-12T14:44:02+00:00\",\"breadcrumb\":{\"@id\":\"https:\/\/www.mostkatowice.pl\/z-dialogowani2014\/#breadcrumb\"},\"inLanguage\":\"en-US\",\"potentialAction\":[{\"@type\":\"ReadAction\",\"target\":[\"https:\/\/www.mostkatowice.pl\/z-dialogowani2014\/\"]}]},{\"@type\":\"ImageObject\",\"inLanguage\":\"en-US\",\"@id\":\"https:\/\/www.mostkatowice.pl\/z-dialogowani2014\/#primaryimage\",\"url\":\"https:\/\/www.mostkatowice.pl\/wp-content\/uploads\/2023\/09\/zdialogowani-logo-kolor-krzywe.jpeg\",\"contentUrl\":\"https:\/\/www.mostkatowice.pl\/wp-content\/uploads\/2023\/09\/zdialogowani-logo-kolor-krzywe.jpeg\",\"width\":1766,\"height\":1177,\"caption\":\"Logotyp projektu Z-dialogowani\"},{\"@type\":\"BreadcrumbList\",\"@id\":\"https:\/\/www.mostkatowice.pl\/z-dialogowani2014\/#breadcrumb\",\"itemListElement\":[{\"@type\":\"ListItem\",\"position\":1,\"name\":\"Strona g\u0142\u00f3wna\",\"item\":\"https:\/\/www.mostkatowice.pl\/\"},{\"@type\":\"ListItem\",\"position\":2,\"name\":\"Z-dialogowani\"}]},{\"@type\":\"WebSite\",\"@id\":\"https:\/\/www.mostkatowice.pl\/#website\",\"url\":\"https:\/\/www.mostkatowice.pl\/\",\"name\":\"Stowarzyszenie MOST\",\"description\":\"Most \u0142\u0105czy\",\"publisher\":{\"@id\":\"https:\/\/www.mostkatowice.pl\/#organization\"},\"potentialAction\":[{\"@type\":\"SearchAction\",\"target\":{\"@type\":\"EntryPoint\",\"urlTemplate\":\"https:\/\/www.mostkatowice.pl\/?s={search_term_string}\"},\"query-input\":{\"@type\":\"PropertyValueSpecification\",\"valueRequired\":true,\"valueName\":\"search_term_string\"}}],\"inLanguage\":\"en-US\"},{\"@type\":\"Organization\",\"@id\":\"https:\/\/www.mostkatowice.pl\/#organization\",\"name\":\"Stowarzyszenie MOST\",\"url\":\"https:\/\/www.mostkatowice.pl\/\",\"logo\":{\"@type\":\"ImageObject\",\"inLanguage\":\"en-US\",\"@id\":\"https:\/\/www.mostkatowice.pl\/#\/schema\/logo\/image\/\",\"url\":\"https:\/\/www.mostkatowice.pl\/wp-content\/uploads\/2022\/11\/cropped-cropped-cropped-MOST_Stowarzyszenie_Logo_RGB-03-4-e1667486323777.png\",\"contentUrl\":\"https:\/\/www.mostkatowice.pl\/wp-content\/uploads\/2022\/11\/cropped-cropped-cropped-MOST_Stowarzyszenie_Logo_RGB-03-4-e1667486323777.png\",\"width\":128,\"height\":89,\"caption\":\"Stowarzyszenie MOST\"},\"image\":{\"@id\":\"https:\/\/www.mostkatowice.pl\/#\/schema\/logo\/image\/\"},\"sameAs\":[\"https:\/\/www.facebook.com\/mostkatowice\",\"https:\/\/www.youtube.com\/@stowarzyszeniemost832\"]},{\"@type\":\"Person\",\"@id\":\"https:\/\/www.mostkatowice.pl\/#\/schema\/person\/c9027b32e55f8461a32c15d6a45c6c88\",\"name\":\"Agnieszka\",\"image\":{\"@type\":\"ImageObject\",\"inLanguage\":\"en-US\",\"@id\":\"https:\/\/www.mostkatowice.pl\/#\/schema\/person\/image\/\",\"url\":\"https:\/\/secure.gravatar.com\/avatar\/617166231e71f18303396375234f5ce451782dafb8e172fe30a510b70e1d7848?s=96&d=mm&r=g\",\"contentUrl\":\"https:\/\/secure.gravatar.com\/avatar\/617166231e71f18303396375234f5ce451782dafb8e172fe30a510b70e1d7848?s=96&d=mm&r=g\",\"caption\":\"Agnieszka\"},\"url\":\"https:\/\/www.mostkatowice.pl\/en\/author\/agnieszka\/\"}]}<\/script>\n<!-- \/ Yoast SEO plugin. -->","yoast_head_json":{"title":"Z-dialogowani - Stowarzyszenie MOST","robots":{"index":"index","follow":"follow","max-snippet":"max-snippet:-1","max-image-preview":"max-image-preview:large","max-video-preview":"max-video-preview:-1"},"canonical":"https:\/\/www.mostkatowice.pl\/en\/z-dialogowani2014\/","og_locale":"en_US","og_type":"article","og_title":"Z-dialogowani - Stowarzyszenie MOST","og_description":"W&nbsp;marcu 2014&nbsp;r. Stowarzyszenie MOST rozpocz\u0119\u0142o realizacj\u0119 projektu \u201eZ-dialogowani\u201d, wsp\u00f3\u0142finansowanego z&nbsp;Funduszy EOG w&nbsp;ramach programu Obywatele dla Demokracji, celem kt\u00f3rego&nbsp;jest poprawa efektywno\u015bci funkcjonowania instytucji dialogu obywatelskiego i&nbsp;jako\u015bci opracowywanych przez&nbsp;nie&nbsp;rozwi\u0105za\u0144. Projekt przyczyni si\u0119 r\u00f3wnie\u017c do&nbsp;poprawy komunikacji mi\u0119dzy cz\u0142onkami r\u00f3\u017cnych cia\u0142 obywatelskich w&nbsp;3 samorz\u0105dach wojew\u00f3dztwa \u015bl\u0105skiego. Dzia\u0142ania projektowe maj\u0105&nbsp; doprowadzi\u0107 do&nbsp;wypracowania interdyscyplinarnego podej\u015bcia do&nbsp;rozwi\u0105zywania problem\u00f3w w&nbsp;samorz\u0105dach oraz&nbsp;usprawni\u0107 koordynacj\u0119 prac [&hellip;]","og_url":"https:\/\/www.mostkatowice.pl\/en\/z-dialogowani2014\/","og_site_name":"Stowarzyszenie MOST","article_publisher":"https:\/\/www.facebook.com\/mostkatowice","article_published_time":"2014-03-12T14:42:00+00:00","article_modified_time":"2024-07-12T14:44:02+00:00","og_image":[{"width":1766,"height":1177,"url":"http:\/\/www.mostkatowice.pl\/wp-content\/uploads\/2023\/09\/zdialogowani-logo-kolor-krzywe.jpeg","type":"image\/jpeg"}],"author":"Agnieszka","twitter_card":"summary_large_image","twitter_misc":{"Written by":"Agnieszka","Est. reading time":"3 minutes"},"schema":{"@context":"https:\/\/schema.org","@graph":[{"@type":"Article","@id":"https:\/\/www.mostkatowice.pl\/z-dialogowani2014\/#article","isPartOf":{"@id":"https:\/\/www.mostkatowice.pl\/z-dialogowani2014\/"},"author":{"name":"Agnieszka","@id":"https:\/\/www.mostkatowice.pl\/#\/schema\/person\/c9027b32e55f8461a32c15d6a45c6c88"},"headline":"Z-dialogowani","datePublished":"2014-03-12T14:42:00+00:00","dateModified":"2024-07-12T14:44:02+00:00","mainEntityOfPage":{"@id":"https:\/\/www.mostkatowice.pl\/z-dialogowani2014\/"},"wordCount":461,"publisher":{"@id":"https:\/\/www.mostkatowice.pl\/#organization"},"image":{"@id":"https:\/\/www.mostkatowice.pl\/z-dialogowani2014\/#primaryimage"},"thumbnailUrl":"https:\/\/www.mostkatowice.pl\/wp-content\/uploads\/2023\/09\/zdialogowani-logo-kolor-krzywe.jpeg","articleSection":["Projekty"],"inLanguage":"en-US"},{"@type":"WebPage","@id":"https:\/\/www.mostkatowice.pl\/z-dialogowani2014\/","url":"https:\/\/www.mostkatowice.pl\/z-dialogowani2014\/","name":"Z-dialogowani - Stowarzyszenie MOST","isPartOf":{"@id":"https:\/\/www.mostkatowice.pl\/#website"},"primaryImageOfPage":{"@id":"https:\/\/www.mostkatowice.pl\/z-dialogowani2014\/#primaryimage"},"image":{"@id":"https:\/\/www.mostkatowice.pl\/z-dialogowani2014\/#primaryimage"},"thumbnailUrl":"https:\/\/www.mostkatowice.pl\/wp-content\/uploads\/2023\/09\/zdialogowani-logo-kolor-krzywe.jpeg","datePublished":"2014-03-12T14:42:00+00:00","dateModified":"2024-07-12T14:44:02+00:00","breadcrumb":{"@id":"https:\/\/www.mostkatowice.pl\/z-dialogowani2014\/#breadcrumb"},"inLanguage":"en-US","potentialAction":[{"@type":"ReadAction","target":["https:\/\/www.mostkatowice.pl\/z-dialogowani2014\/"]}]},{"@type":"ImageObject","inLanguage":"en-US","@id":"https:\/\/www.mostkatowice.pl\/z-dialogowani2014\/#primaryimage","url":"https:\/\/www.mostkatowice.pl\/wp-content\/uploads\/2023\/09\/zdialogowani-logo-kolor-krzywe.jpeg","contentUrl":"https:\/\/www.mostkatowice.pl\/wp-content\/uploads\/2023\/09\/zdialogowani-logo-kolor-krzywe.jpeg","width":1766,"height":1177,"caption":"Logotyp projektu Z-dialogowani"},{"@type":"BreadcrumbList","@id":"https:\/\/www.mostkatowice.pl\/z-dialogowani2014\/#breadcrumb","itemListElement":[{"@type":"ListItem","position":1,"name":"Strona g\u0142\u00f3wna","item":"https:\/\/www.mostkatowice.pl\/"},{"@type":"ListItem","position":2,"name":"Z-dialogowani"}]},{"@type":"WebSite","@id":"https:\/\/www.mostkatowice.pl\/#website","url":"https:\/\/www.mostkatowice.pl\/","name":"Stowarzyszenie MOST","description":"Most \u0142\u0105czy","publisher":{"@id":"https:\/\/www.mostkatowice.pl\/#organization"},"potentialAction":[{"@type":"SearchAction","target":{"@type":"EntryPoint","urlTemplate":"https:\/\/www.mostkatowice.pl\/?s={search_term_string}"},"query-input":{"@type":"PropertyValueSpecification","valueRequired":true,"valueName":"search_term_string"}}],"inLanguage":"en-US"},{"@type":"Organization","@id":"https:\/\/www.mostkatowice.pl\/#organization","name":"Stowarzyszenie MOST","url":"https:\/\/www.mostkatowice.pl\/","logo":{"@type":"ImageObject","inLanguage":"en-US","@id":"https:\/\/www.mostkatowice.pl\/#\/schema\/logo\/image\/","url":"https:\/\/www.mostkatowice.pl\/wp-content\/uploads\/2022\/11\/cropped-cropped-cropped-MOST_Stowarzyszenie_Logo_RGB-03-4-e1667486323777.png","contentUrl":"https:\/\/www.mostkatowice.pl\/wp-content\/uploads\/2022\/11\/cropped-cropped-cropped-MOST_Stowarzyszenie_Logo_RGB-03-4-e1667486323777.png","width":128,"height":89,"caption":"Stowarzyszenie MOST"},"image":{"@id":"https:\/\/www.mostkatowice.pl\/#\/schema\/logo\/image\/"},"sameAs":["https:\/\/www.facebook.com\/mostkatowice","https:\/\/www.youtube.com\/@stowarzyszeniemost832"]},{"@type":"Person","@id":"https:\/\/www.mostkatowice.pl\/#\/schema\/person\/c9027b32e55f8461a32c15d6a45c6c88","name":"Agnieszka","image":{"@type":"ImageObject","inLanguage":"en-US","@id":"https:\/\/www.mostkatowice.pl\/#\/schema\/person\/image\/","url":"https:\/\/secure.gravatar.com\/avatar\/617166231e71f18303396375234f5ce451782dafb8e172fe30a510b70e1d7848?s=96&d=mm&r=g","contentUrl":"https:\/\/secure.gravatar.com\/avatar\/617166231e71f18303396375234f5ce451782dafb8e172fe30a510b70e1d7848?s=96&d=mm&r=g","caption":"Agnieszka"},"url":"https:\/\/www.mostkatowice.pl\/en\/author\/agnieszka\/"}]}},"_links":{"self":[{"href":"https:\/\/www.mostkatowice.pl\/en\/wp-json\/wp\/v2\/posts\/3302","targetHints":{"allow":["GET"]}}],"collection":[{"href":"https:\/\/www.mostkatowice.pl\/en\/wp-json\/wp\/v2\/posts"}],"about":[{"href":"https:\/\/www.mostkatowice.pl\/en\/wp-json\/wp\/v2\/types\/post"}],"author":[{"embeddable":true,"href":"https:\/\/www.mostkatowice.pl\/en\/wp-json\/wp\/v2\/users\/2"}],"replies":[{"embeddable":true,"href":"https:\/\/www.mostkatowice.pl\/en\/wp-json\/wp\/v2\/comments?post=3302"}],"version-history":[{"count":2,"href":"https:\/\/www.mostkatowice.pl\/en\/wp-json\/wp\/v2\/posts\/3302\/revisions"}],"predecessor-version":[{"id":3304,"href":"https:\/\/www.mostkatowice.pl\/en\/wp-json\/wp\/v2\/posts\/3302\/revisions\/3304"}],"wp:featuredmedia":[{"embeddable":true,"href":"https:\/\/www.mostkatowice.pl\/en\/wp-json\/wp\/v2\/media\/2296"}],"wp:attachment":[{"href":"https:\/\/www.mostkatowice.pl\/en\/wp-json\/wp\/v2\/media?parent=3302"}],"wp:term":[{"taxonomy":"category","embeddable":true,"href":"https:\/\/www.mostkatowice.pl\/en\/wp-json\/wp\/v2\/categories?post=3302"},{"taxonomy":"post_tag","embeddable":true,"href":"https:\/\/www.mostkatowice.pl\/en\/wp-json\/wp\/v2\/tags?post=3302"}],"curies":[{"name":"wp","href":"https:\/\/api.w.org\/{rel}","templated":true}]}}