{"id":3295,"date":"2020-04-01T15:38:00","date_gmt":"2020-04-01T13:38:00","guid":{"rendered":"https:\/\/www.mostkatowice.pl\/?p=3295"},"modified":"2024-10-16T15:35:41","modified_gmt":"2024-10-16T13:35:41","slug":"kil","status":"publish","type":"post","link":"https:\/\/www.mostkatowice.pl\/en\/kil\/","title":{"rendered":"Klub Inicjatyw Lokalnych w Mys\u0142owicach"},"content":{"rendered":"<p><\/p>\n\n\n\n<p>Projekt jest dofinansowany ze \u015brodk\u00f3w Unii Europejskiej w ramach Regionalnego Programu Operacyjnego Wojew\u00f3dztwa \u015al\u0105skiego na lata 2014 \u2013 2020, Dzia\u0142anie 9.1. Aktywna integracja.<\/p>\n\n\n\n<p>Cel projektu<\/p>\n\n\n\n<p>Celem projektu jest realizacja dzia\u0142a\u0144 Program\u00f3w Aktywno\u015bci Lokalnej na terenie 3 dzielnic \u015br\u00f3dmie\u015bcia: Centrum, Piasek, Stare Miasto ze szczeg\u00f3lnym uwzgl\u0119dnieniem z uwzgl\u0119dnieniem dzia\u0142a\u0144 opartych o samopomoc i wolontariat, dzia\u0142ania organizacji pozarz\u0105dowych i lider\u00f3w lokalnych, dzia\u0142ania \u015brodowiskowe, prozatrudnieniowe i edukacyjne.<br>W ramach projektu planuje si\u0119 obj\u0119ciem wsparcia 67 os\u00f3b&nbsp; zagro\u017conych wykluczeniem spo\u0142ecznym, kt\u00f3re poprzez udzia\u0142 w planowanych dzia\u0142aniach w\u0142\u0105cz\u0105 si\u0119 w dzia\u0142ania na rzecz Mys\u0142owic&nbsp; oraz zdob\u0119d\u0105 wiedz\u0119 i kwalifikacje niezb\u0119dne na rynku pracy.<br><br>Warto\u015b\u0107 projektu<\/p>\n\n\n\n<p>Ca\u0142kowita warto\u015b\u0107 projektu wynosi 1 178 464,80 z\u0142 , w tym pozyskane dofinansowanie wynosi 1 119 541,56 z\u0142. Pozosta\u0142a cz\u0119\u015b\u0107 \u015brodk\u00f3w stanowi wk\u0142ad w\u0142asny Miasta Mys\u0142owice.<\/p>\n\n\n\n<p>Czas realizacji projektu<br>od 2020-04-01 do 2023-06-30<\/p>\n\n\n\n<p><strong>Dzia\u0142ania przewidziane w projekcie<\/strong><\/p>\n\n\n\n<ol class=\"wp-block-list\">\n<li>Animacja lokalna w ramach Program\u00f3w Aktywno\u015bci Lokalnej (PAL), w tym w szczeg\u00f3lno\u015bci:<\/li>\n<\/ol>\n\n\n\n<ul class=\"wp-block-list\">\n<li>otwarcie i prowadzenie Klubu Inicjatyw Lokalnych<\/li>\n\n\n\n<li>praca animacyjnej w ramach PAL<\/li>\n\n\n\n<li>organizacja piknik\u00f3w integracyjnych<\/li>\n\n\n\n<li>prowadzenie zaj\u0119\u0107 dla lokalnych lider\u00f3w \u2013 szko\u0142a lider\u00f3w<\/li>\n\n\n\n<li>wsparcie lider\u00f3w lokalnych poprzez specjalistyczne doradztwo<\/li>\n\n\n\n<li>realizacja inicjatyw oddolnych w ramach pakiet\u00f3w rozwoju lokalnego<\/li>\n<\/ul>\n\n\n\n<ol start=\"2\" class=\"wp-block-list\">\n<li>Bezpo\u015brednie wsparcie uczestnik\u00f3w projektu, w szczeg\u00f3lno\u015bci poprzez:<\/li>\n<\/ol>\n\n\n\n<ul class=\"wp-block-list\">\n<li>doradztwo zawodowe<\/li>\n\n\n\n<li>obj\u0119cia uczestnik\u00f3w wsparciem coacha<\/li>\n\n\n\n<li>uczestnictwo w kursach zawodowych<\/li>\n<\/ul>\n\n\n\n<p><a href=\"https:\/\/mostkatowice.org\/wp-content\/uploads\/2020\/04\/regulamin-rekrutacji-i-uczestnictwa-kil.docx\">Regulamin rekrutacji i uczestnictwa KIL<\/a><\/p>\n\n\n\n<p><a href=\"https:\/\/mostkatowice.org\/wp-content\/uploads\/2020\/04\/zac582.-1-karta-uczestnika-mono-1.docx\">Za\u0142. 1 Karta uczestnika mono<\/a><\/p>\n\n\n\n<p><a href=\"https:\/\/mostkatowice.org\/wp-content\/uploads\/2020\/04\/zac582.-2-oc59bwiadczenia-uczestnika.docx\">Za\u0142. 2 O\u015bwiadczenia Uczestnika<\/a><\/p>\n\n\n\n<p><a href=\"https:\/\/mostkatowice.org\/wp-content\/uploads\/2020\/04\/zac582.-3-zgoda-na-wykorzystywanie-wizerunku.docx\">Za\u0142. 3 Zgoda na wykorzystywanie wizerunku<\/a><\/p>\n\n\n\n<p><a href=\"https:\/\/mostkatowice.org\/wp-content\/uploads\/2020\/04\/zac582.-4-oc59bwiadczenie-o-korzystaniu-nie-korzystaniu-ze-wsparcia-w-ramach-innych-projektc3b3w.docx\">Za\u0142. 4 O\u015bwiadczenie o korzystaniu, nie korzystaniu ze wsparcia w ramach innych projekt\u00f3w<\/a><\/p>\n\n\n\n<p>tel 574910221<\/p>\n\n\n\n<p>mail: kil @ mostkatowice.pl<\/p>\n\n\n\n<p><em>Projekt jest realizowany w partnerstwie Stowarzyszenia Wspierania Organizacji Pozarz\u0105dowych MOST i Miasta Mys\u0142owice<\/em><\/p>\n\n\n\n<figure class=\"wp-block-image\"><img decoding=\"async\" src=\"https:\/\/mostkatowice.org\/wp-content\/uploads\/2019\/01\/efs_poziom_kolor.jpg?w=1024\" alt=\"\" class=\"wp-image-1376\"\/><\/figure>\n\n\n\n<p><\/p>","protected":false},"excerpt":{"rendered":"<p>Projekt jest dofinansowany ze \u015brodk\u00f3w Unii Europejskiej w ramach Regionalnego Programu Operacyjnego Wojew\u00f3dztwa \u015al\u0105skiego na lata 2014 \u2013 2020, Dzia\u0142anie 9.1. Aktywna integracja. Cel projektu Celem projektu jest realizacja dzia\u0142a\u0144 Program\u00f3w Aktywno\u015bci Lokalnej na terenie 3 dzielnic \u015br\u00f3dmie\u015bcia: Centrum, Piasek, Stare Miasto ze szczeg\u00f3lnym uwzgl\u0119dnieniem z uwzgl\u0119dnieniem dzia\u0142a\u0144 opartych o samopomoc i wolontariat, dzia\u0142ania organizacji [&hellip;]<\/p>","protected":false},"author":2,"featured_media":1187,"comment_status":"closed","ping_status":"closed","sticky":false,"template":"","format":"standard","meta":{"om_disable_all_campaigns":false,"_monsterinsights_skip_tracking":false,"_monsterinsights_sitenote_active":false,"_monsterinsights_sitenote_note":"","_monsterinsights_sitenote_category":0,"_uf_show_specific_survey":0,"_uf_disable_surveys":false,"footnotes":""},"categories":[60],"tags":[],"class_list":["post-3295","post","type-post","status-publish","format-standard","has-post-thumbnail","hentry","category-projekty"],"yoast_head":"<!-- This site is optimized with the Yoast SEO plugin v26.8 - https:\/\/yoast.com\/product\/yoast-seo-wordpress\/ -->\n<title>Klub Inicjatyw Lokalnych w Mys\u0142owicach - Stowarzyszenie MOST<\/title>\n<meta name=\"robots\" content=\"index, follow, max-snippet:-1, max-image-preview:large, max-video-preview:-1\" \/>\n<link rel=\"canonical\" href=\"https:\/\/www.mostkatowice.pl\/en\/kil\/\" \/>\n<meta property=\"og:locale\" content=\"en_US\" \/>\n<meta property=\"og:type\" content=\"article\" \/>\n<meta property=\"og:title\" content=\"Klub Inicjatyw Lokalnych w Mys\u0142owicach - Stowarzyszenie MOST\" \/>\n<meta property=\"og:description\" content=\"Projekt jest dofinansowany ze \u015brodk\u00f3w Unii Europejskiej w ramach Regionalnego Programu Operacyjnego Wojew\u00f3dztwa \u015al\u0105skiego na lata 2014 \u2013 2020, Dzia\u0142anie 9.1. Aktywna integracja. Cel projektu Celem projektu jest realizacja dzia\u0142a\u0144 Program\u00f3w Aktywno\u015bci Lokalnej na terenie 3 dzielnic \u015br\u00f3dmie\u015bcia: Centrum, Piasek, Stare Miasto ze szczeg\u00f3lnym uwzgl\u0119dnieniem z uwzgl\u0119dnieniem dzia\u0142a\u0144 opartych o samopomoc i wolontariat, dzia\u0142ania organizacji [&hellip;]\" \/>\n<meta property=\"og:url\" content=\"https:\/\/www.mostkatowice.pl\/en\/kil\/\" \/>\n<meta property=\"og:site_name\" content=\"Stowarzyszenie MOST\" \/>\n<meta property=\"article:publisher\" content=\"https:\/\/www.facebook.com\/mostkatowice\" \/>\n<meta property=\"article:published_time\" content=\"2020-04-01T13:38:00+00:00\" \/>\n<meta property=\"article:modified_time\" content=\"2024-10-16T13:35:41+00:00\" \/>\n<meta property=\"og:image\" content=\"http:\/\/www.mostkatowice.pl\/wp-content\/uploads\/2023\/03\/propozycja-2.png.webp\" \/>\n\t<meta property=\"og:image:width\" content=\"438\" \/>\n\t<meta property=\"og:image:height\" content=\"438\" \/>\n\t<meta property=\"og:image:type\" content=\"image\/webp\" \/>\n<meta name=\"author\" content=\"Agnieszka\" \/>\n<meta name=\"twitter:card\" content=\"summary_large_image\" \/>\n<meta name=\"twitter:label1\" content=\"Written by\" \/>\n\t<meta name=\"twitter:data1\" content=\"Agnieszka\" \/>\n\t<meta name=\"twitter:label2\" content=\"Est. reading time\" \/>\n\t<meta name=\"twitter:data2\" content=\"2 minutes\" \/>\n<script type=\"application\/ld+json\" class=\"yoast-schema-graph\">{\"@context\":\"https:\/\/schema.org\",\"@graph\":[{\"@type\":\"Article\",\"@id\":\"https:\/\/www.mostkatowice.pl\/kil\/#article\",\"isPartOf\":{\"@id\":\"https:\/\/www.mostkatowice.pl\/kil\/\"},\"author\":{\"name\":\"Agnieszka\",\"@id\":\"https:\/\/www.mostkatowice.pl\/#\/schema\/person\/c9027b32e55f8461a32c15d6a45c6c88\"},\"headline\":\"Klub Inicjatyw Lokalnych w Mys\u0142owicach\",\"datePublished\":\"2020-04-01T13:38:00+00:00\",\"dateModified\":\"2024-10-16T13:35:41+00:00\",\"mainEntityOfPage\":{\"@id\":\"https:\/\/www.mostkatowice.pl\/kil\/\"},\"wordCount\":300,\"publisher\":{\"@id\":\"https:\/\/www.mostkatowice.pl\/#organization\"},\"image\":{\"@id\":\"https:\/\/www.mostkatowice.pl\/kil\/#primaryimage\"},\"thumbnailUrl\":\"https:\/\/www.mostkatowice.pl\/wp-content\/uploads\/2023\/03\/propozycja-2.png.webp\",\"articleSection\":[\"Projekty\"],\"inLanguage\":\"en-US\"},{\"@type\":\"WebPage\",\"@id\":\"https:\/\/www.mostkatowice.pl\/kil\/\",\"url\":\"https:\/\/www.mostkatowice.pl\/kil\/\",\"name\":\"Klub Inicjatyw Lokalnych w Mys\u0142owicach - Stowarzyszenie MOST\",\"isPartOf\":{\"@id\":\"https:\/\/www.mostkatowice.pl\/#website\"},\"primaryImageOfPage\":{\"@id\":\"https:\/\/www.mostkatowice.pl\/kil\/#primaryimage\"},\"image\":{\"@id\":\"https:\/\/www.mostkatowice.pl\/kil\/#primaryimage\"},\"thumbnailUrl\":\"https:\/\/www.mostkatowice.pl\/wp-content\/uploads\/2023\/03\/propozycja-2.png.webp\",\"datePublished\":\"2020-04-01T13:38:00+00:00\",\"dateModified\":\"2024-10-16T13:35:41+00:00\",\"breadcrumb\":{\"@id\":\"https:\/\/www.mostkatowice.pl\/kil\/#breadcrumb\"},\"inLanguage\":\"en-US\",\"potentialAction\":[{\"@type\":\"ReadAction\",\"target\":[\"https:\/\/www.mostkatowice.pl\/kil\/\"]}]},{\"@type\":\"ImageObject\",\"inLanguage\":\"en-US\",\"@id\":\"https:\/\/www.mostkatowice.pl\/kil\/#primaryimage\",\"url\":\"https:\/\/www.mostkatowice.pl\/wp-content\/uploads\/2023\/03\/propozycja-2.png.webp\",\"contentUrl\":\"https:\/\/www.mostkatowice.pl\/wp-content\/uploads\/2023\/03\/propozycja-2.png.webp\",\"width\":438,\"height\":438},{\"@type\":\"BreadcrumbList\",\"@id\":\"https:\/\/www.mostkatowice.pl\/kil\/#breadcrumb\",\"itemListElement\":[{\"@type\":\"ListItem\",\"position\":1,\"name\":\"Strona g\u0142\u00f3wna\",\"item\":\"https:\/\/www.mostkatowice.pl\/\"},{\"@type\":\"ListItem\",\"position\":2,\"name\":\"Klub Inicjatyw Lokalnych w Mys\u0142owicach\"}]},{\"@type\":\"WebSite\",\"@id\":\"https:\/\/www.mostkatowice.pl\/#website\",\"url\":\"https:\/\/www.mostkatowice.pl\/\",\"name\":\"Stowarzyszenie MOST\",\"description\":\"Most \u0142\u0105czy\",\"publisher\":{\"@id\":\"https:\/\/www.mostkatowice.pl\/#organization\"},\"potentialAction\":[{\"@type\":\"SearchAction\",\"target\":{\"@type\":\"EntryPoint\",\"urlTemplate\":\"https:\/\/www.mostkatowice.pl\/?s={search_term_string}\"},\"query-input\":{\"@type\":\"PropertyValueSpecification\",\"valueRequired\":true,\"valueName\":\"search_term_string\"}}],\"inLanguage\":\"en-US\"},{\"@type\":\"Organization\",\"@id\":\"https:\/\/www.mostkatowice.pl\/#organization\",\"name\":\"Stowarzyszenie MOST\",\"url\":\"https:\/\/www.mostkatowice.pl\/\",\"logo\":{\"@type\":\"ImageObject\",\"inLanguage\":\"en-US\",\"@id\":\"https:\/\/www.mostkatowice.pl\/#\/schema\/logo\/image\/\",\"url\":\"https:\/\/www.mostkatowice.pl\/wp-content\/uploads\/2022\/11\/cropped-cropped-cropped-MOST_Stowarzyszenie_Logo_RGB-03-4-e1667486323777.png\",\"contentUrl\":\"https:\/\/www.mostkatowice.pl\/wp-content\/uploads\/2022\/11\/cropped-cropped-cropped-MOST_Stowarzyszenie_Logo_RGB-03-4-e1667486323777.png\",\"width\":128,\"height\":89,\"caption\":\"Stowarzyszenie MOST\"},\"image\":{\"@id\":\"https:\/\/www.mostkatowice.pl\/#\/schema\/logo\/image\/\"},\"sameAs\":[\"https:\/\/www.facebook.com\/mostkatowice\",\"https:\/\/www.youtube.com\/@stowarzyszeniemost832\"]},{\"@type\":\"Person\",\"@id\":\"https:\/\/www.mostkatowice.pl\/#\/schema\/person\/c9027b32e55f8461a32c15d6a45c6c88\",\"name\":\"Agnieszka\",\"image\":{\"@type\":\"ImageObject\",\"inLanguage\":\"en-US\",\"@id\":\"https:\/\/www.mostkatowice.pl\/#\/schema\/person\/image\/\",\"url\":\"https:\/\/secure.gravatar.com\/avatar\/617166231e71f18303396375234f5ce451782dafb8e172fe30a510b70e1d7848?s=96&d=mm&r=g\",\"contentUrl\":\"https:\/\/secure.gravatar.com\/avatar\/617166231e71f18303396375234f5ce451782dafb8e172fe30a510b70e1d7848?s=96&d=mm&r=g\",\"caption\":\"Agnieszka\"},\"url\":\"https:\/\/www.mostkatowice.pl\/en\/author\/agnieszka\/\"}]}<\/script>\n<!-- \/ Yoast SEO plugin. -->","yoast_head_json":{"title":"Klub Inicjatyw Lokalnych w Mys\u0142owicach - Stowarzyszenie MOST","robots":{"index":"index","follow":"follow","max-snippet":"max-snippet:-1","max-image-preview":"max-image-preview:large","max-video-preview":"max-video-preview:-1"},"canonical":"https:\/\/www.mostkatowice.pl\/en\/kil\/","og_locale":"en_US","og_type":"article","og_title":"Klub Inicjatyw Lokalnych w Mys\u0142owicach - Stowarzyszenie MOST","og_description":"Projekt jest dofinansowany ze \u015brodk\u00f3w Unii Europejskiej w ramach Regionalnego Programu Operacyjnego Wojew\u00f3dztwa \u015al\u0105skiego na lata 2014 \u2013 2020, Dzia\u0142anie 9.1. Aktywna integracja. Cel projektu Celem projektu jest realizacja dzia\u0142a\u0144 Program\u00f3w Aktywno\u015bci Lokalnej na terenie 3 dzielnic \u015br\u00f3dmie\u015bcia: Centrum, Piasek, Stare Miasto ze szczeg\u00f3lnym uwzgl\u0119dnieniem z uwzgl\u0119dnieniem dzia\u0142a\u0144 opartych o samopomoc i wolontariat, dzia\u0142ania organizacji [&hellip;]","og_url":"https:\/\/www.mostkatowice.pl\/en\/kil\/","og_site_name":"Stowarzyszenie MOST","article_publisher":"https:\/\/www.facebook.com\/mostkatowice","article_published_time":"2020-04-01T13:38:00+00:00","article_modified_time":"2024-10-16T13:35:41+00:00","og_image":[{"width":438,"height":438,"url":"http:\/\/www.mostkatowice.pl\/wp-content\/uploads\/2023\/03\/propozycja-2.png.webp","type":"image\/webp"}],"author":"Agnieszka","twitter_card":"summary_large_image","twitter_misc":{"Written by":"Agnieszka","Est. reading time":"2 minutes"},"schema":{"@context":"https:\/\/schema.org","@graph":[{"@type":"Article","@id":"https:\/\/www.mostkatowice.pl\/kil\/#article","isPartOf":{"@id":"https:\/\/www.mostkatowice.pl\/kil\/"},"author":{"name":"Agnieszka","@id":"https:\/\/www.mostkatowice.pl\/#\/schema\/person\/c9027b32e55f8461a32c15d6a45c6c88"},"headline":"Klub Inicjatyw Lokalnych w Mys\u0142owicach","datePublished":"2020-04-01T13:38:00+00:00","dateModified":"2024-10-16T13:35:41+00:00","mainEntityOfPage":{"@id":"https:\/\/www.mostkatowice.pl\/kil\/"},"wordCount":300,"publisher":{"@id":"https:\/\/www.mostkatowice.pl\/#organization"},"image":{"@id":"https:\/\/www.mostkatowice.pl\/kil\/#primaryimage"},"thumbnailUrl":"https:\/\/www.mostkatowice.pl\/wp-content\/uploads\/2023\/03\/propozycja-2.png.webp","articleSection":["Projekty"],"inLanguage":"en-US"},{"@type":"WebPage","@id":"https:\/\/www.mostkatowice.pl\/kil\/","url":"https:\/\/www.mostkatowice.pl\/kil\/","name":"Klub Inicjatyw Lokalnych w Mys\u0142owicach - Stowarzyszenie MOST","isPartOf":{"@id":"https:\/\/www.mostkatowice.pl\/#website"},"primaryImageOfPage":{"@id":"https:\/\/www.mostkatowice.pl\/kil\/#primaryimage"},"image":{"@id":"https:\/\/www.mostkatowice.pl\/kil\/#primaryimage"},"thumbnailUrl":"https:\/\/www.mostkatowice.pl\/wp-content\/uploads\/2023\/03\/propozycja-2.png.webp","datePublished":"2020-04-01T13:38:00+00:00","dateModified":"2024-10-16T13:35:41+00:00","breadcrumb":{"@id":"https:\/\/www.mostkatowice.pl\/kil\/#breadcrumb"},"inLanguage":"en-US","potentialAction":[{"@type":"ReadAction","target":["https:\/\/www.mostkatowice.pl\/kil\/"]}]},{"@type":"ImageObject","inLanguage":"en-US","@id":"https:\/\/www.mostkatowice.pl\/kil\/#primaryimage","url":"https:\/\/www.mostkatowice.pl\/wp-content\/uploads\/2023\/03\/propozycja-2.png.webp","contentUrl":"https:\/\/www.mostkatowice.pl\/wp-content\/uploads\/2023\/03\/propozycja-2.png.webp","width":438,"height":438},{"@type":"BreadcrumbList","@id":"https:\/\/www.mostkatowice.pl\/kil\/#breadcrumb","itemListElement":[{"@type":"ListItem","position":1,"name":"Strona g\u0142\u00f3wna","item":"https:\/\/www.mostkatowice.pl\/"},{"@type":"ListItem","position":2,"name":"Klub Inicjatyw Lokalnych w Mys\u0142owicach"}]},{"@type":"WebSite","@id":"https:\/\/www.mostkatowice.pl\/#website","url":"https:\/\/www.mostkatowice.pl\/","name":"Stowarzyszenie MOST","description":"Most \u0142\u0105czy","publisher":{"@id":"https:\/\/www.mostkatowice.pl\/#organization"},"potentialAction":[{"@type":"SearchAction","target":{"@type":"EntryPoint","urlTemplate":"https:\/\/www.mostkatowice.pl\/?s={search_term_string}"},"query-input":{"@type":"PropertyValueSpecification","valueRequired":true,"valueName":"search_term_string"}}],"inLanguage":"en-US"},{"@type":"Organization","@id":"https:\/\/www.mostkatowice.pl\/#organization","name":"Stowarzyszenie MOST","url":"https:\/\/www.mostkatowice.pl\/","logo":{"@type":"ImageObject","inLanguage":"en-US","@id":"https:\/\/www.mostkatowice.pl\/#\/schema\/logo\/image\/","url":"https:\/\/www.mostkatowice.pl\/wp-content\/uploads\/2022\/11\/cropped-cropped-cropped-MOST_Stowarzyszenie_Logo_RGB-03-4-e1667486323777.png","contentUrl":"https:\/\/www.mostkatowice.pl\/wp-content\/uploads\/2022\/11\/cropped-cropped-cropped-MOST_Stowarzyszenie_Logo_RGB-03-4-e1667486323777.png","width":128,"height":89,"caption":"Stowarzyszenie MOST"},"image":{"@id":"https:\/\/www.mostkatowice.pl\/#\/schema\/logo\/image\/"},"sameAs":["https:\/\/www.facebook.com\/mostkatowice","https:\/\/www.youtube.com\/@stowarzyszeniemost832"]},{"@type":"Person","@id":"https:\/\/www.mostkatowice.pl\/#\/schema\/person\/c9027b32e55f8461a32c15d6a45c6c88","name":"Agnieszka","image":{"@type":"ImageObject","inLanguage":"en-US","@id":"https:\/\/www.mostkatowice.pl\/#\/schema\/person\/image\/","url":"https:\/\/secure.gravatar.com\/avatar\/617166231e71f18303396375234f5ce451782dafb8e172fe30a510b70e1d7848?s=96&d=mm&r=g","contentUrl":"https:\/\/secure.gravatar.com\/avatar\/617166231e71f18303396375234f5ce451782dafb8e172fe30a510b70e1d7848?s=96&d=mm&r=g","caption":"Agnieszka"},"url":"https:\/\/www.mostkatowice.pl\/en\/author\/agnieszka\/"}]}},"_links":{"self":[{"href":"https:\/\/www.mostkatowice.pl\/en\/wp-json\/wp\/v2\/posts\/3295","targetHints":{"allow":["GET"]}}],"collection":[{"href":"https:\/\/www.mostkatowice.pl\/en\/wp-json\/wp\/v2\/posts"}],"about":[{"href":"https:\/\/www.mostkatowice.pl\/en\/wp-json\/wp\/v2\/types\/post"}],"author":[{"embeddable":true,"href":"https:\/\/www.mostkatowice.pl\/en\/wp-json\/wp\/v2\/users\/2"}],"replies":[{"embeddable":true,"href":"https:\/\/www.mostkatowice.pl\/en\/wp-json\/wp\/v2\/comments?post=3295"}],"version-history":[{"count":4,"href":"https:\/\/www.mostkatowice.pl\/en\/wp-json\/wp\/v2\/posts\/3295\/revisions"}],"predecessor-version":[{"id":3567,"href":"https:\/\/www.mostkatowice.pl\/en\/wp-json\/wp\/v2\/posts\/3295\/revisions\/3567"}],"wp:featuredmedia":[{"embeddable":true,"href":"https:\/\/www.mostkatowice.pl\/en\/wp-json\/wp\/v2\/media\/1187"}],"wp:attachment":[{"href":"https:\/\/www.mostkatowice.pl\/en\/wp-json\/wp\/v2\/media?parent=3295"}],"wp:term":[{"taxonomy":"category","embeddable":true,"href":"https:\/\/www.mostkatowice.pl\/en\/wp-json\/wp\/v2\/categories?post=3295"},{"taxonomy":"post_tag","embeddable":true,"href":"https:\/\/www.mostkatowice.pl\/en\/wp-json\/wp\/v2\/tags?post=3295"}],"curies":[{"name":"wp","href":"https:\/\/api.w.org\/{rel}","templated":true}]}}