{"id":3291,"date":"2019-10-01T15:26:00","date_gmt":"2019-10-01T13:26:00","guid":{"rendered":"https:\/\/www.mostkatowice.pl\/?p=3291"},"modified":"2024-07-12T15:30:33","modified_gmt":"2024-07-12T13:30:33","slug":"kierunek-praca-20-2019","status":"publish","type":"post","link":"https:\/\/www.mostkatowice.pl\/en\/kierunek-praca-20-2019\/","title":{"rendered":"Kierunek praca 2.0"},"content":{"rendered":"<p><strong>Projekt jest wsp\u00f3\u0142finansowany ze&nbsp;\u015brodk\u00f3w Unii Europejskiej w&nbsp;ramach Europejskiego Funduszu Spo\u0142ecznego (Regionalny Program Operacyjny Wojew\u00f3dztwa \u015al\u0105skiego \u2013 O\u015b&nbsp;priorytetowa 9. W\u0142\u0105czenie spo\u0142eczne)<\/strong><\/p>\n\n\n\n<p><strong>Czas trwania: 2019-10-06 \u2013 2022-12-31<\/strong><\/p>\n\n\n\n<p><strong><br><\/strong>Partnerstwo: Forum Organizacji Pozarz\u0105dowych Dzia\u0142aj\u0105cych na&nbsp;Rzecz Os\u00f3b Niepe\u0142nosprawnych Chorych i&nbsp;Ich Rodzin pod&nbsp;nazw\u0105 \u201eRAZEM\u201d&nbsp;we wsp\u00f3\u0142pracy Stowarzyszenia Wspierania Organizacji Pozarz\u0105dowych MOST oraz&nbsp;Fundacji \u201eNadzieja \u2013 Dzieci\u201d<\/p>\n\n\n\n<p><strong>Warto\u015b\u0107 ca\u0142kowita projektu&nbsp;<\/strong>2 087 656,02 z\u0142<\/p>\n\n\n\n<p><strong>Dofinansowanie&nbsp;<\/strong>1 983 273,21 z\u0142<\/p>\n\n\n\n<p><strong>w&nbsp;tym \u015brodki Unii Europejskiej&nbsp;<\/strong>1 774 507,61 z\u0142<\/p>\n\n\n\n<p>Jego realizacja ma&nbsp;na&nbsp;celu zwi\u0119kszenie aktywno\u015bci zawodowej&nbsp;<strong>110 os\u00f3b z&nbsp;orzeczon\u0105 niepe\u0142nosprawno\u015bci\u0105,&nbsp;<\/strong>poprzez realizacj\u0119 kompleksowego programu aktywizacji zawodowej dostosowanego do&nbsp;indywidualnych potrzeb i&nbsp;predyspozycji oraz&nbsp;lokalnego rynku pracy, w&nbsp;ramach kt\u00f3rego&nbsp;zrealizowane zostan\u0105 us\u0142ugi aktywnej integracji w&nbsp;zakresie instrument\u00f3w:<\/p>\n\n\n\n<p>\u2013 spo\u0142ecznych,<\/p>\n\n\n\n<p>\u2013 zawodowych,<\/p>\n\n\n\n<p>\u2013 zdrowotnych.<\/p>\n\n\n\n<p>Projekt jest podzielony na&nbsp;3 etapy realizacyjne:<\/p>\n\n\n\n<ol class=\"wp-block-list\">\n<li><strong>Us\u0142ugi spo\u0142eczne, w\u00a0ramach kt\u00f3rych\u00a0oferujemy:<\/strong><\/li>\n\n\n\n<li>specjalistyczne poradnictwo o\u00a0charakterze prawnym, rodzinnym i\u00a0psychologicznym<\/li>\n\n\n\n<li>wsparcie asystenta osoby niepe\u0142nosprawnej (w\u00a0tym w\u00a0zale\u017cno\u015bci od\u00a0potrzeb \u2013 t\u0142umacza osoby nies\u0142ysz\u0105cej, przewodnika osoby niewidomej)<\/li>\n\n\n\n<li>indywidualn\u0105 prac\u0119 z\u00a0coachem<\/li>\n\n\n\n<li>udzia\u0142 w\u00a0spotkaniach grupy samopomocowej<\/li>\n\n\n\n<li>wyjazdowe treningi kompetencji i\u00a0umiej\u0119tno\u015bci spo\u0142ecznych<\/li>\n\n\n\n<li>zaj\u0119cia w\u00a0zakresie edukacji spo\u0142ecznej i\u00a0obywatelskiej<\/li>\n<\/ol>\n\n\n\n<ol class=\"wp-block-list\" start=\"2\">\n<li><strong>Us\u0142ugi zawodowe, gdzie zapewniamy:<\/strong><\/li>\n\n\n\n<li>kursy i\u00a0szkolenia zawodowe z\u00a0potwierdzeniem uzyskania kwalifikacji<\/li>\n\n\n\n<li>sta\u017ce pracy przygotowuj\u0105ce do\u00a0zatrudnienia wraz z\u00a0wyp\u0142at\u0105 stypendium sta\u017cowego<\/li>\n\n\n\n<li>pomoc trenera pracy<\/li>\n\n\n\n<li>wsparcie doradcy zawodowego<\/li>\n\n\n\n<li>pakiety pracownicze<\/li>\n\n\n\n<li><strong>Us\u0142ugi zdrowotne, w\u00a0ramach kt\u00f3rych\u00a0zach\u0119camy do\u00a0skorzystania z:\u00a0<\/strong>a) zaj\u0119\u0107 rehabilitacyjnych zgodnie z\u00a0potrzebami os\u00f3b z\u00a0niepe\u0142nosprawno\u015bci\u0105.<\/li>\n<\/ol>\n\n\n\n<p><strong>Prosimy o&nbsp;kontakt, je\u015bli:<\/strong><\/p>\n\n\n\n<ul class=\"wp-block-list\">\n<li>Jeste\u015b osob\u0105 z\u00a0niepe\u0142nosprawno\u015bci\u0105 z\u00a0terenu Zabrza i\u00a0okolic<\/li>\n\n\n\n<li>Znasz tak\u0105 osob\u0119, kt\u00f3ra\u00a0potrzebowa\u0142aby wsparcia w\u00a0zakresie wej\u015bcia na\u00a0rynek pracy<\/li>\n\n\n\n<li>Jeste\u015b pracodawc\u0105 i\u00a0zainteresowa\u0142a Ci\u0119 wsp\u00f3\u0142praca w\u00a0zwi\u0119kszaniu zatrudnienia ON<\/li>\n<\/ul>\n\n\n\n<p><strong>Kontakt poprzez biuro projektu:&nbsp; Zabrze, Wolno\u015bci 274, tel.&nbsp;533641591&nbsp;<\/strong><\/p>\n\n\n\n<p><a href=\"https:\/\/mostkatowiceorg.files.wordpress.com\/2020\/05\/formularz-zgc582oszeniowy-kierunek-praca-2.0.pdf\">Formularz zg\u0142oszeniowy \u2013 Kierunek Praca 2.0<\/a><\/p>\n\n\n\n<p><a href=\"https:\/\/mostkatowiceorg.files.wordpress.com\/2022\/09\/zasady-rekrutacji.pdf\">Zasady uczestnictwa w&nbsp;projekcie Kierunek Praca 2.0<\/a><\/p>","protected":false},"excerpt":{"rendered":"<p>Projekt jest wsp\u00f3\u0142finansowany ze&nbsp;\u015brodk\u00f3w Unii Europejskiej w&nbsp;ramach Europejskiego Funduszu Spo\u0142ecznego (Regionalny Program Operacyjny Wojew\u00f3dztwa \u015al\u0105skiego \u2013 O\u015b&nbsp;priorytetowa 9. W\u0142\u0105czenie spo\u0142eczne) Czas trwania: 2019-10-06 \u2013 2022-12-31 Partnerstwo: Forum Organizacji Pozarz\u0105dowych Dzia\u0142aj\u0105cych na&nbsp;Rzecz Os\u00f3b Niepe\u0142nosprawnych Chorych i&nbsp;Ich Rodzin pod&nbsp;nazw\u0105 \u201eRAZEM\u201d&nbsp;we wsp\u00f3\u0142pracy Stowarzyszenia Wspierania Organizacji Pozarz\u0105dowych MOST oraz&nbsp;Fundacji \u201eNadzieja \u2013 Dzieci\u201d Warto\u015b\u0107 ca\u0142kowita projektu&nbsp;2 087 656,02 z\u0142 Dofinansowanie&nbsp;1 [&hellip;]<\/p>","protected":false},"author":2,"featured_media":2129,"comment_status":"closed","ping_status":"closed","sticky":false,"template":"","format":"standard","meta":{"om_disable_all_campaigns":false,"_monsterinsights_skip_tracking":false,"_monsterinsights_sitenote_active":false,"_monsterinsights_sitenote_note":"","_monsterinsights_sitenote_category":0,"_uf_show_specific_survey":0,"_uf_disable_surveys":false,"footnotes":""},"categories":[60],"tags":[],"class_list":["post-3291","post","type-post","status-publish","format-standard","has-post-thumbnail","hentry","category-projekty"],"yoast_head":"<!-- This site is optimized with the Yoast SEO plugin v26.8 - https:\/\/yoast.com\/product\/yoast-seo-wordpress\/ -->\n<title>Kierunek praca 2.0 - Stowarzyszenie MOST<\/title>\n<meta name=\"robots\" content=\"index, follow, max-snippet:-1, max-image-preview:large, max-video-preview:-1\" \/>\n<link rel=\"canonical\" href=\"https:\/\/www.mostkatowice.pl\/en\/kierunek-praca-20-2019\/\" \/>\n<meta property=\"og:locale\" content=\"en_US\" \/>\n<meta property=\"og:type\" content=\"article\" \/>\n<meta property=\"og:title\" content=\"Kierunek praca 2.0 - Stowarzyszenie MOST\" \/>\n<meta property=\"og:description\" content=\"Projekt jest wsp\u00f3\u0142finansowany ze&nbsp;\u015brodk\u00f3w Unii Europejskiej w&nbsp;ramach Europejskiego Funduszu Spo\u0142ecznego (Regionalny Program Operacyjny Wojew\u00f3dztwa \u015al\u0105skiego \u2013 O\u015b&nbsp;priorytetowa 9. W\u0142\u0105czenie spo\u0142eczne) Czas trwania: 2019-10-06 \u2013 2022-12-31 Partnerstwo: Forum Organizacji Pozarz\u0105dowych Dzia\u0142aj\u0105cych na&nbsp;Rzecz Os\u00f3b Niepe\u0142nosprawnych Chorych i&nbsp;Ich Rodzin pod&nbsp;nazw\u0105 \u201eRAZEM\u201d&nbsp;we wsp\u00f3\u0142pracy Stowarzyszenia Wspierania Organizacji Pozarz\u0105dowych MOST oraz&nbsp;Fundacji \u201eNadzieja \u2013 Dzieci\u201d Warto\u015b\u0107 ca\u0142kowita projektu&nbsp;2 087 656,02 z\u0142 Dofinansowanie&nbsp;1 [&hellip;]\" \/>\n<meta property=\"og:url\" content=\"https:\/\/www.mostkatowice.pl\/en\/kierunek-praca-20-2019\/\" \/>\n<meta property=\"og:site_name\" content=\"Stowarzyszenie MOST\" \/>\n<meta property=\"article:publisher\" content=\"https:\/\/www.facebook.com\/mostkatowice\" \/>\n<meta property=\"article:published_time\" content=\"2019-10-01T13:26:00+00:00\" \/>\n<meta property=\"article:modified_time\" content=\"2024-07-12T13:30:33+00:00\" \/>\n<meta property=\"og:image\" content=\"http:\/\/www.mostkatowice.pl\/wp-content\/uploads\/2023\/08\/Zrzut-ekranu-2023-08-8-o-16.08.15.png\" \/>\n\t<meta property=\"og:image:width\" content=\"547\" \/>\n\t<meta property=\"og:image:height\" content=\"364\" \/>\n\t<meta property=\"og:image:type\" content=\"image\/png\" \/>\n<meta name=\"author\" content=\"Agnieszka\" \/>\n<meta name=\"twitter:card\" content=\"summary_large_image\" \/>\n<meta name=\"twitter:label1\" content=\"Written by\" \/>\n\t<meta name=\"twitter:data1\" content=\"Agnieszka\" \/>\n\t<meta name=\"twitter:label2\" content=\"Est. reading time\" \/>\n\t<meta name=\"twitter:data2\" content=\"2 minutes\" \/>\n<script type=\"application\/ld+json\" class=\"yoast-schema-graph\">{\"@context\":\"https:\/\/schema.org\",\"@graph\":[{\"@type\":\"Article\",\"@id\":\"https:\/\/www.mostkatowice.pl\/kierunek-praca-20-2019\/#article\",\"isPartOf\":{\"@id\":\"https:\/\/www.mostkatowice.pl\/kierunek-praca-20-2019\/\"},\"author\":{\"name\":\"Agnieszka\",\"@id\":\"https:\/\/www.mostkatowice.pl\/#\/schema\/person\/c9027b32e55f8461a32c15d6a45c6c88\"},\"headline\":\"Kierunek praca 2.0\",\"datePublished\":\"2019-10-01T13:26:00+00:00\",\"dateModified\":\"2024-07-12T13:30:33+00:00\",\"mainEntityOfPage\":{\"@id\":\"https:\/\/www.mostkatowice.pl\/kierunek-praca-20-2019\/\"},\"wordCount\":357,\"publisher\":{\"@id\":\"https:\/\/www.mostkatowice.pl\/#organization\"},\"image\":{\"@id\":\"https:\/\/www.mostkatowice.pl\/kierunek-praca-20-2019\/#primaryimage\"},\"thumbnailUrl\":\"https:\/\/www.mostkatowice.pl\/wp-content\/uploads\/2023\/08\/Zrzut-ekranu-2023-08-8-o-16.08.15.png\",\"articleSection\":[\"Projekty\"],\"inLanguage\":\"en-US\"},{\"@type\":\"WebPage\",\"@id\":\"https:\/\/www.mostkatowice.pl\/kierunek-praca-20-2019\/\",\"url\":\"https:\/\/www.mostkatowice.pl\/kierunek-praca-20-2019\/\",\"name\":\"Kierunek praca 2.0 - Stowarzyszenie MOST\",\"isPartOf\":{\"@id\":\"https:\/\/www.mostkatowice.pl\/#website\"},\"primaryImageOfPage\":{\"@id\":\"https:\/\/www.mostkatowice.pl\/kierunek-praca-20-2019\/#primaryimage\"},\"image\":{\"@id\":\"https:\/\/www.mostkatowice.pl\/kierunek-praca-20-2019\/#primaryimage\"},\"thumbnailUrl\":\"https:\/\/www.mostkatowice.pl\/wp-content\/uploads\/2023\/08\/Zrzut-ekranu-2023-08-8-o-16.08.15.png\",\"datePublished\":\"2019-10-01T13:26:00+00:00\",\"dateModified\":\"2024-07-12T13:30:33+00:00\",\"breadcrumb\":{\"@id\":\"https:\/\/www.mostkatowice.pl\/kierunek-praca-20-2019\/#breadcrumb\"},\"inLanguage\":\"en-US\",\"potentialAction\":[{\"@type\":\"ReadAction\",\"target\":[\"https:\/\/www.mostkatowice.pl\/kierunek-praca-20-2019\/\"]}]},{\"@type\":\"ImageObject\",\"inLanguage\":\"en-US\",\"@id\":\"https:\/\/www.mostkatowice.pl\/kierunek-praca-20-2019\/#primaryimage\",\"url\":\"https:\/\/www.mostkatowice.pl\/wp-content\/uploads\/2023\/08\/Zrzut-ekranu-2023-08-8-o-16.08.15.png\",\"contentUrl\":\"https:\/\/www.mostkatowice.pl\/wp-content\/uploads\/2023\/08\/Zrzut-ekranu-2023-08-8-o-16.08.15.png\",\"width\":547,\"height\":364,\"caption\":\"Logotyp projektu kierunek praca 2.0\"},{\"@type\":\"BreadcrumbList\",\"@id\":\"https:\/\/www.mostkatowice.pl\/kierunek-praca-20-2019\/#breadcrumb\",\"itemListElement\":[{\"@type\":\"ListItem\",\"position\":1,\"name\":\"Strona g\u0142\u00f3wna\",\"item\":\"https:\/\/www.mostkatowice.pl\/\"},{\"@type\":\"ListItem\",\"position\":2,\"name\":\"Kierunek praca 2.0\"}]},{\"@type\":\"WebSite\",\"@id\":\"https:\/\/www.mostkatowice.pl\/#website\",\"url\":\"https:\/\/www.mostkatowice.pl\/\",\"name\":\"Stowarzyszenie MOST\",\"description\":\"Most \u0142\u0105czy\",\"publisher\":{\"@id\":\"https:\/\/www.mostkatowice.pl\/#organization\"},\"potentialAction\":[{\"@type\":\"SearchAction\",\"target\":{\"@type\":\"EntryPoint\",\"urlTemplate\":\"https:\/\/www.mostkatowice.pl\/?s={search_term_string}\"},\"query-input\":{\"@type\":\"PropertyValueSpecification\",\"valueRequired\":true,\"valueName\":\"search_term_string\"}}],\"inLanguage\":\"en-US\"},{\"@type\":\"Organization\",\"@id\":\"https:\/\/www.mostkatowice.pl\/#organization\",\"name\":\"Stowarzyszenie MOST\",\"url\":\"https:\/\/www.mostkatowice.pl\/\",\"logo\":{\"@type\":\"ImageObject\",\"inLanguage\":\"en-US\",\"@id\":\"https:\/\/www.mostkatowice.pl\/#\/schema\/logo\/image\/\",\"url\":\"https:\/\/www.mostkatowice.pl\/wp-content\/uploads\/2022\/11\/cropped-cropped-cropped-MOST_Stowarzyszenie_Logo_RGB-03-4-e1667486323777.png\",\"contentUrl\":\"https:\/\/www.mostkatowice.pl\/wp-content\/uploads\/2022\/11\/cropped-cropped-cropped-MOST_Stowarzyszenie_Logo_RGB-03-4-e1667486323777.png\",\"width\":128,\"height\":89,\"caption\":\"Stowarzyszenie MOST\"},\"image\":{\"@id\":\"https:\/\/www.mostkatowice.pl\/#\/schema\/logo\/image\/\"},\"sameAs\":[\"https:\/\/www.facebook.com\/mostkatowice\",\"https:\/\/www.youtube.com\/@stowarzyszeniemost832\"]},{\"@type\":\"Person\",\"@id\":\"https:\/\/www.mostkatowice.pl\/#\/schema\/person\/c9027b32e55f8461a32c15d6a45c6c88\",\"name\":\"Agnieszka\",\"image\":{\"@type\":\"ImageObject\",\"inLanguage\":\"en-US\",\"@id\":\"https:\/\/www.mostkatowice.pl\/#\/schema\/person\/image\/\",\"url\":\"https:\/\/secure.gravatar.com\/avatar\/617166231e71f18303396375234f5ce451782dafb8e172fe30a510b70e1d7848?s=96&d=mm&r=g\",\"contentUrl\":\"https:\/\/secure.gravatar.com\/avatar\/617166231e71f18303396375234f5ce451782dafb8e172fe30a510b70e1d7848?s=96&d=mm&r=g\",\"caption\":\"Agnieszka\"},\"url\":\"https:\/\/www.mostkatowice.pl\/en\/author\/agnieszka\/\"}]}<\/script>\n<!-- \/ Yoast SEO plugin. -->","yoast_head_json":{"title":"Kierunek praca 2.0 - Stowarzyszenie MOST","robots":{"index":"index","follow":"follow","max-snippet":"max-snippet:-1","max-image-preview":"max-image-preview:large","max-video-preview":"max-video-preview:-1"},"canonical":"https:\/\/www.mostkatowice.pl\/en\/kierunek-praca-20-2019\/","og_locale":"en_US","og_type":"article","og_title":"Kierunek praca 2.0 - Stowarzyszenie MOST","og_description":"Projekt jest wsp\u00f3\u0142finansowany ze&nbsp;\u015brodk\u00f3w Unii Europejskiej w&nbsp;ramach Europejskiego Funduszu Spo\u0142ecznego (Regionalny Program Operacyjny Wojew\u00f3dztwa \u015al\u0105skiego \u2013 O\u015b&nbsp;priorytetowa 9. W\u0142\u0105czenie spo\u0142eczne) Czas trwania: 2019-10-06 \u2013 2022-12-31 Partnerstwo: Forum Organizacji Pozarz\u0105dowych Dzia\u0142aj\u0105cych na&nbsp;Rzecz Os\u00f3b Niepe\u0142nosprawnych Chorych i&nbsp;Ich Rodzin pod&nbsp;nazw\u0105 \u201eRAZEM\u201d&nbsp;we wsp\u00f3\u0142pracy Stowarzyszenia Wspierania Organizacji Pozarz\u0105dowych MOST oraz&nbsp;Fundacji \u201eNadzieja \u2013 Dzieci\u201d Warto\u015b\u0107 ca\u0142kowita projektu&nbsp;2 087 656,02 z\u0142 Dofinansowanie&nbsp;1 [&hellip;]","og_url":"https:\/\/www.mostkatowice.pl\/en\/kierunek-praca-20-2019\/","og_site_name":"Stowarzyszenie MOST","article_publisher":"https:\/\/www.facebook.com\/mostkatowice","article_published_time":"2019-10-01T13:26:00+00:00","article_modified_time":"2024-07-12T13:30:33+00:00","og_image":[{"width":547,"height":364,"url":"http:\/\/www.mostkatowice.pl\/wp-content\/uploads\/2023\/08\/Zrzut-ekranu-2023-08-8-o-16.08.15.png","type":"image\/png"}],"author":"Agnieszka","twitter_card":"summary_large_image","twitter_misc":{"Written by":"Agnieszka","Est. reading time":"2 minutes"},"schema":{"@context":"https:\/\/schema.org","@graph":[{"@type":"Article","@id":"https:\/\/www.mostkatowice.pl\/kierunek-praca-20-2019\/#article","isPartOf":{"@id":"https:\/\/www.mostkatowice.pl\/kierunek-praca-20-2019\/"},"author":{"name":"Agnieszka","@id":"https:\/\/www.mostkatowice.pl\/#\/schema\/person\/c9027b32e55f8461a32c15d6a45c6c88"},"headline":"Kierunek praca 2.0","datePublished":"2019-10-01T13:26:00+00:00","dateModified":"2024-07-12T13:30:33+00:00","mainEntityOfPage":{"@id":"https:\/\/www.mostkatowice.pl\/kierunek-praca-20-2019\/"},"wordCount":357,"publisher":{"@id":"https:\/\/www.mostkatowice.pl\/#organization"},"image":{"@id":"https:\/\/www.mostkatowice.pl\/kierunek-praca-20-2019\/#primaryimage"},"thumbnailUrl":"https:\/\/www.mostkatowice.pl\/wp-content\/uploads\/2023\/08\/Zrzut-ekranu-2023-08-8-o-16.08.15.png","articleSection":["Projekty"],"inLanguage":"en-US"},{"@type":"WebPage","@id":"https:\/\/www.mostkatowice.pl\/kierunek-praca-20-2019\/","url":"https:\/\/www.mostkatowice.pl\/kierunek-praca-20-2019\/","name":"Kierunek praca 2.0 - Stowarzyszenie MOST","isPartOf":{"@id":"https:\/\/www.mostkatowice.pl\/#website"},"primaryImageOfPage":{"@id":"https:\/\/www.mostkatowice.pl\/kierunek-praca-20-2019\/#primaryimage"},"image":{"@id":"https:\/\/www.mostkatowice.pl\/kierunek-praca-20-2019\/#primaryimage"},"thumbnailUrl":"https:\/\/www.mostkatowice.pl\/wp-content\/uploads\/2023\/08\/Zrzut-ekranu-2023-08-8-o-16.08.15.png","datePublished":"2019-10-01T13:26:00+00:00","dateModified":"2024-07-12T13:30:33+00:00","breadcrumb":{"@id":"https:\/\/www.mostkatowice.pl\/kierunek-praca-20-2019\/#breadcrumb"},"inLanguage":"en-US","potentialAction":[{"@type":"ReadAction","target":["https:\/\/www.mostkatowice.pl\/kierunek-praca-20-2019\/"]}]},{"@type":"ImageObject","inLanguage":"en-US","@id":"https:\/\/www.mostkatowice.pl\/kierunek-praca-20-2019\/#primaryimage","url":"https:\/\/www.mostkatowice.pl\/wp-content\/uploads\/2023\/08\/Zrzut-ekranu-2023-08-8-o-16.08.15.png","contentUrl":"https:\/\/www.mostkatowice.pl\/wp-content\/uploads\/2023\/08\/Zrzut-ekranu-2023-08-8-o-16.08.15.png","width":547,"height":364,"caption":"Logotyp projektu kierunek praca 2.0"},{"@type":"BreadcrumbList","@id":"https:\/\/www.mostkatowice.pl\/kierunek-praca-20-2019\/#breadcrumb","itemListElement":[{"@type":"ListItem","position":1,"name":"Strona g\u0142\u00f3wna","item":"https:\/\/www.mostkatowice.pl\/"},{"@type":"ListItem","position":2,"name":"Kierunek praca 2.0"}]},{"@type":"WebSite","@id":"https:\/\/www.mostkatowice.pl\/#website","url":"https:\/\/www.mostkatowice.pl\/","name":"Stowarzyszenie MOST","description":"Most \u0142\u0105czy","publisher":{"@id":"https:\/\/www.mostkatowice.pl\/#organization"},"potentialAction":[{"@type":"SearchAction","target":{"@type":"EntryPoint","urlTemplate":"https:\/\/www.mostkatowice.pl\/?s={search_term_string}"},"query-input":{"@type":"PropertyValueSpecification","valueRequired":true,"valueName":"search_term_string"}}],"inLanguage":"en-US"},{"@type":"Organization","@id":"https:\/\/www.mostkatowice.pl\/#organization","name":"Stowarzyszenie MOST","url":"https:\/\/www.mostkatowice.pl\/","logo":{"@type":"ImageObject","inLanguage":"en-US","@id":"https:\/\/www.mostkatowice.pl\/#\/schema\/logo\/image\/","url":"https:\/\/www.mostkatowice.pl\/wp-content\/uploads\/2022\/11\/cropped-cropped-cropped-MOST_Stowarzyszenie_Logo_RGB-03-4-e1667486323777.png","contentUrl":"https:\/\/www.mostkatowice.pl\/wp-content\/uploads\/2022\/11\/cropped-cropped-cropped-MOST_Stowarzyszenie_Logo_RGB-03-4-e1667486323777.png","width":128,"height":89,"caption":"Stowarzyszenie MOST"},"image":{"@id":"https:\/\/www.mostkatowice.pl\/#\/schema\/logo\/image\/"},"sameAs":["https:\/\/www.facebook.com\/mostkatowice","https:\/\/www.youtube.com\/@stowarzyszeniemost832"]},{"@type":"Person","@id":"https:\/\/www.mostkatowice.pl\/#\/schema\/person\/c9027b32e55f8461a32c15d6a45c6c88","name":"Agnieszka","image":{"@type":"ImageObject","inLanguage":"en-US","@id":"https:\/\/www.mostkatowice.pl\/#\/schema\/person\/image\/","url":"https:\/\/secure.gravatar.com\/avatar\/617166231e71f18303396375234f5ce451782dafb8e172fe30a510b70e1d7848?s=96&d=mm&r=g","contentUrl":"https:\/\/secure.gravatar.com\/avatar\/617166231e71f18303396375234f5ce451782dafb8e172fe30a510b70e1d7848?s=96&d=mm&r=g","caption":"Agnieszka"},"url":"https:\/\/www.mostkatowice.pl\/en\/author\/agnieszka\/"}]}},"_links":{"self":[{"href":"https:\/\/www.mostkatowice.pl\/en\/wp-json\/wp\/v2\/posts\/3291","targetHints":{"allow":["GET"]}}],"collection":[{"href":"https:\/\/www.mostkatowice.pl\/en\/wp-json\/wp\/v2\/posts"}],"about":[{"href":"https:\/\/www.mostkatowice.pl\/en\/wp-json\/wp\/v2\/types\/post"}],"author":[{"embeddable":true,"href":"https:\/\/www.mostkatowice.pl\/en\/wp-json\/wp\/v2\/users\/2"}],"replies":[{"embeddable":true,"href":"https:\/\/www.mostkatowice.pl\/en\/wp-json\/wp\/v2\/comments?post=3291"}],"version-history":[{"count":3,"href":"https:\/\/www.mostkatowice.pl\/en\/wp-json\/wp\/v2\/posts\/3291\/revisions"}],"predecessor-version":[{"id":3294,"href":"https:\/\/www.mostkatowice.pl\/en\/wp-json\/wp\/v2\/posts\/3291\/revisions\/3294"}],"wp:featuredmedia":[{"embeddable":true,"href":"https:\/\/www.mostkatowice.pl\/en\/wp-json\/wp\/v2\/media\/2129"}],"wp:attachment":[{"href":"https:\/\/www.mostkatowice.pl\/en\/wp-json\/wp\/v2\/media?parent=3291"}],"wp:term":[{"taxonomy":"category","embeddable":true,"href":"https:\/\/www.mostkatowice.pl\/en\/wp-json\/wp\/v2\/categories?post=3291"},{"taxonomy":"post_tag","embeddable":true,"href":"https:\/\/www.mostkatowice.pl\/en\/wp-json\/wp\/v2\/tags?post=3291"}],"curies":[{"name":"wp","href":"https:\/\/api.w.org\/{rel}","templated":true}]}}