{"id":3280,"date":"2018-07-01T14:35:00","date_gmt":"2018-07-01T12:35:00","guid":{"rendered":"https:\/\/www.mostkatowice.pl\/?p=3280"},"modified":"2024-07-12T14:39:23","modified_gmt":"2024-07-12T12:39:23","slug":"jestem-w-sieci-zabrze","status":"publish","type":"post","link":"https:\/\/www.mostkatowice.pl\/en\/jestem-w-sieci-zabrze\/","title":{"rendered":"Jestem w sieci \u2013 Zabrze lubi IT\u200b"},"content":{"rendered":"<p>Projekt grantowy pn.&nbsp;<strong>\u201eJestem w&nbsp;sieci \u2013 Zabrze lubi IT\u201d<\/strong>&nbsp;to:<\/p>\n\n\n\n<ul class=\"wp-block-list\">\n<li>projekt realizowany przez\u00a0<strong>Miasto Zabrze<\/strong>\u00a0w\u00a0partnerstwie ze\u00a0Stowarzyszeniem Wspierania Organizacji Pozarz\u0105dowych MOST w\u00a0ramach projektu \u201e<strong>Obywatel.IT \u2013 program rozwoju kompetencji cyfrowych os\u00f3b powy\u017cej 25 roku \u017cycia zamieszka\u0142ych w\u00a0wojew\u00f3dztwie \u015bl\u0105skim i\u00a0opolskim<\/strong>\u201d,<\/li>\n\n\n\n<li>bezp\u0142atne szkolenia\u00a0<strong>dla 267 mieszka\u0144c\u00f3w Zabrza<\/strong>,<\/li>\n\n\n\n<li>rozw\u00f3j posiadanych umiej\u0119tno\u015bci cyfrowych,<\/li>\n\n\n\n<li>szkolenia prowadzone w\u00a0a\u017c\u00a07 obszarach tematycznych:<\/li>\n<\/ul>\n\n\n\n<ol class=\"wp-block-list\">\n<li>Rodzic w\u00a0Internecie<\/li>\n\n\n\n<li>M\u00f3j\u00a0biznes w\u00a0sieci<\/li>\n\n\n\n<li>Moje\u00a0transakcje i\u00a0finanse w\u00a0sieci<\/li>\n\n\n\n<li>Dzia\u0142am w\u00a0sieciach spo\u0142eczno\u015bciowych<\/li>\n\n\n\n<li>Tworz\u0119 w\u0142asn\u0105 stron\u0119 internetow\u0105 (blog)<\/li>\n\n\n\n<li>Rolnik w\u00a0sieci<\/li>\n\n\n\n<li>Kultura w\u00a0sieci<\/li>\n<\/ol>\n\n\n\n<ul class=\"wp-block-list\">\n<li>za\u0142o\u017cenie profilu zaufanego przez\u00a0ka\u017cdego uczestnika,<\/li>\n\n\n\n<li>zdobycie podstawowych i\u00a0praktycznych umiej\u0119tno\u015bci obs\u0142ugi sprz\u0119tu komputerowego.<\/li>\n<\/ul>\n\n\n\n<p><strong>PROJEKT GRANTOWY REALIZOWANY JEST NA&nbsp;TERENIE&nbsp;GMINY ZABRZE<\/strong><\/p>\n\n\n\n<p><strong>Warto\u015b\u0107 projektu: 149 520,00 z\u0142<\/strong><\/p>\n\n\n\n<p>Projekt jest realizowany w&nbsp;ramach projektu \u201eObywatel.IT \u2013 program rozwoju kompetencji cyfrowych os\u00f3b powy\u017cej 25 roku \u017cycia zamieszka\u0142ych w&nbsp;wojew\u00f3dztwie \u015bl\u0105skim i&nbsp;opolskim\u201d, wsp\u00f3\u0142finansowanego ze&nbsp;\u015brodk\u00f3w Unii Europejskiej w&nbsp;ramach Europejskiego Funduszu Rozwoju Regionalnego. III o\u015b&nbsp;priorytetowa \u2013 cyfrowe kompetencje spo\u0142ecze\u0144stwa. Dzia\u0142anie 3.1. \u2013 Dzia\u0142ania szkoleniowe na&nbsp;rzecz rozwoju kompetencji cyfrowych.<\/p>\n\n\n\n<p>Koordynator projektu: Sonia Rzeczkowska<\/p>\n\n\n\n<figure class=\"wp-block-image\"><img decoding=\"async\" src=\"https:\/\/mostkatowiceorg.files.wordpress.com\/2018\/10\/plakat_ostateczna-wersja.jpg?w=1088\" alt=\"PLAKAT_ostateczna wersja\" class=\"wp-image-586\"\/><\/figure>","protected":false},"excerpt":{"rendered":"<p>Projekt grantowy pn.&nbsp;\u201eJestem w&nbsp;sieci \u2013 Zabrze lubi IT\u201d&nbsp;to: PROJEKT GRANTOWY REALIZOWANY JEST NA&nbsp;TERENIE&nbsp;GMINY ZABRZE Warto\u015b\u0107 projektu: 149 520,00 z\u0142 Projekt jest realizowany w&nbsp;ramach projektu \u201eObywatel.IT \u2013 program rozwoju kompetencji cyfrowych os\u00f3b powy\u017cej 25 roku \u017cycia zamieszka\u0142ych w&nbsp;wojew\u00f3dztwie \u015bl\u0105skim i&nbsp;opolskim\u201d, wsp\u00f3\u0142finansowanego ze&nbsp;\u015brodk\u00f3w Unii Europejskiej w&nbsp;ramach Europejskiego Funduszu Rozwoju Regionalnego. III o\u015b&nbsp;priorytetowa \u2013 cyfrowe kompetencje spo\u0142ecze\u0144stwa. Dzia\u0142anie [&hellip;]<\/p>","protected":false},"author":2,"featured_media":1178,"comment_status":"closed","ping_status":"closed","sticky":false,"template":"","format":"standard","meta":{"om_disable_all_campaigns":false,"_monsterinsights_skip_tracking":false,"_monsterinsights_sitenote_active":false,"_monsterinsights_sitenote_note":"","_monsterinsights_sitenote_category":0,"_uf_show_specific_survey":0,"_uf_disable_surveys":false,"footnotes":""},"categories":[60],"tags":[],"class_list":["post-3280","post","type-post","status-publish","format-standard","has-post-thumbnail","hentry","category-projekty"],"yoast_head":"<!-- This site is optimized with the Yoast SEO plugin v26.8 - https:\/\/yoast.com\/product\/yoast-seo-wordpress\/ -->\n<title>Jestem w sieci \u2013 Zabrze lubi IT\u200b - Stowarzyszenie MOST<\/title>\n<meta name=\"robots\" content=\"index, follow, max-snippet:-1, max-image-preview:large, max-video-preview:-1\" \/>\n<link rel=\"canonical\" href=\"https:\/\/www.mostkatowice.pl\/en\/jestem-w-sieci-zabrze\/\" \/>\n<meta property=\"og:locale\" content=\"en_US\" \/>\n<meta property=\"og:type\" content=\"article\" \/>\n<meta property=\"og:title\" content=\"Jestem w sieci \u2013 Zabrze lubi IT\u200b - Stowarzyszenie MOST\" \/>\n<meta property=\"og:description\" content=\"Projekt grantowy pn.&nbsp;\u201eJestem w&nbsp;sieci \u2013 Zabrze lubi IT\u201d&nbsp;to: PROJEKT GRANTOWY REALIZOWANY JEST NA&nbsp;TERENIE&nbsp;GMINY ZABRZE Warto\u015b\u0107 projektu: 149 520,00 z\u0142 Projekt jest realizowany w&nbsp;ramach projektu \u201eObywatel.IT \u2013 program rozwoju kompetencji cyfrowych os\u00f3b powy\u017cej 25 roku \u017cycia zamieszka\u0142ych w&nbsp;wojew\u00f3dztwie \u015bl\u0105skim i&nbsp;opolskim\u201d, wsp\u00f3\u0142finansowanego ze&nbsp;\u015brodk\u00f3w Unii Europejskiej w&nbsp;ramach Europejskiego Funduszu Rozwoju Regionalnego. III o\u015b&nbsp;priorytetowa \u2013 cyfrowe kompetencje spo\u0142ecze\u0144stwa. Dzia\u0142anie [&hellip;]\" \/>\n<meta property=\"og:url\" content=\"https:\/\/www.mostkatowice.pl\/en\/jestem-w-sieci-zabrze\/\" \/>\n<meta property=\"og:site_name\" content=\"Stowarzyszenie MOST\" \/>\n<meta property=\"article:publisher\" content=\"https:\/\/www.facebook.com\/mostkatowice\" \/>\n<meta property=\"article:published_time\" content=\"2018-07-01T12:35:00+00:00\" \/>\n<meta property=\"article:modified_time\" content=\"2024-07-12T12:39:23+00:00\" \/>\n<meta property=\"og:image\" content=\"http:\/\/www.mostkatowice.pl\/wp-content\/uploads\/2023\/03\/07.png.webp\" \/>\n\t<meta property=\"og:image:width\" content=\"438\" \/>\n\t<meta property=\"og:image:height\" content=\"438\" \/>\n\t<meta property=\"og:image:type\" content=\"image\/webp\" \/>\n<meta name=\"author\" content=\"Agnieszka\" \/>\n<meta name=\"twitter:card\" content=\"summary_large_image\" \/>\n<meta name=\"twitter:label1\" content=\"Written by\" \/>\n\t<meta name=\"twitter:data1\" content=\"Agnieszka\" \/>\n\t<meta name=\"twitter:label2\" content=\"Est. reading time\" \/>\n\t<meta name=\"twitter:data2\" content=\"2 minutes\" \/>\n<script type=\"application\/ld+json\" class=\"yoast-schema-graph\">{\"@context\":\"https:\/\/schema.org\",\"@graph\":[{\"@type\":\"Article\",\"@id\":\"https:\/\/www.mostkatowice.pl\/jestem-w-sieci-zabrze\/#article\",\"isPartOf\":{\"@id\":\"https:\/\/www.mostkatowice.pl\/jestem-w-sieci-zabrze\/\"},\"author\":{\"name\":\"Agnieszka\",\"@id\":\"https:\/\/www.mostkatowice.pl\/#\/schema\/person\/c9027b32e55f8461a32c15d6a45c6c88\"},\"headline\":\"Jestem w sieci \u2013 Zabrze lubi IT\u200b\",\"datePublished\":\"2018-07-01T12:35:00+00:00\",\"dateModified\":\"2024-07-12T12:39:23+00:00\",\"mainEntityOfPage\":{\"@id\":\"https:\/\/www.mostkatowice.pl\/jestem-w-sieci-zabrze\/\"},\"wordCount\":214,\"publisher\":{\"@id\":\"https:\/\/www.mostkatowice.pl\/#organization\"},\"image\":{\"@id\":\"https:\/\/www.mostkatowice.pl\/jestem-w-sieci-zabrze\/#primaryimage\"},\"thumbnailUrl\":\"https:\/\/www.mostkatowice.pl\/wp-content\/uploads\/2023\/03\/07.png.webp\",\"articleSection\":[\"Projekty\"],\"inLanguage\":\"en-US\"},{\"@type\":\"WebPage\",\"@id\":\"https:\/\/www.mostkatowice.pl\/jestem-w-sieci-zabrze\/\",\"url\":\"https:\/\/www.mostkatowice.pl\/jestem-w-sieci-zabrze\/\",\"name\":\"Jestem w sieci \u2013 Zabrze lubi IT\u200b - Stowarzyszenie MOST\",\"isPartOf\":{\"@id\":\"https:\/\/www.mostkatowice.pl\/#website\"},\"primaryImageOfPage\":{\"@id\":\"https:\/\/www.mostkatowice.pl\/jestem-w-sieci-zabrze\/#primaryimage\"},\"image\":{\"@id\":\"https:\/\/www.mostkatowice.pl\/jestem-w-sieci-zabrze\/#primaryimage\"},\"thumbnailUrl\":\"https:\/\/www.mostkatowice.pl\/wp-content\/uploads\/2023\/03\/07.png.webp\",\"datePublished\":\"2018-07-01T12:35:00+00:00\",\"dateModified\":\"2024-07-12T12:39:23+00:00\",\"breadcrumb\":{\"@id\":\"https:\/\/www.mostkatowice.pl\/jestem-w-sieci-zabrze\/#breadcrumb\"},\"inLanguage\":\"en-US\",\"potentialAction\":[{\"@type\":\"ReadAction\",\"target\":[\"https:\/\/www.mostkatowice.pl\/jestem-w-sieci-zabrze\/\"]}]},{\"@type\":\"ImageObject\",\"inLanguage\":\"en-US\",\"@id\":\"https:\/\/www.mostkatowice.pl\/jestem-w-sieci-zabrze\/#primaryimage\",\"url\":\"https:\/\/www.mostkatowice.pl\/wp-content\/uploads\/2023\/03\/07.png.webp\",\"contentUrl\":\"https:\/\/www.mostkatowice.pl\/wp-content\/uploads\/2023\/03\/07.png.webp\",\"width\":438,\"height\":438},{\"@type\":\"BreadcrumbList\",\"@id\":\"https:\/\/www.mostkatowice.pl\/jestem-w-sieci-zabrze\/#breadcrumb\",\"itemListElement\":[{\"@type\":\"ListItem\",\"position\":1,\"name\":\"Strona g\u0142\u00f3wna\",\"item\":\"https:\/\/www.mostkatowice.pl\/\"},{\"@type\":\"ListItem\",\"position\":2,\"name\":\"Jestem w sieci \u2013 Zabrze lubi IT\u200b\"}]},{\"@type\":\"WebSite\",\"@id\":\"https:\/\/www.mostkatowice.pl\/#website\",\"url\":\"https:\/\/www.mostkatowice.pl\/\",\"name\":\"Stowarzyszenie MOST\",\"description\":\"Most \u0142\u0105czy\",\"publisher\":{\"@id\":\"https:\/\/www.mostkatowice.pl\/#organization\"},\"potentialAction\":[{\"@type\":\"SearchAction\",\"target\":{\"@type\":\"EntryPoint\",\"urlTemplate\":\"https:\/\/www.mostkatowice.pl\/?s={search_term_string}\"},\"query-input\":{\"@type\":\"PropertyValueSpecification\",\"valueRequired\":true,\"valueName\":\"search_term_string\"}}],\"inLanguage\":\"en-US\"},{\"@type\":\"Organization\",\"@id\":\"https:\/\/www.mostkatowice.pl\/#organization\",\"name\":\"Stowarzyszenie MOST\",\"url\":\"https:\/\/www.mostkatowice.pl\/\",\"logo\":{\"@type\":\"ImageObject\",\"inLanguage\":\"en-US\",\"@id\":\"https:\/\/www.mostkatowice.pl\/#\/schema\/logo\/image\/\",\"url\":\"https:\/\/www.mostkatowice.pl\/wp-content\/uploads\/2022\/11\/cropped-cropped-cropped-MOST_Stowarzyszenie_Logo_RGB-03-4-e1667486323777.png\",\"contentUrl\":\"https:\/\/www.mostkatowice.pl\/wp-content\/uploads\/2022\/11\/cropped-cropped-cropped-MOST_Stowarzyszenie_Logo_RGB-03-4-e1667486323777.png\",\"width\":128,\"height\":89,\"caption\":\"Stowarzyszenie MOST\"},\"image\":{\"@id\":\"https:\/\/www.mostkatowice.pl\/#\/schema\/logo\/image\/\"},\"sameAs\":[\"https:\/\/www.facebook.com\/mostkatowice\",\"https:\/\/www.youtube.com\/@stowarzyszeniemost832\"]},{\"@type\":\"Person\",\"@id\":\"https:\/\/www.mostkatowice.pl\/#\/schema\/person\/c9027b32e55f8461a32c15d6a45c6c88\",\"name\":\"Agnieszka\",\"image\":{\"@type\":\"ImageObject\",\"inLanguage\":\"en-US\",\"@id\":\"https:\/\/www.mostkatowice.pl\/#\/schema\/person\/image\/\",\"url\":\"https:\/\/secure.gravatar.com\/avatar\/617166231e71f18303396375234f5ce451782dafb8e172fe30a510b70e1d7848?s=96&d=mm&r=g\",\"contentUrl\":\"https:\/\/secure.gravatar.com\/avatar\/617166231e71f18303396375234f5ce451782dafb8e172fe30a510b70e1d7848?s=96&d=mm&r=g\",\"caption\":\"Agnieszka\"},\"url\":\"https:\/\/www.mostkatowice.pl\/en\/author\/agnieszka\/\"}]}<\/script>\n<!-- \/ Yoast SEO plugin. -->","yoast_head_json":{"title":"Jestem w sieci \u2013 Zabrze lubi IT\u200b - Stowarzyszenie MOST","robots":{"index":"index","follow":"follow","max-snippet":"max-snippet:-1","max-image-preview":"max-image-preview:large","max-video-preview":"max-video-preview:-1"},"canonical":"https:\/\/www.mostkatowice.pl\/en\/jestem-w-sieci-zabrze\/","og_locale":"en_US","og_type":"article","og_title":"Jestem w sieci \u2013 Zabrze lubi IT\u200b - Stowarzyszenie MOST","og_description":"Projekt grantowy pn.&nbsp;\u201eJestem w&nbsp;sieci \u2013 Zabrze lubi IT\u201d&nbsp;to: PROJEKT GRANTOWY REALIZOWANY JEST NA&nbsp;TERENIE&nbsp;GMINY ZABRZE Warto\u015b\u0107 projektu: 149 520,00 z\u0142 Projekt jest realizowany w&nbsp;ramach projektu \u201eObywatel.IT \u2013 program rozwoju kompetencji cyfrowych os\u00f3b powy\u017cej 25 roku \u017cycia zamieszka\u0142ych w&nbsp;wojew\u00f3dztwie \u015bl\u0105skim i&nbsp;opolskim\u201d, wsp\u00f3\u0142finansowanego ze&nbsp;\u015brodk\u00f3w Unii Europejskiej w&nbsp;ramach Europejskiego Funduszu Rozwoju Regionalnego. III o\u015b&nbsp;priorytetowa \u2013 cyfrowe kompetencje spo\u0142ecze\u0144stwa. Dzia\u0142anie [&hellip;]","og_url":"https:\/\/www.mostkatowice.pl\/en\/jestem-w-sieci-zabrze\/","og_site_name":"Stowarzyszenie MOST","article_publisher":"https:\/\/www.facebook.com\/mostkatowice","article_published_time":"2018-07-01T12:35:00+00:00","article_modified_time":"2024-07-12T12:39:23+00:00","og_image":[{"width":438,"height":438,"url":"http:\/\/www.mostkatowice.pl\/wp-content\/uploads\/2023\/03\/07.png.webp","type":"image\/webp"}],"author":"Agnieszka","twitter_card":"summary_large_image","twitter_misc":{"Written by":"Agnieszka","Est. reading time":"2 minutes"},"schema":{"@context":"https:\/\/schema.org","@graph":[{"@type":"Article","@id":"https:\/\/www.mostkatowice.pl\/jestem-w-sieci-zabrze\/#article","isPartOf":{"@id":"https:\/\/www.mostkatowice.pl\/jestem-w-sieci-zabrze\/"},"author":{"name":"Agnieszka","@id":"https:\/\/www.mostkatowice.pl\/#\/schema\/person\/c9027b32e55f8461a32c15d6a45c6c88"},"headline":"Jestem w sieci \u2013 Zabrze lubi IT\u200b","datePublished":"2018-07-01T12:35:00+00:00","dateModified":"2024-07-12T12:39:23+00:00","mainEntityOfPage":{"@id":"https:\/\/www.mostkatowice.pl\/jestem-w-sieci-zabrze\/"},"wordCount":214,"publisher":{"@id":"https:\/\/www.mostkatowice.pl\/#organization"},"image":{"@id":"https:\/\/www.mostkatowice.pl\/jestem-w-sieci-zabrze\/#primaryimage"},"thumbnailUrl":"https:\/\/www.mostkatowice.pl\/wp-content\/uploads\/2023\/03\/07.png.webp","articleSection":["Projekty"],"inLanguage":"en-US"},{"@type":"WebPage","@id":"https:\/\/www.mostkatowice.pl\/jestem-w-sieci-zabrze\/","url":"https:\/\/www.mostkatowice.pl\/jestem-w-sieci-zabrze\/","name":"Jestem w sieci \u2013 Zabrze lubi IT\u200b - Stowarzyszenie MOST","isPartOf":{"@id":"https:\/\/www.mostkatowice.pl\/#website"},"primaryImageOfPage":{"@id":"https:\/\/www.mostkatowice.pl\/jestem-w-sieci-zabrze\/#primaryimage"},"image":{"@id":"https:\/\/www.mostkatowice.pl\/jestem-w-sieci-zabrze\/#primaryimage"},"thumbnailUrl":"https:\/\/www.mostkatowice.pl\/wp-content\/uploads\/2023\/03\/07.png.webp","datePublished":"2018-07-01T12:35:00+00:00","dateModified":"2024-07-12T12:39:23+00:00","breadcrumb":{"@id":"https:\/\/www.mostkatowice.pl\/jestem-w-sieci-zabrze\/#breadcrumb"},"inLanguage":"en-US","potentialAction":[{"@type":"ReadAction","target":["https:\/\/www.mostkatowice.pl\/jestem-w-sieci-zabrze\/"]}]},{"@type":"ImageObject","inLanguage":"en-US","@id":"https:\/\/www.mostkatowice.pl\/jestem-w-sieci-zabrze\/#primaryimage","url":"https:\/\/www.mostkatowice.pl\/wp-content\/uploads\/2023\/03\/07.png.webp","contentUrl":"https:\/\/www.mostkatowice.pl\/wp-content\/uploads\/2023\/03\/07.png.webp","width":438,"height":438},{"@type":"BreadcrumbList","@id":"https:\/\/www.mostkatowice.pl\/jestem-w-sieci-zabrze\/#breadcrumb","itemListElement":[{"@type":"ListItem","position":1,"name":"Strona g\u0142\u00f3wna","item":"https:\/\/www.mostkatowice.pl\/"},{"@type":"ListItem","position":2,"name":"Jestem w sieci \u2013 Zabrze lubi IT\u200b"}]},{"@type":"WebSite","@id":"https:\/\/www.mostkatowice.pl\/#website","url":"https:\/\/www.mostkatowice.pl\/","name":"Stowarzyszenie MOST","description":"Most \u0142\u0105czy","publisher":{"@id":"https:\/\/www.mostkatowice.pl\/#organization"},"potentialAction":[{"@type":"SearchAction","target":{"@type":"EntryPoint","urlTemplate":"https:\/\/www.mostkatowice.pl\/?s={search_term_string}"},"query-input":{"@type":"PropertyValueSpecification","valueRequired":true,"valueName":"search_term_string"}}],"inLanguage":"en-US"},{"@type":"Organization","@id":"https:\/\/www.mostkatowice.pl\/#organization","name":"Stowarzyszenie MOST","url":"https:\/\/www.mostkatowice.pl\/","logo":{"@type":"ImageObject","inLanguage":"en-US","@id":"https:\/\/www.mostkatowice.pl\/#\/schema\/logo\/image\/","url":"https:\/\/www.mostkatowice.pl\/wp-content\/uploads\/2022\/11\/cropped-cropped-cropped-MOST_Stowarzyszenie_Logo_RGB-03-4-e1667486323777.png","contentUrl":"https:\/\/www.mostkatowice.pl\/wp-content\/uploads\/2022\/11\/cropped-cropped-cropped-MOST_Stowarzyszenie_Logo_RGB-03-4-e1667486323777.png","width":128,"height":89,"caption":"Stowarzyszenie MOST"},"image":{"@id":"https:\/\/www.mostkatowice.pl\/#\/schema\/logo\/image\/"},"sameAs":["https:\/\/www.facebook.com\/mostkatowice","https:\/\/www.youtube.com\/@stowarzyszeniemost832"]},{"@type":"Person","@id":"https:\/\/www.mostkatowice.pl\/#\/schema\/person\/c9027b32e55f8461a32c15d6a45c6c88","name":"Agnieszka","image":{"@type":"ImageObject","inLanguage":"en-US","@id":"https:\/\/www.mostkatowice.pl\/#\/schema\/person\/image\/","url":"https:\/\/secure.gravatar.com\/avatar\/617166231e71f18303396375234f5ce451782dafb8e172fe30a510b70e1d7848?s=96&d=mm&r=g","contentUrl":"https:\/\/secure.gravatar.com\/avatar\/617166231e71f18303396375234f5ce451782dafb8e172fe30a510b70e1d7848?s=96&d=mm&r=g","caption":"Agnieszka"},"url":"https:\/\/www.mostkatowice.pl\/en\/author\/agnieszka\/"}]}},"_links":{"self":[{"href":"https:\/\/www.mostkatowice.pl\/en\/wp-json\/wp\/v2\/posts\/3280","targetHints":{"allow":["GET"]}}],"collection":[{"href":"https:\/\/www.mostkatowice.pl\/en\/wp-json\/wp\/v2\/posts"}],"about":[{"href":"https:\/\/www.mostkatowice.pl\/en\/wp-json\/wp\/v2\/types\/post"}],"author":[{"embeddable":true,"href":"https:\/\/www.mostkatowice.pl\/en\/wp-json\/wp\/v2\/users\/2"}],"replies":[{"embeddable":true,"href":"https:\/\/www.mostkatowice.pl\/en\/wp-json\/wp\/v2\/comments?post=3280"}],"version-history":[{"count":1,"href":"https:\/\/www.mostkatowice.pl\/en\/wp-json\/wp\/v2\/posts\/3280\/revisions"}],"predecessor-version":[{"id":3281,"href":"https:\/\/www.mostkatowice.pl\/en\/wp-json\/wp\/v2\/posts\/3280\/revisions\/3281"}],"wp:featuredmedia":[{"embeddable":true,"href":"https:\/\/www.mostkatowice.pl\/en\/wp-json\/wp\/v2\/media\/1178"}],"wp:attachment":[{"href":"https:\/\/www.mostkatowice.pl\/en\/wp-json\/wp\/v2\/media?parent=3280"}],"wp:term":[{"taxonomy":"category","embeddable":true,"href":"https:\/\/www.mostkatowice.pl\/en\/wp-json\/wp\/v2\/categories?post=3280"},{"taxonomy":"post_tag","embeddable":true,"href":"https:\/\/www.mostkatowice.pl\/en\/wp-json\/wp\/v2\/tags?post=3280"}],"curies":[{"name":"wp","href":"https:\/\/api.w.org\/{rel}","templated":true}]}}