{"id":3262,"date":"2016-07-01T14:16:00","date_gmt":"2016-07-01T12:16:00","guid":{"rendered":"https:\/\/www.mostkatowice.pl\/?p=3262"},"modified":"2024-07-12T14:18:36","modified_gmt":"2024-07-12T12:18:36","slug":"fop2016","status":"publish","type":"post","link":"https:\/\/www.mostkatowice.pl\/en\/fop2016\/","title":{"rendered":"Festiwal Organizacji Pozarz\u0105dowych 2016 \u2013 dzielnice dzia\u0142aj\u0105, dzielnice graj\u0105"},"content":{"rendered":"<p>Ju\u017c wkr\u00f3tce kolejna edycja Festiwalu Organizacji Pozarz\u0105dowych (9-10 wrze\u015bnia 2016&nbsp;r.)&nbsp; w&nbsp;Katowicach. To&nbsp;szczeg\u00f3lne wydarzenie zar\u00f3wno dla organizacji dzia\u0142aj\u0105cych w&nbsp;III sektorze&nbsp; w&nbsp;Katowicach jak i&nbsp;dla mieszka\u0144c\u00f3w miasta.<\/p>\n\n\n\n<p>Pierwszy dzie\u0144 Festiwalu to&nbsp;blok szkoleniowo-warsztatowy dla przedstawicieli organizacji pozarz\u0105dowych. Planowane warsztaty b\u0119d\u0105 obejmowa\u0107 jak najszersz\u0105 tematyk\u0119, od&nbsp;pozyskiwania \u015brodk\u00f3w finansowych, przez&nbsp;rozw\u00f3j dzia\u0142a\u0144 promocyjnych z&nbsp;wykorzystaniem medi\u00f3w spo\u0142eczno\u015bciowych, po&nbsp;wykorzystanie nowych technologii. Planowany jest tak\u017ce panel dyskusyjny na&nbsp;temat aktywno\u015bci lokalnej w&nbsp;naszym mie\u015bcie. W&nbsp;prowadzenie warsztat\u00f3w b\u0119d\u0105 zaanga\u017cowani przedstawiciele \u015bl\u0105skich NGO\u2019s\u00f3w, kt\u00f3rzy&nbsp;podziel\u0105 si\u0119 swoim do\u015bwiadczeniem i&nbsp;wiedz\u0105. Jednak nie&nbsp;samym dzia\u0142aniem ludzie \u017cyj\u0105. Tu\u017c po&nbsp;warsztatach odb\u0119dzie si\u0119 spotkanie integracyjne, podczas kt\u00f3rego&nbsp;b\u0119dzie czas na&nbsp;wsp\u00f3lne rozmowy, wymian\u0119 do\u015bwiadcze\u0144 i&nbsp;zwyczajne pobycie ze&nbsp;sob\u0105.<\/p>\n\n\n\n<p>W&nbsp;trakcie drugiego dnia powstanie miasteczko organizacji pozarz\u0105dowych. 10 wrze\u015bnia od&nbsp;12:00 katowickie organizacje w&nbsp;spos\u00f3b tw\u00f3rczy i&nbsp;kreatywny przedstawi\u0105 siebie i&nbsp;swoje dzia\u0142ania mieszka\u0144com Katowic. Organizatorzy licz\u0105, \u017ce&nbsp;ka\u017cda z&nbsp;organizacji przygotuje specjalnie na&nbsp;ten dzie\u0144 ciekawe zaj\u0119cia, warsztaty i&nbsp;konkursy. W&nbsp;atmosferze dobrej zabawy b\u0119dzie czas na&nbsp;wzajemne poznanie si\u0119 \u2013 nie&nbsp;poprzez plakaty, stron\u0119 internetow\u0105, ale&nbsp;poprzez mo\u017cliwo\u015b\u0107 spotkania si\u0119 i&nbsp;porozmawiania.<\/p>\n\n\n\n<p>Szczeg\u00f3\u0142y dotycz\u0105ce programu obu dni ju\u017c wkr\u00f3tce pojawi\u0105 si\u0119 na&nbsp;stronie&nbsp;<a href=\"http:\/\/www.fopkatowice.pl\/\">http:\/\/www.fopkatowice.pl<\/a>&nbsp;oraz&nbsp;na&nbsp;profilu Facebooku&nbsp;<a href=\"https:\/\/www.facebook.com\/katowicefop\/\">https:\/\/www.facebook.com\/katowicefop\/<\/a>.<\/p>\n\n\n\n<p>Tegorocznymi organizatorami wydarzenia s\u0105: Miasto Katowice, Stowarzyszenie Wspierania Organizacji Pozarz\u0105dowych \u201eMOST\u201d oraz&nbsp;Stowarzyszenie Fabryka Inicjatyw Lokalnych.<\/p>\n\n\n\n<p>Festiwal Organizacji Pozarz\u0105dowych jest wsp\u00f3\u0142finansowany ze&nbsp;\u015brodk\u00f3w bud\u017cetu Miasta Katowice.<\/p>","protected":false},"excerpt":{"rendered":"<p>Ju\u017c wkr\u00f3tce kolejna edycja Festiwalu Organizacji Pozarz\u0105dowych (9-10 wrze\u015bnia 2016&nbsp;r.)&nbsp; w&nbsp;Katowicach. To&nbsp;szczeg\u00f3lne wydarzenie zar\u00f3wno dla organizacji dzia\u0142aj\u0105cych w&nbsp;III sektorze&nbsp; w&nbsp;Katowicach jak i&nbsp;dla mieszka\u0144c\u00f3w miasta. Pierwszy dzie\u0144 Festiwalu to&nbsp;blok szkoleniowo-warsztatowy dla przedstawicieli organizacji pozarz\u0105dowych. Planowane warsztaty b\u0119d\u0105 obejmowa\u0107 jak najszersz\u0105 tematyk\u0119, od&nbsp;pozyskiwania \u015brodk\u00f3w finansowych, przez&nbsp;rozw\u00f3j dzia\u0142a\u0144 promocyjnych z&nbsp;wykorzystaniem medi\u00f3w spo\u0142eczno\u015bciowych, po&nbsp;wykorzystanie nowych technologii. Planowany jest tak\u017ce [&hellip;]<\/p>","protected":false},"author":2,"featured_media":2192,"comment_status":"closed","ping_status":"closed","sticky":false,"template":"","format":"standard","meta":{"om_disable_all_campaigns":false,"_monsterinsights_skip_tracking":false,"_monsterinsights_sitenote_active":false,"_monsterinsights_sitenote_note":"","_monsterinsights_sitenote_category":0,"_uf_show_specific_survey":0,"_uf_disable_surveys":false,"footnotes":""},"categories":[60],"tags":[],"class_list":["post-3262","post","type-post","status-publish","format-standard","has-post-thumbnail","hentry","category-projekty"],"yoast_head":"<!-- This site is optimized with the Yoast SEO plugin v26.8 - https:\/\/yoast.com\/product\/yoast-seo-wordpress\/ -->\n<title>Festiwal Organizacji Pozarz\u0105dowych 2016 \u2013 dzielnice dzia\u0142aj\u0105, dzielnice graj\u0105 - Stowarzyszenie MOST<\/title>\n<meta name=\"robots\" content=\"index, follow, max-snippet:-1, max-image-preview:large, max-video-preview:-1\" \/>\n<link rel=\"canonical\" href=\"https:\/\/www.mostkatowice.pl\/en\/fop2016\/\" \/>\n<meta property=\"og:locale\" content=\"en_US\" \/>\n<meta property=\"og:type\" content=\"article\" \/>\n<meta property=\"og:title\" content=\"Festiwal Organizacji Pozarz\u0105dowych 2016 \u2013 dzielnice dzia\u0142aj\u0105, dzielnice graj\u0105 - Stowarzyszenie MOST\" \/>\n<meta property=\"og:description\" content=\"Ju\u017c wkr\u00f3tce kolejna edycja Festiwalu Organizacji Pozarz\u0105dowych (9-10 wrze\u015bnia 2016&nbsp;r.)&nbsp; w&nbsp;Katowicach. To&nbsp;szczeg\u00f3lne wydarzenie zar\u00f3wno dla organizacji dzia\u0142aj\u0105cych w&nbsp;III sektorze&nbsp; w&nbsp;Katowicach jak i&nbsp;dla mieszka\u0144c\u00f3w miasta. Pierwszy dzie\u0144 Festiwalu to&nbsp;blok szkoleniowo-warsztatowy dla przedstawicieli organizacji pozarz\u0105dowych. Planowane warsztaty b\u0119d\u0105 obejmowa\u0107 jak najszersz\u0105 tematyk\u0119, od&nbsp;pozyskiwania \u015brodk\u00f3w finansowych, przez&nbsp;rozw\u00f3j dzia\u0142a\u0144 promocyjnych z&nbsp;wykorzystaniem medi\u00f3w spo\u0142eczno\u015bciowych, po&nbsp;wykorzystanie nowych technologii. Planowany jest tak\u017ce [&hellip;]\" \/>\n<meta property=\"og:url\" content=\"https:\/\/www.mostkatowice.pl\/en\/fop2016\/\" \/>\n<meta property=\"og:site_name\" content=\"Stowarzyszenie MOST\" \/>\n<meta property=\"article:publisher\" content=\"https:\/\/www.facebook.com\/mostkatowice\" \/>\n<meta property=\"article:published_time\" content=\"2016-07-01T12:16:00+00:00\" \/>\n<meta property=\"article:modified_time\" content=\"2024-07-12T12:18:36+00:00\" \/>\n<meta property=\"og:image\" content=\"http:\/\/www.mostkatowice.pl\/wp-content\/uploads\/2023\/08\/905948_1047039045341296_8609820591333988480_o.png\" \/>\n\t<meta property=\"og:image:width\" content=\"2560\" \/>\n\t<meta property=\"og:image:height\" content=\"1707\" \/>\n\t<meta property=\"og:image:type\" content=\"image\/png\" \/>\n<meta name=\"author\" content=\"Agnieszka\" \/>\n<meta name=\"twitter:card\" content=\"summary_large_image\" \/>\n<meta name=\"twitter:label1\" content=\"Written by\" \/>\n\t<meta name=\"twitter:data1\" content=\"Agnieszka\" \/>\n\t<meta name=\"twitter:label2\" content=\"Est. reading time\" \/>\n\t<meta name=\"twitter:data2\" content=\"2 minutes\" \/>\n<script type=\"application\/ld+json\" class=\"yoast-schema-graph\">{\"@context\":\"https:\/\/schema.org\",\"@graph\":[{\"@type\":\"Article\",\"@id\":\"https:\/\/www.mostkatowice.pl\/fop2016\/#article\",\"isPartOf\":{\"@id\":\"https:\/\/www.mostkatowice.pl\/fop2016\/\"},\"author\":{\"name\":\"Agnieszka\",\"@id\":\"https:\/\/www.mostkatowice.pl\/#\/schema\/person\/c9027b32e55f8461a32c15d6a45c6c88\"},\"headline\":\"Festiwal Organizacji Pozarz\u0105dowych 2016 \u2013 dzielnice dzia\u0142aj\u0105, dzielnice graj\u0105\",\"datePublished\":\"2016-07-01T12:16:00+00:00\",\"dateModified\":\"2024-07-12T12:18:36+00:00\",\"mainEntityOfPage\":{\"@id\":\"https:\/\/www.mostkatowice.pl\/fop2016\/\"},\"wordCount\":335,\"publisher\":{\"@id\":\"https:\/\/www.mostkatowice.pl\/#organization\"},\"image\":{\"@id\":\"https:\/\/www.mostkatowice.pl\/fop2016\/#primaryimage\"},\"thumbnailUrl\":\"https:\/\/www.mostkatowice.pl\/wp-content\/uploads\/2023\/08\/905948_1047039045341296_8609820591333988480_o.png\",\"articleSection\":[\"Projekty\"],\"inLanguage\":\"en-US\"},{\"@type\":\"WebPage\",\"@id\":\"https:\/\/www.mostkatowice.pl\/fop2016\/\",\"url\":\"https:\/\/www.mostkatowice.pl\/fop2016\/\",\"name\":\"Festiwal Organizacji Pozarz\u0105dowych 2016 \u2013 dzielnice dzia\u0142aj\u0105, dzielnice graj\u0105 - Stowarzyszenie MOST\",\"isPartOf\":{\"@id\":\"https:\/\/www.mostkatowice.pl\/#website\"},\"primaryImageOfPage\":{\"@id\":\"https:\/\/www.mostkatowice.pl\/fop2016\/#primaryimage\"},\"image\":{\"@id\":\"https:\/\/www.mostkatowice.pl\/fop2016\/#primaryimage\"},\"thumbnailUrl\":\"https:\/\/www.mostkatowice.pl\/wp-content\/uploads\/2023\/08\/905948_1047039045341296_8609820591333988480_o.png\",\"datePublished\":\"2016-07-01T12:16:00+00:00\",\"dateModified\":\"2024-07-12T12:18:36+00:00\",\"breadcrumb\":{\"@id\":\"https:\/\/www.mostkatowice.pl\/fop2016\/#breadcrumb\"},\"inLanguage\":\"en-US\",\"potentialAction\":[{\"@type\":\"ReadAction\",\"target\":[\"https:\/\/www.mostkatowice.pl\/fop2016\/\"]}]},{\"@type\":\"ImageObject\",\"inLanguage\":\"en-US\",\"@id\":\"https:\/\/www.mostkatowice.pl\/fop2016\/#primaryimage\",\"url\":\"https:\/\/www.mostkatowice.pl\/wp-content\/uploads\/2023\/08\/905948_1047039045341296_8609820591333988480_o.png\",\"contentUrl\":\"https:\/\/www.mostkatowice.pl\/wp-content\/uploads\/2023\/08\/905948_1047039045341296_8609820591333988480_o.png\",\"width\":2560,\"height\":1707,\"caption\":\"Logotyp projektu festiwal organizacji pozarz\u0105dowych Katowice\"},{\"@type\":\"BreadcrumbList\",\"@id\":\"https:\/\/www.mostkatowice.pl\/fop2016\/#breadcrumb\",\"itemListElement\":[{\"@type\":\"ListItem\",\"position\":1,\"name\":\"Strona g\u0142\u00f3wna\",\"item\":\"https:\/\/www.mostkatowice.pl\/\"},{\"@type\":\"ListItem\",\"position\":2,\"name\":\"Festiwal Organizacji Pozarz\u0105dowych 2016 \u2013 dzielnice dzia\u0142aj\u0105, dzielnice graj\u0105\"}]},{\"@type\":\"WebSite\",\"@id\":\"https:\/\/www.mostkatowice.pl\/#website\",\"url\":\"https:\/\/www.mostkatowice.pl\/\",\"name\":\"Stowarzyszenie MOST\",\"description\":\"Most \u0142\u0105czy\",\"publisher\":{\"@id\":\"https:\/\/www.mostkatowice.pl\/#organization\"},\"potentialAction\":[{\"@type\":\"SearchAction\",\"target\":{\"@type\":\"EntryPoint\",\"urlTemplate\":\"https:\/\/www.mostkatowice.pl\/?s={search_term_string}\"},\"query-input\":{\"@type\":\"PropertyValueSpecification\",\"valueRequired\":true,\"valueName\":\"search_term_string\"}}],\"inLanguage\":\"en-US\"},{\"@type\":\"Organization\",\"@id\":\"https:\/\/www.mostkatowice.pl\/#organization\",\"name\":\"Stowarzyszenie MOST\",\"url\":\"https:\/\/www.mostkatowice.pl\/\",\"logo\":{\"@type\":\"ImageObject\",\"inLanguage\":\"en-US\",\"@id\":\"https:\/\/www.mostkatowice.pl\/#\/schema\/logo\/image\/\",\"url\":\"https:\/\/www.mostkatowice.pl\/wp-content\/uploads\/2022\/11\/cropped-cropped-cropped-MOST_Stowarzyszenie_Logo_RGB-03-4-e1667486323777.png\",\"contentUrl\":\"https:\/\/www.mostkatowice.pl\/wp-content\/uploads\/2022\/11\/cropped-cropped-cropped-MOST_Stowarzyszenie_Logo_RGB-03-4-e1667486323777.png\",\"width\":128,\"height\":89,\"caption\":\"Stowarzyszenie MOST\"},\"image\":{\"@id\":\"https:\/\/www.mostkatowice.pl\/#\/schema\/logo\/image\/\"},\"sameAs\":[\"https:\/\/www.facebook.com\/mostkatowice\",\"https:\/\/www.youtube.com\/@stowarzyszeniemost832\"]},{\"@type\":\"Person\",\"@id\":\"https:\/\/www.mostkatowice.pl\/#\/schema\/person\/c9027b32e55f8461a32c15d6a45c6c88\",\"name\":\"Agnieszka\",\"image\":{\"@type\":\"ImageObject\",\"inLanguage\":\"en-US\",\"@id\":\"https:\/\/www.mostkatowice.pl\/#\/schema\/person\/image\/\",\"url\":\"https:\/\/secure.gravatar.com\/avatar\/617166231e71f18303396375234f5ce451782dafb8e172fe30a510b70e1d7848?s=96&d=mm&r=g\",\"contentUrl\":\"https:\/\/secure.gravatar.com\/avatar\/617166231e71f18303396375234f5ce451782dafb8e172fe30a510b70e1d7848?s=96&d=mm&r=g\",\"caption\":\"Agnieszka\"},\"url\":\"https:\/\/www.mostkatowice.pl\/en\/author\/agnieszka\/\"}]}<\/script>\n<!-- \/ Yoast SEO plugin. -->","yoast_head_json":{"title":"Festiwal Organizacji Pozarz\u0105dowych 2016 \u2013 dzielnice dzia\u0142aj\u0105, dzielnice graj\u0105 - Stowarzyszenie MOST","robots":{"index":"index","follow":"follow","max-snippet":"max-snippet:-1","max-image-preview":"max-image-preview:large","max-video-preview":"max-video-preview:-1"},"canonical":"https:\/\/www.mostkatowice.pl\/en\/fop2016\/","og_locale":"en_US","og_type":"article","og_title":"Festiwal Organizacji Pozarz\u0105dowych 2016 \u2013 dzielnice dzia\u0142aj\u0105, dzielnice graj\u0105 - Stowarzyszenie MOST","og_description":"Ju\u017c wkr\u00f3tce kolejna edycja Festiwalu Organizacji Pozarz\u0105dowych (9-10 wrze\u015bnia 2016&nbsp;r.)&nbsp; w&nbsp;Katowicach. To&nbsp;szczeg\u00f3lne wydarzenie zar\u00f3wno dla organizacji dzia\u0142aj\u0105cych w&nbsp;III sektorze&nbsp; w&nbsp;Katowicach jak i&nbsp;dla mieszka\u0144c\u00f3w miasta. Pierwszy dzie\u0144 Festiwalu to&nbsp;blok szkoleniowo-warsztatowy dla przedstawicieli organizacji pozarz\u0105dowych. Planowane warsztaty b\u0119d\u0105 obejmowa\u0107 jak najszersz\u0105 tematyk\u0119, od&nbsp;pozyskiwania \u015brodk\u00f3w finansowych, przez&nbsp;rozw\u00f3j dzia\u0142a\u0144 promocyjnych z&nbsp;wykorzystaniem medi\u00f3w spo\u0142eczno\u015bciowych, po&nbsp;wykorzystanie nowych technologii. Planowany jest tak\u017ce [&hellip;]","og_url":"https:\/\/www.mostkatowice.pl\/en\/fop2016\/","og_site_name":"Stowarzyszenie MOST","article_publisher":"https:\/\/www.facebook.com\/mostkatowice","article_published_time":"2016-07-01T12:16:00+00:00","article_modified_time":"2024-07-12T12:18:36+00:00","og_image":[{"width":2560,"height":1707,"url":"http:\/\/www.mostkatowice.pl\/wp-content\/uploads\/2023\/08\/905948_1047039045341296_8609820591333988480_o.png","type":"image\/png"}],"author":"Agnieszka","twitter_card":"summary_large_image","twitter_misc":{"Written by":"Agnieszka","Est. reading time":"2 minutes"},"schema":{"@context":"https:\/\/schema.org","@graph":[{"@type":"Article","@id":"https:\/\/www.mostkatowice.pl\/fop2016\/#article","isPartOf":{"@id":"https:\/\/www.mostkatowice.pl\/fop2016\/"},"author":{"name":"Agnieszka","@id":"https:\/\/www.mostkatowice.pl\/#\/schema\/person\/c9027b32e55f8461a32c15d6a45c6c88"},"headline":"Festiwal Organizacji Pozarz\u0105dowych 2016 \u2013 dzielnice dzia\u0142aj\u0105, dzielnice graj\u0105","datePublished":"2016-07-01T12:16:00+00:00","dateModified":"2024-07-12T12:18:36+00:00","mainEntityOfPage":{"@id":"https:\/\/www.mostkatowice.pl\/fop2016\/"},"wordCount":335,"publisher":{"@id":"https:\/\/www.mostkatowice.pl\/#organization"},"image":{"@id":"https:\/\/www.mostkatowice.pl\/fop2016\/#primaryimage"},"thumbnailUrl":"https:\/\/www.mostkatowice.pl\/wp-content\/uploads\/2023\/08\/905948_1047039045341296_8609820591333988480_o.png","articleSection":["Projekty"],"inLanguage":"en-US"},{"@type":"WebPage","@id":"https:\/\/www.mostkatowice.pl\/fop2016\/","url":"https:\/\/www.mostkatowice.pl\/fop2016\/","name":"Festiwal Organizacji Pozarz\u0105dowych 2016 \u2013 dzielnice dzia\u0142aj\u0105, dzielnice graj\u0105 - Stowarzyszenie MOST","isPartOf":{"@id":"https:\/\/www.mostkatowice.pl\/#website"},"primaryImageOfPage":{"@id":"https:\/\/www.mostkatowice.pl\/fop2016\/#primaryimage"},"image":{"@id":"https:\/\/www.mostkatowice.pl\/fop2016\/#primaryimage"},"thumbnailUrl":"https:\/\/www.mostkatowice.pl\/wp-content\/uploads\/2023\/08\/905948_1047039045341296_8609820591333988480_o.png","datePublished":"2016-07-01T12:16:00+00:00","dateModified":"2024-07-12T12:18:36+00:00","breadcrumb":{"@id":"https:\/\/www.mostkatowice.pl\/fop2016\/#breadcrumb"},"inLanguage":"en-US","potentialAction":[{"@type":"ReadAction","target":["https:\/\/www.mostkatowice.pl\/fop2016\/"]}]},{"@type":"ImageObject","inLanguage":"en-US","@id":"https:\/\/www.mostkatowice.pl\/fop2016\/#primaryimage","url":"https:\/\/www.mostkatowice.pl\/wp-content\/uploads\/2023\/08\/905948_1047039045341296_8609820591333988480_o.png","contentUrl":"https:\/\/www.mostkatowice.pl\/wp-content\/uploads\/2023\/08\/905948_1047039045341296_8609820591333988480_o.png","width":2560,"height":1707,"caption":"Logotyp projektu festiwal organizacji pozarz\u0105dowych Katowice"},{"@type":"BreadcrumbList","@id":"https:\/\/www.mostkatowice.pl\/fop2016\/#breadcrumb","itemListElement":[{"@type":"ListItem","position":1,"name":"Strona g\u0142\u00f3wna","item":"https:\/\/www.mostkatowice.pl\/"},{"@type":"ListItem","position":2,"name":"Festiwal Organizacji Pozarz\u0105dowych 2016 \u2013 dzielnice dzia\u0142aj\u0105, dzielnice graj\u0105"}]},{"@type":"WebSite","@id":"https:\/\/www.mostkatowice.pl\/#website","url":"https:\/\/www.mostkatowice.pl\/","name":"Stowarzyszenie MOST","description":"Most \u0142\u0105czy","publisher":{"@id":"https:\/\/www.mostkatowice.pl\/#organization"},"potentialAction":[{"@type":"SearchAction","target":{"@type":"EntryPoint","urlTemplate":"https:\/\/www.mostkatowice.pl\/?s={search_term_string}"},"query-input":{"@type":"PropertyValueSpecification","valueRequired":true,"valueName":"search_term_string"}}],"inLanguage":"en-US"},{"@type":"Organization","@id":"https:\/\/www.mostkatowice.pl\/#organization","name":"Stowarzyszenie MOST","url":"https:\/\/www.mostkatowice.pl\/","logo":{"@type":"ImageObject","inLanguage":"en-US","@id":"https:\/\/www.mostkatowice.pl\/#\/schema\/logo\/image\/","url":"https:\/\/www.mostkatowice.pl\/wp-content\/uploads\/2022\/11\/cropped-cropped-cropped-MOST_Stowarzyszenie_Logo_RGB-03-4-e1667486323777.png","contentUrl":"https:\/\/www.mostkatowice.pl\/wp-content\/uploads\/2022\/11\/cropped-cropped-cropped-MOST_Stowarzyszenie_Logo_RGB-03-4-e1667486323777.png","width":128,"height":89,"caption":"Stowarzyszenie MOST"},"image":{"@id":"https:\/\/www.mostkatowice.pl\/#\/schema\/logo\/image\/"},"sameAs":["https:\/\/www.facebook.com\/mostkatowice","https:\/\/www.youtube.com\/@stowarzyszeniemost832"]},{"@type":"Person","@id":"https:\/\/www.mostkatowice.pl\/#\/schema\/person\/c9027b32e55f8461a32c15d6a45c6c88","name":"Agnieszka","image":{"@type":"ImageObject","inLanguage":"en-US","@id":"https:\/\/www.mostkatowice.pl\/#\/schema\/person\/image\/","url":"https:\/\/secure.gravatar.com\/avatar\/617166231e71f18303396375234f5ce451782dafb8e172fe30a510b70e1d7848?s=96&d=mm&r=g","contentUrl":"https:\/\/secure.gravatar.com\/avatar\/617166231e71f18303396375234f5ce451782dafb8e172fe30a510b70e1d7848?s=96&d=mm&r=g","caption":"Agnieszka"},"url":"https:\/\/www.mostkatowice.pl\/en\/author\/agnieszka\/"}]}},"_links":{"self":[{"href":"https:\/\/www.mostkatowice.pl\/en\/wp-json\/wp\/v2\/posts\/3262","targetHints":{"allow":["GET"]}}],"collection":[{"href":"https:\/\/www.mostkatowice.pl\/en\/wp-json\/wp\/v2\/posts"}],"about":[{"href":"https:\/\/www.mostkatowice.pl\/en\/wp-json\/wp\/v2\/types\/post"}],"author":[{"embeddable":true,"href":"https:\/\/www.mostkatowice.pl\/en\/wp-json\/wp\/v2\/users\/2"}],"replies":[{"embeddable":true,"href":"https:\/\/www.mostkatowice.pl\/en\/wp-json\/wp\/v2\/comments?post=3262"}],"version-history":[{"count":2,"href":"https:\/\/www.mostkatowice.pl\/en\/wp-json\/wp\/v2\/posts\/3262\/revisions"}],"predecessor-version":[{"id":3265,"href":"https:\/\/www.mostkatowice.pl\/en\/wp-json\/wp\/v2\/posts\/3262\/revisions\/3265"}],"wp:featuredmedia":[{"embeddable":true,"href":"https:\/\/www.mostkatowice.pl\/en\/wp-json\/wp\/v2\/media\/2192"}],"wp:attachment":[{"href":"https:\/\/www.mostkatowice.pl\/en\/wp-json\/wp\/v2\/media?parent=3262"}],"wp:term":[{"taxonomy":"category","embeddable":true,"href":"https:\/\/www.mostkatowice.pl\/en\/wp-json\/wp\/v2\/categories?post=3262"},{"taxonomy":"post_tag","embeddable":true,"href":"https:\/\/www.mostkatowice.pl\/en\/wp-json\/wp\/v2\/tags?post=3262"}],"curies":[{"name":"wp","href":"https:\/\/api.w.org\/{rel}","templated":true}]}}