{"id":3258,"date":"2015-07-01T14:13:00","date_gmt":"2015-07-01T12:13:00","guid":{"rendered":"https:\/\/www.mostkatowice.pl\/?p=3258"},"modified":"2024-07-12T14:15:52","modified_gmt":"2024-07-12T12:15:52","slug":"fop2015","status":"publish","type":"post","link":"https:\/\/www.mostkatowice.pl\/en\/fop2015\/","title":{"rendered":"Festiwal Organizacji Pozarz\u0105dowych \u2013 Aktywne Katowice 2015"},"content":{"rendered":"<p>We&nbsp;wrze\u015bniu tego roku ju\u017c po&nbsp;raz kolejny odb\u0119dzie si\u0119 Festiwal Organizacji Pozarz\u0105dowych (11-12 wrze\u015bnia). B\u0119dzie to&nbsp;szczeg\u00f3lne wydarzenie zar\u00f3wno dla organizacji dzia\u0142aj\u0105cych w&nbsp;III sektorze w&nbsp;Katowicach jak i&nbsp;dla mieszka\u0144c\u00f3w miasta. Tegorocznymi organizatorami wydarzenia s\u0105: Miasto Katowice, Stowarzyszenie Wspierania Organizacji Pozarz\u0105dowych \u201eMOST\u201d, Stowarzyszenie Fabryka Inicjatyw Lokalnych, fundacja Piaskowy Smok, Regionalne Centrum Wolontariatu oraz&nbsp;Klub Uczelniany AZS Uniwersytetu \u015al\u0105skiego. Organizatorzy Festiwalu maj\u0105 jednak nadziej\u0119, \u017ce&nbsp;w&nbsp;jego przygotowania w\u0142\u0105czy si\u0119 szereg katowickich organizacji i&nbsp;aktywnych mieszka\u0144c\u00f3w \u2013 to&nbsp;w&nbsp;ko\u0144cu wydarzenie o&nbsp;nich i&nbsp;dla nich!<\/p>\n\n\n\n<p>Festiwal Organizacji Pozarz\u0105dowych to&nbsp;\u015bwietna okazja dla organizacji do&nbsp;zaprezentowania siebie \u2013 nie&nbsp;poprzez plakaty, ulotki i&nbsp;stron\u0119 internetow\u0105, ale&nbsp;poprzez ciekawe dzia\u0142ania, kt\u00f3re zaprezentuj\u0105 mieszka\u0144com miasta. Wydarzenie to&nbsp;r\u00f3wnie\u017c okazja do&nbsp;rozmowy, do&nbsp;powiedzenia o&nbsp;swoich zainteresowaniach, pasjach, ale&nbsp;tak\u017ce do&nbsp;przedstawienia wa\u017cnych i&nbsp;bardzo r\u00f3\u017cnorodnych temat\u00f3w, kt\u00f3rym&nbsp;na&nbsp;co&nbsp;dzie\u0144 po\u015bwi\u0119caj\u0105 si\u0119 ludzie organizacji. Dzi\u0119ki Festiwalowi katowickie organizacje zyskuj\u0105 r\u00f3wnie\u017c okazj\u0119 do&nbsp;wzi\u0119cia udzia\u0142u w&nbsp;bloku szkoleniowo-warsztatowym skrojonym na&nbsp;ich miar\u0119. Jednak nie&nbsp;samym dzia\u0142aniem ludzie \u017cyj\u0105. B\u0119dzie r\u00f3wnie\u017c czas na&nbsp;integracyjne spotkanie \u2013 wsp\u00f3lne rozmowy, wymian\u0119 do\u015bwiadcze\u0144 i&nbsp;zwyczajne pobycie ze&nbsp;sob\u0105.<\/p>\n\n\n\n<p>Co&nbsp;z&nbsp;tego b\u0119d\u0105 mie\u0107 mieszka\u0144cy Katowic? Mamy nadziej\u0119, \u017ce&nbsp;w&nbsp;spos\u00f3b kreatywny i&nbsp;ciekawy sp\u0119dz\u0105 t\u0119&nbsp;wrze\u015bniow\u0105 sobot\u0119. B\u0119dzie na&nbsp;nich czeka\u0142o miasteczko organizacji pozarz\u0105dowych, kt\u00f3re powstanie w&nbsp;parku przy pomniku Powsta\u0144c\u00f3w \u015al\u0105skich. Na&nbsp;scenie b\u0119d\u0105 mog\u0142y zaprezentowa\u0107 si\u0119 osoby i&nbsp;zespo\u0142y zwi\u0105zane z&nbsp;Katowicami. W&nbsp;centrum odb\u0119dzie si\u0119 gra miejska, w&nbsp;kt\u00f3rej&nbsp;udzia\u0142 b\u0119dzie mo\u017cliwy dla ka\u017cdego ch\u0119tnego. Odwiedzaj\u0105c poszczeg\u00f3lne strefy miasteczka katowiczanie b\u0119d\u0105 mieli okazj\u0119 do&nbsp;bezpo\u015bredniego kontaktu z&nbsp;organizacjami pozarz\u0105dowymi.<\/p>\n\n\n\n<p>Festiwal Organizacji Pozarz\u0105dowych jest wsp\u00f3\u0142finansowany ze&nbsp;\u015brodk\u00f3w bud\u017cetu Miasta Katowice. Odb\u0119dzie si\u0119 11 i&nbsp;12 wrze\u015bnia. Szczeg\u00f3\u0142owy program ju\u017c wkr\u00f3tce!<\/p>","protected":false},"excerpt":{"rendered":"<p>We&nbsp;wrze\u015bniu tego roku ju\u017c po&nbsp;raz kolejny odb\u0119dzie si\u0119 Festiwal Organizacji Pozarz\u0105dowych (11-12 wrze\u015bnia). B\u0119dzie to&nbsp;szczeg\u00f3lne wydarzenie zar\u00f3wno dla organizacji dzia\u0142aj\u0105cych w&nbsp;III sektorze w&nbsp;Katowicach jak i&nbsp;dla mieszka\u0144c\u00f3w miasta. Tegorocznymi organizatorami wydarzenia s\u0105: Miasto Katowice, Stowarzyszenie Wspierania Organizacji Pozarz\u0105dowych \u201eMOST\u201d, Stowarzyszenie Fabryka Inicjatyw Lokalnych, fundacja Piaskowy Smok, Regionalne Centrum Wolontariatu oraz&nbsp;Klub Uczelniany AZS Uniwersytetu \u015al\u0105skiego. Organizatorzy Festiwalu [&hellip;]<\/p>","protected":false},"author":2,"featured_media":2192,"comment_status":"closed","ping_status":"closed","sticky":false,"template":"","format":"standard","meta":{"om_disable_all_campaigns":false,"_monsterinsights_skip_tracking":false,"_monsterinsights_sitenote_active":false,"_monsterinsights_sitenote_note":"","_monsterinsights_sitenote_category":0,"_uf_show_specific_survey":0,"_uf_disable_surveys":false,"footnotes":""},"categories":[60],"tags":[],"class_list":["post-3258","post","type-post","status-publish","format-standard","has-post-thumbnail","hentry","category-projekty"],"yoast_head":"<!-- This site is optimized with the Yoast SEO plugin v26.8 - https:\/\/yoast.com\/product\/yoast-seo-wordpress\/ -->\n<title>Festiwal Organizacji Pozarz\u0105dowych \u2013 Aktywne Katowice 2015 - Stowarzyszenie MOST<\/title>\n<meta name=\"robots\" content=\"index, follow, max-snippet:-1, max-image-preview:large, max-video-preview:-1\" \/>\n<link rel=\"canonical\" href=\"https:\/\/www.mostkatowice.pl\/en\/fop2015\/\" \/>\n<meta property=\"og:locale\" content=\"en_US\" \/>\n<meta property=\"og:type\" content=\"article\" \/>\n<meta property=\"og:title\" content=\"Festiwal Organizacji Pozarz\u0105dowych \u2013 Aktywne Katowice 2015 - Stowarzyszenie MOST\" \/>\n<meta property=\"og:description\" content=\"We&nbsp;wrze\u015bniu tego roku ju\u017c po&nbsp;raz kolejny odb\u0119dzie si\u0119 Festiwal Organizacji Pozarz\u0105dowych (11-12 wrze\u015bnia). B\u0119dzie to&nbsp;szczeg\u00f3lne wydarzenie zar\u00f3wno dla organizacji dzia\u0142aj\u0105cych w&nbsp;III sektorze w&nbsp;Katowicach jak i&nbsp;dla mieszka\u0144c\u00f3w miasta. Tegorocznymi organizatorami wydarzenia s\u0105: Miasto Katowice, Stowarzyszenie Wspierania Organizacji Pozarz\u0105dowych \u201eMOST\u201d, Stowarzyszenie Fabryka Inicjatyw Lokalnych, fundacja Piaskowy Smok, Regionalne Centrum Wolontariatu oraz&nbsp;Klub Uczelniany AZS Uniwersytetu \u015al\u0105skiego. Organizatorzy Festiwalu [&hellip;]\" \/>\n<meta property=\"og:url\" content=\"https:\/\/www.mostkatowice.pl\/en\/fop2015\/\" \/>\n<meta property=\"og:site_name\" content=\"Stowarzyszenie MOST\" \/>\n<meta property=\"article:publisher\" content=\"https:\/\/www.facebook.com\/mostkatowice\" \/>\n<meta property=\"article:published_time\" content=\"2015-07-01T12:13:00+00:00\" \/>\n<meta property=\"article:modified_time\" content=\"2024-07-12T12:15:52+00:00\" \/>\n<meta property=\"og:image\" content=\"http:\/\/www.mostkatowice.pl\/wp-content\/uploads\/2023\/08\/905948_1047039045341296_8609820591333988480_o.png\" \/>\n\t<meta property=\"og:image:width\" content=\"2560\" \/>\n\t<meta property=\"og:image:height\" content=\"1707\" \/>\n\t<meta property=\"og:image:type\" content=\"image\/png\" \/>\n<meta name=\"author\" content=\"Agnieszka\" \/>\n<meta name=\"twitter:card\" content=\"summary_large_image\" \/>\n<meta name=\"twitter:label1\" content=\"Written by\" \/>\n\t<meta name=\"twitter:data1\" content=\"Agnieszka\" \/>\n\t<meta name=\"twitter:label2\" content=\"Est. reading time\" \/>\n\t<meta name=\"twitter:data2\" content=\"2 minutes\" \/>\n<script type=\"application\/ld+json\" class=\"yoast-schema-graph\">{\"@context\":\"https:\/\/schema.org\",\"@graph\":[{\"@type\":\"Article\",\"@id\":\"https:\/\/www.mostkatowice.pl\/fop2015\/#article\",\"isPartOf\":{\"@id\":\"https:\/\/www.mostkatowice.pl\/fop2015\/\"},\"author\":{\"name\":\"Agnieszka\",\"@id\":\"https:\/\/www.mostkatowice.pl\/#\/schema\/person\/c9027b32e55f8461a32c15d6a45c6c88\"},\"headline\":\"Festiwal Organizacji Pozarz\u0105dowych \u2013 Aktywne Katowice 2015\",\"datePublished\":\"2015-07-01T12:13:00+00:00\",\"dateModified\":\"2024-07-12T12:15:52+00:00\",\"mainEntityOfPage\":{\"@id\":\"https:\/\/www.mostkatowice.pl\/fop2015\/\"},\"wordCount\":404,\"publisher\":{\"@id\":\"https:\/\/www.mostkatowice.pl\/#organization\"},\"image\":{\"@id\":\"https:\/\/www.mostkatowice.pl\/fop2015\/#primaryimage\"},\"thumbnailUrl\":\"https:\/\/www.mostkatowice.pl\/wp-content\/uploads\/2023\/08\/905948_1047039045341296_8609820591333988480_o.png\",\"articleSection\":[\"Projekty\"],\"inLanguage\":\"en-US\"},{\"@type\":\"WebPage\",\"@id\":\"https:\/\/www.mostkatowice.pl\/fop2015\/\",\"url\":\"https:\/\/www.mostkatowice.pl\/fop2015\/\",\"name\":\"Festiwal Organizacji Pozarz\u0105dowych \u2013 Aktywne Katowice 2015 - Stowarzyszenie MOST\",\"isPartOf\":{\"@id\":\"https:\/\/www.mostkatowice.pl\/#website\"},\"primaryImageOfPage\":{\"@id\":\"https:\/\/www.mostkatowice.pl\/fop2015\/#primaryimage\"},\"image\":{\"@id\":\"https:\/\/www.mostkatowice.pl\/fop2015\/#primaryimage\"},\"thumbnailUrl\":\"https:\/\/www.mostkatowice.pl\/wp-content\/uploads\/2023\/08\/905948_1047039045341296_8609820591333988480_o.png\",\"datePublished\":\"2015-07-01T12:13:00+00:00\",\"dateModified\":\"2024-07-12T12:15:52+00:00\",\"breadcrumb\":{\"@id\":\"https:\/\/www.mostkatowice.pl\/fop2015\/#breadcrumb\"},\"inLanguage\":\"en-US\",\"potentialAction\":[{\"@type\":\"ReadAction\",\"target\":[\"https:\/\/www.mostkatowice.pl\/fop2015\/\"]}]},{\"@type\":\"ImageObject\",\"inLanguage\":\"en-US\",\"@id\":\"https:\/\/www.mostkatowice.pl\/fop2015\/#primaryimage\",\"url\":\"https:\/\/www.mostkatowice.pl\/wp-content\/uploads\/2023\/08\/905948_1047039045341296_8609820591333988480_o.png\",\"contentUrl\":\"https:\/\/www.mostkatowice.pl\/wp-content\/uploads\/2023\/08\/905948_1047039045341296_8609820591333988480_o.png\",\"width\":2560,\"height\":1707,\"caption\":\"Logotyp projektu festiwal organizacji pozarz\u0105dowych Katowice\"},{\"@type\":\"BreadcrumbList\",\"@id\":\"https:\/\/www.mostkatowice.pl\/fop2015\/#breadcrumb\",\"itemListElement\":[{\"@type\":\"ListItem\",\"position\":1,\"name\":\"Strona g\u0142\u00f3wna\",\"item\":\"https:\/\/www.mostkatowice.pl\/\"},{\"@type\":\"ListItem\",\"position\":2,\"name\":\"Festiwal Organizacji Pozarz\u0105dowych \u2013 Aktywne Katowice 2015\"}]},{\"@type\":\"WebSite\",\"@id\":\"https:\/\/www.mostkatowice.pl\/#website\",\"url\":\"https:\/\/www.mostkatowice.pl\/\",\"name\":\"Stowarzyszenie MOST\",\"description\":\"Most \u0142\u0105czy\",\"publisher\":{\"@id\":\"https:\/\/www.mostkatowice.pl\/#organization\"},\"potentialAction\":[{\"@type\":\"SearchAction\",\"target\":{\"@type\":\"EntryPoint\",\"urlTemplate\":\"https:\/\/www.mostkatowice.pl\/?s={search_term_string}\"},\"query-input\":{\"@type\":\"PropertyValueSpecification\",\"valueRequired\":true,\"valueName\":\"search_term_string\"}}],\"inLanguage\":\"en-US\"},{\"@type\":\"Organization\",\"@id\":\"https:\/\/www.mostkatowice.pl\/#organization\",\"name\":\"Stowarzyszenie MOST\",\"url\":\"https:\/\/www.mostkatowice.pl\/\",\"logo\":{\"@type\":\"ImageObject\",\"inLanguage\":\"en-US\",\"@id\":\"https:\/\/www.mostkatowice.pl\/#\/schema\/logo\/image\/\",\"url\":\"https:\/\/www.mostkatowice.pl\/wp-content\/uploads\/2022\/11\/cropped-cropped-cropped-MOST_Stowarzyszenie_Logo_RGB-03-4-e1667486323777.png\",\"contentUrl\":\"https:\/\/www.mostkatowice.pl\/wp-content\/uploads\/2022\/11\/cropped-cropped-cropped-MOST_Stowarzyszenie_Logo_RGB-03-4-e1667486323777.png\",\"width\":128,\"height\":89,\"caption\":\"Stowarzyszenie MOST\"},\"image\":{\"@id\":\"https:\/\/www.mostkatowice.pl\/#\/schema\/logo\/image\/\"},\"sameAs\":[\"https:\/\/www.facebook.com\/mostkatowice\",\"https:\/\/www.youtube.com\/@stowarzyszeniemost832\"]},{\"@type\":\"Person\",\"@id\":\"https:\/\/www.mostkatowice.pl\/#\/schema\/person\/c9027b32e55f8461a32c15d6a45c6c88\",\"name\":\"Agnieszka\",\"image\":{\"@type\":\"ImageObject\",\"inLanguage\":\"en-US\",\"@id\":\"https:\/\/www.mostkatowice.pl\/#\/schema\/person\/image\/\",\"url\":\"https:\/\/secure.gravatar.com\/avatar\/617166231e71f18303396375234f5ce451782dafb8e172fe30a510b70e1d7848?s=96&d=mm&r=g\",\"contentUrl\":\"https:\/\/secure.gravatar.com\/avatar\/617166231e71f18303396375234f5ce451782dafb8e172fe30a510b70e1d7848?s=96&d=mm&r=g\",\"caption\":\"Agnieszka\"},\"url\":\"https:\/\/www.mostkatowice.pl\/en\/author\/agnieszka\/\"}]}<\/script>\n<!-- \/ Yoast SEO plugin. -->","yoast_head_json":{"title":"Festiwal Organizacji Pozarz\u0105dowych \u2013 Aktywne Katowice 2015 - Stowarzyszenie MOST","robots":{"index":"index","follow":"follow","max-snippet":"max-snippet:-1","max-image-preview":"max-image-preview:large","max-video-preview":"max-video-preview:-1"},"canonical":"https:\/\/www.mostkatowice.pl\/en\/fop2015\/","og_locale":"en_US","og_type":"article","og_title":"Festiwal Organizacji Pozarz\u0105dowych \u2013 Aktywne Katowice 2015 - Stowarzyszenie MOST","og_description":"We&nbsp;wrze\u015bniu tego roku ju\u017c po&nbsp;raz kolejny odb\u0119dzie si\u0119 Festiwal Organizacji Pozarz\u0105dowych (11-12 wrze\u015bnia). B\u0119dzie to&nbsp;szczeg\u00f3lne wydarzenie zar\u00f3wno dla organizacji dzia\u0142aj\u0105cych w&nbsp;III sektorze w&nbsp;Katowicach jak i&nbsp;dla mieszka\u0144c\u00f3w miasta. Tegorocznymi organizatorami wydarzenia s\u0105: Miasto Katowice, Stowarzyszenie Wspierania Organizacji Pozarz\u0105dowych \u201eMOST\u201d, Stowarzyszenie Fabryka Inicjatyw Lokalnych, fundacja Piaskowy Smok, Regionalne Centrum Wolontariatu oraz&nbsp;Klub Uczelniany AZS Uniwersytetu \u015al\u0105skiego. Organizatorzy Festiwalu [&hellip;]","og_url":"https:\/\/www.mostkatowice.pl\/en\/fop2015\/","og_site_name":"Stowarzyszenie MOST","article_publisher":"https:\/\/www.facebook.com\/mostkatowice","article_published_time":"2015-07-01T12:13:00+00:00","article_modified_time":"2024-07-12T12:15:52+00:00","og_image":[{"width":2560,"height":1707,"url":"http:\/\/www.mostkatowice.pl\/wp-content\/uploads\/2023\/08\/905948_1047039045341296_8609820591333988480_o.png","type":"image\/png"}],"author":"Agnieszka","twitter_card":"summary_large_image","twitter_misc":{"Written by":"Agnieszka","Est. reading time":"2 minutes"},"schema":{"@context":"https:\/\/schema.org","@graph":[{"@type":"Article","@id":"https:\/\/www.mostkatowice.pl\/fop2015\/#article","isPartOf":{"@id":"https:\/\/www.mostkatowice.pl\/fop2015\/"},"author":{"name":"Agnieszka","@id":"https:\/\/www.mostkatowice.pl\/#\/schema\/person\/c9027b32e55f8461a32c15d6a45c6c88"},"headline":"Festiwal Organizacji Pozarz\u0105dowych \u2013 Aktywne Katowice 2015","datePublished":"2015-07-01T12:13:00+00:00","dateModified":"2024-07-12T12:15:52+00:00","mainEntityOfPage":{"@id":"https:\/\/www.mostkatowice.pl\/fop2015\/"},"wordCount":404,"publisher":{"@id":"https:\/\/www.mostkatowice.pl\/#organization"},"image":{"@id":"https:\/\/www.mostkatowice.pl\/fop2015\/#primaryimage"},"thumbnailUrl":"https:\/\/www.mostkatowice.pl\/wp-content\/uploads\/2023\/08\/905948_1047039045341296_8609820591333988480_o.png","articleSection":["Projekty"],"inLanguage":"en-US"},{"@type":"WebPage","@id":"https:\/\/www.mostkatowice.pl\/fop2015\/","url":"https:\/\/www.mostkatowice.pl\/fop2015\/","name":"Festiwal Organizacji Pozarz\u0105dowych \u2013 Aktywne Katowice 2015 - Stowarzyszenie MOST","isPartOf":{"@id":"https:\/\/www.mostkatowice.pl\/#website"},"primaryImageOfPage":{"@id":"https:\/\/www.mostkatowice.pl\/fop2015\/#primaryimage"},"image":{"@id":"https:\/\/www.mostkatowice.pl\/fop2015\/#primaryimage"},"thumbnailUrl":"https:\/\/www.mostkatowice.pl\/wp-content\/uploads\/2023\/08\/905948_1047039045341296_8609820591333988480_o.png","datePublished":"2015-07-01T12:13:00+00:00","dateModified":"2024-07-12T12:15:52+00:00","breadcrumb":{"@id":"https:\/\/www.mostkatowice.pl\/fop2015\/#breadcrumb"},"inLanguage":"en-US","potentialAction":[{"@type":"ReadAction","target":["https:\/\/www.mostkatowice.pl\/fop2015\/"]}]},{"@type":"ImageObject","inLanguage":"en-US","@id":"https:\/\/www.mostkatowice.pl\/fop2015\/#primaryimage","url":"https:\/\/www.mostkatowice.pl\/wp-content\/uploads\/2023\/08\/905948_1047039045341296_8609820591333988480_o.png","contentUrl":"https:\/\/www.mostkatowice.pl\/wp-content\/uploads\/2023\/08\/905948_1047039045341296_8609820591333988480_o.png","width":2560,"height":1707,"caption":"Logotyp projektu festiwal organizacji pozarz\u0105dowych Katowice"},{"@type":"BreadcrumbList","@id":"https:\/\/www.mostkatowice.pl\/fop2015\/#breadcrumb","itemListElement":[{"@type":"ListItem","position":1,"name":"Strona g\u0142\u00f3wna","item":"https:\/\/www.mostkatowice.pl\/"},{"@type":"ListItem","position":2,"name":"Festiwal Organizacji Pozarz\u0105dowych \u2013 Aktywne Katowice 2015"}]},{"@type":"WebSite","@id":"https:\/\/www.mostkatowice.pl\/#website","url":"https:\/\/www.mostkatowice.pl\/","name":"Stowarzyszenie MOST","description":"Most \u0142\u0105czy","publisher":{"@id":"https:\/\/www.mostkatowice.pl\/#organization"},"potentialAction":[{"@type":"SearchAction","target":{"@type":"EntryPoint","urlTemplate":"https:\/\/www.mostkatowice.pl\/?s={search_term_string}"},"query-input":{"@type":"PropertyValueSpecification","valueRequired":true,"valueName":"search_term_string"}}],"inLanguage":"en-US"},{"@type":"Organization","@id":"https:\/\/www.mostkatowice.pl\/#organization","name":"Stowarzyszenie MOST","url":"https:\/\/www.mostkatowice.pl\/","logo":{"@type":"ImageObject","inLanguage":"en-US","@id":"https:\/\/www.mostkatowice.pl\/#\/schema\/logo\/image\/","url":"https:\/\/www.mostkatowice.pl\/wp-content\/uploads\/2022\/11\/cropped-cropped-cropped-MOST_Stowarzyszenie_Logo_RGB-03-4-e1667486323777.png","contentUrl":"https:\/\/www.mostkatowice.pl\/wp-content\/uploads\/2022\/11\/cropped-cropped-cropped-MOST_Stowarzyszenie_Logo_RGB-03-4-e1667486323777.png","width":128,"height":89,"caption":"Stowarzyszenie MOST"},"image":{"@id":"https:\/\/www.mostkatowice.pl\/#\/schema\/logo\/image\/"},"sameAs":["https:\/\/www.facebook.com\/mostkatowice","https:\/\/www.youtube.com\/@stowarzyszeniemost832"]},{"@type":"Person","@id":"https:\/\/www.mostkatowice.pl\/#\/schema\/person\/c9027b32e55f8461a32c15d6a45c6c88","name":"Agnieszka","image":{"@type":"ImageObject","inLanguage":"en-US","@id":"https:\/\/www.mostkatowice.pl\/#\/schema\/person\/image\/","url":"https:\/\/secure.gravatar.com\/avatar\/617166231e71f18303396375234f5ce451782dafb8e172fe30a510b70e1d7848?s=96&d=mm&r=g","contentUrl":"https:\/\/secure.gravatar.com\/avatar\/617166231e71f18303396375234f5ce451782dafb8e172fe30a510b70e1d7848?s=96&d=mm&r=g","caption":"Agnieszka"},"url":"https:\/\/www.mostkatowice.pl\/en\/author\/agnieszka\/"}]}},"_links":{"self":[{"href":"https:\/\/www.mostkatowice.pl\/en\/wp-json\/wp\/v2\/posts\/3258","targetHints":{"allow":["GET"]}}],"collection":[{"href":"https:\/\/www.mostkatowice.pl\/en\/wp-json\/wp\/v2\/posts"}],"about":[{"href":"https:\/\/www.mostkatowice.pl\/en\/wp-json\/wp\/v2\/types\/post"}],"author":[{"embeddable":true,"href":"https:\/\/www.mostkatowice.pl\/en\/wp-json\/wp\/v2\/users\/2"}],"replies":[{"embeddable":true,"href":"https:\/\/www.mostkatowice.pl\/en\/wp-json\/wp\/v2\/comments?post=3258"}],"version-history":[{"count":2,"href":"https:\/\/www.mostkatowice.pl\/en\/wp-json\/wp\/v2\/posts\/3258\/revisions"}],"predecessor-version":[{"id":3261,"href":"https:\/\/www.mostkatowice.pl\/en\/wp-json\/wp\/v2\/posts\/3258\/revisions\/3261"}],"wp:featuredmedia":[{"embeddable":true,"href":"https:\/\/www.mostkatowice.pl\/en\/wp-json\/wp\/v2\/media\/2192"}],"wp:attachment":[{"href":"https:\/\/www.mostkatowice.pl\/en\/wp-json\/wp\/v2\/media?parent=3258"}],"wp:term":[{"taxonomy":"category","embeddable":true,"href":"https:\/\/www.mostkatowice.pl\/en\/wp-json\/wp\/v2\/categories?post=3258"},{"taxonomy":"post_tag","embeddable":true,"href":"https:\/\/www.mostkatowice.pl\/en\/wp-json\/wp\/v2\/tags?post=3258"}],"curies":[{"name":"wp","href":"https:\/\/api.w.org\/{rel}","templated":true}]}}