{"id":3201,"date":"2024-07-10T22:00:58","date_gmt":"2024-07-10T20:00:58","guid":{"rendered":"https:\/\/www.mostkatowice.pl\/?p=3201"},"modified":"2024-07-10T22:01:00","modified_gmt":"2024-07-10T20:01:00","slug":"szkolenie-karta-praw-podstawowych-w-projektach-spolecznych-1-sierpnia-2024-katowice","status":"publish","type":"post","link":"https:\/\/www.mostkatowice.pl\/en\/szkolenie-karta-praw-podstawowych-w-projektach-spolecznych-1-sierpnia-2024-katowice\/","title":{"rendered":"Szkolenie &#8222;Karta praw podstawowych w projektach spo\u0142ecznych&#8221; &#8211; 1 sierpnia 2024 Katowice"},"content":{"rendered":"<p>Zach\u0119camy do zapis\u00f3w<\/p>\n\n\n\n<figure class=\"wp-block-image size-large\"><img fetchpriority=\"high\" decoding=\"async\" width=\"1024\" height=\"576\" src=\"https:\/\/www.mostkatowice.pl\/wp-content\/uploads\/2024\/07\/unnamed-1024x576.png\" alt=\"\" class=\"wp-image-3202\" srcset=\"https:\/\/www.mostkatowice.pl\/wp-content\/uploads\/2024\/07\/unnamed-1024x576.png 1024w, https:\/\/www.mostkatowice.pl\/wp-content\/uploads\/2024\/07\/unnamed-300x169.png 300w, https:\/\/www.mostkatowice.pl\/wp-content\/uploads\/2024\/07\/unnamed-768x432.png 768w, https:\/\/www.mostkatowice.pl\/wp-content\/uploads\/2024\/07\/unnamed-1536x864.png 1536w, https:\/\/www.mostkatowice.pl\/wp-content\/uploads\/2024\/07\/unnamed-18x10.png 18w, https:\/\/www.mostkatowice.pl\/wp-content\/uploads\/2024\/07\/unnamed.png 1920w\" sizes=\"(max-width: 1024px) 100vw, 1024px\" \/><\/figure>\n\n\n\n<!--more-->\n\n\n\n<p>Zapraszamy przedstawicieli organizacji pozarz\u0105dowych z wojew\u00f3dztwa \u015bl\u0105skiego na warsztaty szkoleniowe skupione na <strong>Karcie Praw Podstawowych UE<\/strong>.<\/p>\n\n\n\n<p>~ Jak w projektach spo\u0142ecznych wykorzysta\u0107 Kart\u0119 Praw Podstawowych?<\/p>\n\n\n\n<p>~ Jakie korzy\u015bci wynikaj\u0105 z jej stosowania i jak wp\u0142ywa na prawa obywateli?<\/p>\n\n\n\n<p>~ Jakie wyzwania napotykaj\u0105 organizacje spo\u0142eczne w kontek\u015bcie Karty Praw Podstawowych?<\/p>\n\n\n\n<p>Na te i wiele innych pyta\u0144 odpowiemy podczas szkolenia &#8222;KARTA PRAW PODSTAWOWYCH w projektach spo\u0142ecznych&#8221;, kt\u00f3re odb\u0119dzie si\u0119 <strong>1 sierpnia 2024 roku w godzinach 15:00 &#8211; 19:00.<\/strong><\/p>\n\n\n\n<p>Po szkoleniu ka\u017cdy uczestnik otrzyma <strong>certyfikat uko\u0144czenia<\/strong>.<\/p>\n\n\n\n<p>Zapisy: <a href=\"https:\/\/qpvmqa.clicks.mlsend.com\/tj\/cl\/eyJ2Ijoie1wiYVwiOjc3MjkwNSxcImxcIjoxMjY0Nzg0MjUwODM4NzI3ODYsXCJyXCI6MTI2NDc4NDI1ODE3ODc1ODg4fSIsInMiOiI4NzkzNWE2OGQyMzRkYjM0In0\" target=\"_blank\" rel=\"noreferrer noopener\">https:\/\/docs.google.com\/forms\/d\/1qkRcn_Znn2YrRjbKhg517rXwI05RyLcRavzrGp1PlEE\/edit<\/a><\/p>","protected":false},"excerpt":{"rendered":"<p>Zach\u0119camy do zapis\u00f3w<\/p>","protected":false},"author":6,"featured_media":0,"comment_status":"closed","ping_status":"closed","sticky":false,"template":"","format":"standard","meta":{"om_disable_all_campaigns":false,"_monsterinsights_skip_tracking":false,"_monsterinsights_sitenote_active":false,"_monsterinsights_sitenote_note":"","_monsterinsights_sitenote_category":0,"_uf_show_specific_survey":0,"_uf_disable_surveys":false,"footnotes":""},"categories":[5],"tags":[],"class_list":["post-3201","post","type-post","status-publish","format-standard","hentry","category-aktualnosci"],"yoast_head":"<!-- This site is optimized with the Yoast SEO plugin v26.8 - https:\/\/yoast.com\/product\/yoast-seo-wordpress\/ -->\n<title>Szkolenie &quot;Karta praw podstawowych w projektach spo\u0142ecznych&quot; - 1 sierpnia 2024 Katowice - Stowarzyszenie MOST<\/title>\n<meta name=\"robots\" content=\"index, follow, max-snippet:-1, max-image-preview:large, max-video-preview:-1\" \/>\n<link rel=\"canonical\" href=\"https:\/\/www.mostkatowice.pl\/en\/szkolenie-karta-praw-podstawowych-w-projektach-spolecznych-1-sierpnia-2024-katowice\/\" \/>\n<meta property=\"og:locale\" content=\"en_US\" \/>\n<meta property=\"og:type\" content=\"article\" \/>\n<meta property=\"og:title\" content=\"Szkolenie &quot;Karta praw podstawowych w projektach spo\u0142ecznych&quot; - 1 sierpnia 2024 Katowice - Stowarzyszenie MOST\" \/>\n<meta property=\"og:description\" content=\"Zach\u0119camy do zapis\u00f3w\" \/>\n<meta property=\"og:url\" content=\"https:\/\/www.mostkatowice.pl\/en\/szkolenie-karta-praw-podstawowych-w-projektach-spolecznych-1-sierpnia-2024-katowice\/\" \/>\n<meta property=\"og:site_name\" content=\"Stowarzyszenie MOST\" \/>\n<meta property=\"article:publisher\" content=\"https:\/\/www.facebook.com\/mostkatowice\" \/>\n<meta property=\"article:published_time\" content=\"2024-07-10T20:00:58+00:00\" \/>\n<meta property=\"article:modified_time\" content=\"2024-07-10T20:01:00+00:00\" \/>\n<meta property=\"og:image\" content=\"https:\/\/www.mostkatowice.pl\/wp-content\/uploads\/2024\/07\/unnamed-1024x576.png\" \/>\n<meta name=\"author\" content=\"krzysiek\" \/>\n<meta name=\"twitter:card\" content=\"summary_large_image\" \/>\n<meta name=\"twitter:label1\" content=\"Written by\" \/>\n\t<meta name=\"twitter:data1\" content=\"krzysiek\" \/>\n\t<meta name=\"twitter:label2\" content=\"Est. reading time\" \/>\n\t<meta name=\"twitter:data2\" content=\"1 minute\" \/>\n<script type=\"application\/ld+json\" class=\"yoast-schema-graph\">{\"@context\":\"https:\/\/schema.org\",\"@graph\":[{\"@type\":\"Article\",\"@id\":\"https:\/\/www.mostkatowice.pl\/szkolenie-karta-praw-podstawowych-w-projektach-spolecznych-1-sierpnia-2024-katowice\/#article\",\"isPartOf\":{\"@id\":\"https:\/\/www.mostkatowice.pl\/szkolenie-karta-praw-podstawowych-w-projektach-spolecznych-1-sierpnia-2024-katowice\/\"},\"author\":{\"name\":\"krzysiek\",\"@id\":\"https:\/\/www.mostkatowice.pl\/#\/schema\/person\/127ff6cb235daf2f013758d519afb4fc\"},\"headline\":\"Szkolenie &#8222;Karta praw podstawowych w projektach spo\u0142ecznych&#8221; &#8211; 1 sierpnia 2024 Katowice\",\"datePublished\":\"2024-07-10T20:00:58+00:00\",\"dateModified\":\"2024-07-10T20:01:00+00:00\",\"mainEntityOfPage\":{\"@id\":\"https:\/\/www.mostkatowice.pl\/szkolenie-karta-praw-podstawowych-w-projektach-spolecznych-1-sierpnia-2024-katowice\/\"},\"wordCount\":119,\"publisher\":{\"@id\":\"https:\/\/www.mostkatowice.pl\/#organization\"},\"image\":{\"@id\":\"https:\/\/www.mostkatowice.pl\/szkolenie-karta-praw-podstawowych-w-projektach-spolecznych-1-sierpnia-2024-katowice\/#primaryimage\"},\"thumbnailUrl\":\"https:\/\/www.mostkatowice.pl\/wp-content\/uploads\/2024\/07\/unnamed-1024x576.png\",\"articleSection\":[\"Aktualno\u015bci\"],\"inLanguage\":\"en-US\"},{\"@type\":\"WebPage\",\"@id\":\"https:\/\/www.mostkatowice.pl\/szkolenie-karta-praw-podstawowych-w-projektach-spolecznych-1-sierpnia-2024-katowice\/\",\"url\":\"https:\/\/www.mostkatowice.pl\/szkolenie-karta-praw-podstawowych-w-projektach-spolecznych-1-sierpnia-2024-katowice\/\",\"name\":\"Szkolenie \\\"Karta praw podstawowych w projektach spo\u0142ecznych\\\" - 1 sierpnia 2024 Katowice - Stowarzyszenie MOST\",\"isPartOf\":{\"@id\":\"https:\/\/www.mostkatowice.pl\/#website\"},\"primaryImageOfPage\":{\"@id\":\"https:\/\/www.mostkatowice.pl\/szkolenie-karta-praw-podstawowych-w-projektach-spolecznych-1-sierpnia-2024-katowice\/#primaryimage\"},\"image\":{\"@id\":\"https:\/\/www.mostkatowice.pl\/szkolenie-karta-praw-podstawowych-w-projektach-spolecznych-1-sierpnia-2024-katowice\/#primaryimage\"},\"thumbnailUrl\":\"https:\/\/www.mostkatowice.pl\/wp-content\/uploads\/2024\/07\/unnamed-1024x576.png\",\"datePublished\":\"2024-07-10T20:00:58+00:00\",\"dateModified\":\"2024-07-10T20:01:00+00:00\",\"breadcrumb\":{\"@id\":\"https:\/\/www.mostkatowice.pl\/szkolenie-karta-praw-podstawowych-w-projektach-spolecznych-1-sierpnia-2024-katowice\/#breadcrumb\"},\"inLanguage\":\"en-US\",\"potentialAction\":[{\"@type\":\"ReadAction\",\"target\":[\"https:\/\/www.mostkatowice.pl\/szkolenie-karta-praw-podstawowych-w-projektach-spolecznych-1-sierpnia-2024-katowice\/\"]}]},{\"@type\":\"ImageObject\",\"inLanguage\":\"en-US\",\"@id\":\"https:\/\/www.mostkatowice.pl\/szkolenie-karta-praw-podstawowych-w-projektach-spolecznych-1-sierpnia-2024-katowice\/#primaryimage\",\"url\":\"https:\/\/www.mostkatowice.pl\/wp-content\/uploads\/2024\/07\/unnamed-1024x576.png\",\"contentUrl\":\"https:\/\/www.mostkatowice.pl\/wp-content\/uploads\/2024\/07\/unnamed-1024x576.png\"},{\"@type\":\"BreadcrumbList\",\"@id\":\"https:\/\/www.mostkatowice.pl\/szkolenie-karta-praw-podstawowych-w-projektach-spolecznych-1-sierpnia-2024-katowice\/#breadcrumb\",\"itemListElement\":[{\"@type\":\"ListItem\",\"position\":1,\"name\":\"Strona g\u0142\u00f3wna\",\"item\":\"https:\/\/www.mostkatowice.pl\/\"},{\"@type\":\"ListItem\",\"position\":2,\"name\":\"Szkolenie &#8222;Karta praw podstawowych w projektach spo\u0142ecznych&#8221; &#8211; 1 sierpnia 2024 Katowice\"}]},{\"@type\":\"WebSite\",\"@id\":\"https:\/\/www.mostkatowice.pl\/#website\",\"url\":\"https:\/\/www.mostkatowice.pl\/\",\"name\":\"Stowarzyszenie MOST\",\"description\":\"Most \u0142\u0105czy\",\"publisher\":{\"@id\":\"https:\/\/www.mostkatowice.pl\/#organization\"},\"potentialAction\":[{\"@type\":\"SearchAction\",\"target\":{\"@type\":\"EntryPoint\",\"urlTemplate\":\"https:\/\/www.mostkatowice.pl\/?s={search_term_string}\"},\"query-input\":{\"@type\":\"PropertyValueSpecification\",\"valueRequired\":true,\"valueName\":\"search_term_string\"}}],\"inLanguage\":\"en-US\"},{\"@type\":\"Organization\",\"@id\":\"https:\/\/www.mostkatowice.pl\/#organization\",\"name\":\"Stowarzyszenie MOST\",\"url\":\"https:\/\/www.mostkatowice.pl\/\",\"logo\":{\"@type\":\"ImageObject\",\"inLanguage\":\"en-US\",\"@id\":\"https:\/\/www.mostkatowice.pl\/#\/schema\/logo\/image\/\",\"url\":\"https:\/\/www.mostkatowice.pl\/wp-content\/uploads\/2022\/11\/cropped-cropped-cropped-MOST_Stowarzyszenie_Logo_RGB-03-4-e1667486323777.png\",\"contentUrl\":\"https:\/\/www.mostkatowice.pl\/wp-content\/uploads\/2022\/11\/cropped-cropped-cropped-MOST_Stowarzyszenie_Logo_RGB-03-4-e1667486323777.png\",\"width\":128,\"height\":89,\"caption\":\"Stowarzyszenie MOST\"},\"image\":{\"@id\":\"https:\/\/www.mostkatowice.pl\/#\/schema\/logo\/image\/\"},\"sameAs\":[\"https:\/\/www.facebook.com\/mostkatowice\",\"https:\/\/www.youtube.com\/@stowarzyszeniemost832\"]},{\"@type\":\"Person\",\"@id\":\"https:\/\/www.mostkatowice.pl\/#\/schema\/person\/127ff6cb235daf2f013758d519afb4fc\",\"name\":\"krzysiek\",\"image\":{\"@type\":\"ImageObject\",\"inLanguage\":\"en-US\",\"@id\":\"https:\/\/www.mostkatowice.pl\/#\/schema\/person\/image\/\",\"url\":\"https:\/\/secure.gravatar.com\/avatar\/170df94a4305573ce428b7f80f7ce75ea3f5d5ce4e3f6e8ea0e7af7e0af2a25c?s=96&d=mm&r=g\",\"contentUrl\":\"https:\/\/secure.gravatar.com\/avatar\/170df94a4305573ce428b7f80f7ce75ea3f5d5ce4e3f6e8ea0e7af7e0af2a25c?s=96&d=mm&r=g\",\"caption\":\"krzysiek\"},\"url\":\"https:\/\/www.mostkatowice.pl\/en\/author\/krzysiek\/\"}]}<\/script>\n<!-- \/ Yoast SEO plugin. -->","yoast_head_json":{"title":"Szkolenie \"Karta praw podstawowych w projektach spo\u0142ecznych\" - 1 sierpnia 2024 Katowice - Stowarzyszenie MOST","robots":{"index":"index","follow":"follow","max-snippet":"max-snippet:-1","max-image-preview":"max-image-preview:large","max-video-preview":"max-video-preview:-1"},"canonical":"https:\/\/www.mostkatowice.pl\/en\/szkolenie-karta-praw-podstawowych-w-projektach-spolecznych-1-sierpnia-2024-katowice\/","og_locale":"en_US","og_type":"article","og_title":"Szkolenie \"Karta praw podstawowych w projektach spo\u0142ecznych\" - 1 sierpnia 2024 Katowice - Stowarzyszenie MOST","og_description":"Zach\u0119camy do zapis\u00f3w","og_url":"https:\/\/www.mostkatowice.pl\/en\/szkolenie-karta-praw-podstawowych-w-projektach-spolecznych-1-sierpnia-2024-katowice\/","og_site_name":"Stowarzyszenie MOST","article_publisher":"https:\/\/www.facebook.com\/mostkatowice","article_published_time":"2024-07-10T20:00:58+00:00","article_modified_time":"2024-07-10T20:01:00+00:00","og_image":[{"url":"https:\/\/www.mostkatowice.pl\/wp-content\/uploads\/2024\/07\/unnamed-1024x576.png","type":"","width":"","height":""}],"author":"krzysiek","twitter_card":"summary_large_image","twitter_misc":{"Written by":"krzysiek","Est. reading time":"1 minute"},"schema":{"@context":"https:\/\/schema.org","@graph":[{"@type":"Article","@id":"https:\/\/www.mostkatowice.pl\/szkolenie-karta-praw-podstawowych-w-projektach-spolecznych-1-sierpnia-2024-katowice\/#article","isPartOf":{"@id":"https:\/\/www.mostkatowice.pl\/szkolenie-karta-praw-podstawowych-w-projektach-spolecznych-1-sierpnia-2024-katowice\/"},"author":{"name":"krzysiek","@id":"https:\/\/www.mostkatowice.pl\/#\/schema\/person\/127ff6cb235daf2f013758d519afb4fc"},"headline":"Szkolenie &#8222;Karta praw podstawowych w projektach spo\u0142ecznych&#8221; &#8211; 1 sierpnia 2024 Katowice","datePublished":"2024-07-10T20:00:58+00:00","dateModified":"2024-07-10T20:01:00+00:00","mainEntityOfPage":{"@id":"https:\/\/www.mostkatowice.pl\/szkolenie-karta-praw-podstawowych-w-projektach-spolecznych-1-sierpnia-2024-katowice\/"},"wordCount":119,"publisher":{"@id":"https:\/\/www.mostkatowice.pl\/#organization"},"image":{"@id":"https:\/\/www.mostkatowice.pl\/szkolenie-karta-praw-podstawowych-w-projektach-spolecznych-1-sierpnia-2024-katowice\/#primaryimage"},"thumbnailUrl":"https:\/\/www.mostkatowice.pl\/wp-content\/uploads\/2024\/07\/unnamed-1024x576.png","articleSection":["Aktualno\u015bci"],"inLanguage":"en-US"},{"@type":"WebPage","@id":"https:\/\/www.mostkatowice.pl\/szkolenie-karta-praw-podstawowych-w-projektach-spolecznych-1-sierpnia-2024-katowice\/","url":"https:\/\/www.mostkatowice.pl\/szkolenie-karta-praw-podstawowych-w-projektach-spolecznych-1-sierpnia-2024-katowice\/","name":"Szkolenie \"Karta praw podstawowych w projektach spo\u0142ecznych\" - 1 sierpnia 2024 Katowice - Stowarzyszenie MOST","isPartOf":{"@id":"https:\/\/www.mostkatowice.pl\/#website"},"primaryImageOfPage":{"@id":"https:\/\/www.mostkatowice.pl\/szkolenie-karta-praw-podstawowych-w-projektach-spolecznych-1-sierpnia-2024-katowice\/#primaryimage"},"image":{"@id":"https:\/\/www.mostkatowice.pl\/szkolenie-karta-praw-podstawowych-w-projektach-spolecznych-1-sierpnia-2024-katowice\/#primaryimage"},"thumbnailUrl":"https:\/\/www.mostkatowice.pl\/wp-content\/uploads\/2024\/07\/unnamed-1024x576.png","datePublished":"2024-07-10T20:00:58+00:00","dateModified":"2024-07-10T20:01:00+00:00","breadcrumb":{"@id":"https:\/\/www.mostkatowice.pl\/szkolenie-karta-praw-podstawowych-w-projektach-spolecznych-1-sierpnia-2024-katowice\/#breadcrumb"},"inLanguage":"en-US","potentialAction":[{"@type":"ReadAction","target":["https:\/\/www.mostkatowice.pl\/szkolenie-karta-praw-podstawowych-w-projektach-spolecznych-1-sierpnia-2024-katowice\/"]}]},{"@type":"ImageObject","inLanguage":"en-US","@id":"https:\/\/www.mostkatowice.pl\/szkolenie-karta-praw-podstawowych-w-projektach-spolecznych-1-sierpnia-2024-katowice\/#primaryimage","url":"https:\/\/www.mostkatowice.pl\/wp-content\/uploads\/2024\/07\/unnamed-1024x576.png","contentUrl":"https:\/\/www.mostkatowice.pl\/wp-content\/uploads\/2024\/07\/unnamed-1024x576.png"},{"@type":"BreadcrumbList","@id":"https:\/\/www.mostkatowice.pl\/szkolenie-karta-praw-podstawowych-w-projektach-spolecznych-1-sierpnia-2024-katowice\/#breadcrumb","itemListElement":[{"@type":"ListItem","position":1,"name":"Strona g\u0142\u00f3wna","item":"https:\/\/www.mostkatowice.pl\/"},{"@type":"ListItem","position":2,"name":"Szkolenie &#8222;Karta praw podstawowych w projektach spo\u0142ecznych&#8221; &#8211; 1 sierpnia 2024 Katowice"}]},{"@type":"WebSite","@id":"https:\/\/www.mostkatowice.pl\/#website","url":"https:\/\/www.mostkatowice.pl\/","name":"Stowarzyszenie MOST","description":"Most \u0142\u0105czy","publisher":{"@id":"https:\/\/www.mostkatowice.pl\/#organization"},"potentialAction":[{"@type":"SearchAction","target":{"@type":"EntryPoint","urlTemplate":"https:\/\/www.mostkatowice.pl\/?s={search_term_string}"},"query-input":{"@type":"PropertyValueSpecification","valueRequired":true,"valueName":"search_term_string"}}],"inLanguage":"en-US"},{"@type":"Organization","@id":"https:\/\/www.mostkatowice.pl\/#organization","name":"Stowarzyszenie MOST","url":"https:\/\/www.mostkatowice.pl\/","logo":{"@type":"ImageObject","inLanguage":"en-US","@id":"https:\/\/www.mostkatowice.pl\/#\/schema\/logo\/image\/","url":"https:\/\/www.mostkatowice.pl\/wp-content\/uploads\/2022\/11\/cropped-cropped-cropped-MOST_Stowarzyszenie_Logo_RGB-03-4-e1667486323777.png","contentUrl":"https:\/\/www.mostkatowice.pl\/wp-content\/uploads\/2022\/11\/cropped-cropped-cropped-MOST_Stowarzyszenie_Logo_RGB-03-4-e1667486323777.png","width":128,"height":89,"caption":"Stowarzyszenie MOST"},"image":{"@id":"https:\/\/www.mostkatowice.pl\/#\/schema\/logo\/image\/"},"sameAs":["https:\/\/www.facebook.com\/mostkatowice","https:\/\/www.youtube.com\/@stowarzyszeniemost832"]},{"@type":"Person","@id":"https:\/\/www.mostkatowice.pl\/#\/schema\/person\/127ff6cb235daf2f013758d519afb4fc","name":"krzysiek","image":{"@type":"ImageObject","inLanguage":"en-US","@id":"https:\/\/www.mostkatowice.pl\/#\/schema\/person\/image\/","url":"https:\/\/secure.gravatar.com\/avatar\/170df94a4305573ce428b7f80f7ce75ea3f5d5ce4e3f6e8ea0e7af7e0af2a25c?s=96&d=mm&r=g","contentUrl":"https:\/\/secure.gravatar.com\/avatar\/170df94a4305573ce428b7f80f7ce75ea3f5d5ce4e3f6e8ea0e7af7e0af2a25c?s=96&d=mm&r=g","caption":"krzysiek"},"url":"https:\/\/www.mostkatowice.pl\/en\/author\/krzysiek\/"}]}},"_links":{"self":[{"href":"https:\/\/www.mostkatowice.pl\/en\/wp-json\/wp\/v2\/posts\/3201","targetHints":{"allow":["GET"]}}],"collection":[{"href":"https:\/\/www.mostkatowice.pl\/en\/wp-json\/wp\/v2\/posts"}],"about":[{"href":"https:\/\/www.mostkatowice.pl\/en\/wp-json\/wp\/v2\/types\/post"}],"author":[{"embeddable":true,"href":"https:\/\/www.mostkatowice.pl\/en\/wp-json\/wp\/v2\/users\/6"}],"replies":[{"embeddable":true,"href":"https:\/\/www.mostkatowice.pl\/en\/wp-json\/wp\/v2\/comments?post=3201"}],"version-history":[{"count":1,"href":"https:\/\/www.mostkatowice.pl\/en\/wp-json\/wp\/v2\/posts\/3201\/revisions"}],"predecessor-version":[{"id":3203,"href":"https:\/\/www.mostkatowice.pl\/en\/wp-json\/wp\/v2\/posts\/3201\/revisions\/3203"}],"wp:attachment":[{"href":"https:\/\/www.mostkatowice.pl\/en\/wp-json\/wp\/v2\/media?parent=3201"}],"wp:term":[{"taxonomy":"category","embeddable":true,"href":"https:\/\/www.mostkatowice.pl\/en\/wp-json\/wp\/v2\/categories?post=3201"},{"taxonomy":"post_tag","embeddable":true,"href":"https:\/\/www.mostkatowice.pl\/en\/wp-json\/wp\/v2\/tags?post=3201"}],"curies":[{"name":"wp","href":"https:\/\/api.w.org\/{rel}","templated":true}]}}