{"id":3087,"date":"2024-07-31T15:44:58","date_gmt":"2024-07-31T13:44:58","guid":{"rendered":"https:\/\/www.mostkatowice.pl\/?p=3087"},"modified":"2024-08-30T18:59:22","modified_gmt":"2024-08-30T16:59:22","slug":"30lastowarzyszeniamost","status":"publish","type":"post","link":"https:\/\/www.mostkatowice.pl\/en\/30lastowarzyszeniamost\/","title":{"rendered":"Zapraszamy na Forum Organizacji Pozarz\u0105dowych pod has\u0142em &#8222;Wsp\u00f3lnie do warto\u015bci. &#8222;"},"content":{"rendered":"<p>Serdecznie zapraszamy do udzia\u0142u w Forum Organizacji Pozarz\u0105dowych. To wyj\u0105tkowe wydarzenie b\u0119dzie doskona\u0142\u0105 okazj\u0105 do \u015bwi\u0119towania trzech dekad wsparcia spo\u0142ecze\u0144stwa obywatelskiego oraz planowania kolejnych trzydziestu lat dzia\u0142a\u0144. Konferencja stanowi platform\u0119 do refleksji nad osi\u0105gni\u0119ciami, wymiany do\u015bwiadcze\u0144 oraz wsp\u00f3lnego wyznaczania przysz\u0142ych kierunk\u00f3w rozwoju organizacji pozarz\u0105dowych w naszym regionie.<\/p>\n\n\n\n<p>Stowarzyszenie MOST od 30 lat \u0142\u0105czy ludzi i organizacje. \u015awi\u0119tuj urodziny razem z nami i b\u0105d\u017a cz\u0119\u015bci\u0105 tej wyj\u0105tkowej spo\u0142eczno\u015bci!<\/p>\n\n\n\n<!--more-->\n\n\n\n<h2 class=\"wp-block-heading\"><\/h2>\n\n\n\n<p>Data: 6 wrze\u015bnia 2024 r.<\/p>\n\n\n\n<p>Miejsce: Muzeum \u015al\u0105skie, ul. Dobrowolskiego 1, Katowice<\/p>\n\n\n\n<p>Data: 7 wrze\u015bnia 2024 r.<\/p>\n\n\n\n<p>Miejsce: Katowice, Rynek<\/p>\n\n\n\n<p>To wyj\u0105tkowe wydarzenie b\u0119dzie doskona\u0142\u0105 okazj\u0105 do refleksji nad trzech dekad wspierania spo\u0142ecze\u0144stwa obywatelskiego oraz dyskusji na temat przysz\u0142o\u015bci i wyzwa\u0144, przed kt\u00f3rymi stoj\u0105 NGO w naszym regionie.<\/p>\n\n\n\n<p>Zapisz si\u0119 ju\u017c teraz na konferencj\u0119: <a href=\"https:\/\/crm.mostkatowice.pl\/form\/konferencja2024\" target=\"_blank\" rel=\"noreferrer noopener\">Rejestracja<\/a><\/p>\n\n\n\n<p><strong>Forum Organizacji Pozarz\u0105dowych w Katowicach: Razem dla wsp\u00f3lnych warto\u015bci<\/strong><\/p>\n\n\n\n<p>Katowice po raz kolejny stan\u0105 si\u0119 miejscem spotkania przedstawicieli organizacji pozarz\u0105dowych z ca\u0142ego wojew\u00f3dztwa \u015bl\u0105skiego. W ramach Forum Organizacji Pozarz\u0105dowych, pod has\u0142em \u201eRazem dla wsp\u00f3lnych warto\u015bci\u201d, odb\u0119dzie si\u0119 wydarzenie, kt\u00f3re sk\u0142ada\u0107 si\u0119 b\u0119dzie z dw\u00f3ch etap\u00f3w, oferuj\u0105c bogaty program zar\u00f3wno dla specjalist\u00f3w, jak i mieszka\u0144c\u00f3w Katowic.<\/p>\n\n\n\n<p><strong>Pierwszy Dzie\u0144 Forum \u2013 Konferencja w Muzeum \u015al\u0105skim<\/strong><\/p>\n\n\n\n<p>Ju\u017c 6 wrze\u015bnia 2024 roku, w godzinach 9:00 &#8211; 15:00, w Muzeum \u015al\u0105skim przy ul. Dobrowolskiego 1, odb\u0119dzie si\u0119 konferencja zatytu\u0142owana \u201e30 lat wspierania spo\u0142ecze\u0144stwa obywatelskiego w wojew\u00f3dztwie \u015bl\u0105skim\u201d. To wyj\u0105tkowe wydarzenie stanie si\u0119 okazj\u0105 do podsumowania trzech dekad dzia\u0142a\u0144 organizacji pozarz\u0105dowych w regionie. W programie przewidziane s\u0105 prelekcje, panele dyskusyjne, warsztaty oraz prezentacje dobrych praktyk, co pozwoli uczestnikom na wymian\u0119 do\u015bwiadcze\u0144 oraz nawi\u0105zanie nowych kontakt\u00f3w.<\/p>\n\n\n\n<p>Czy potrzebujesz informacji o prelegentach (imi\u0119, nazwisko, stanowisko itd.)?<\/p>\n\n\n\n<figure class=\"wp-block-image size-large is-resized\"><img fetchpriority=\"high\" decoding=\"async\" width=\"481\" height=\"1024\" src=\"https:\/\/www.mostkatowice.pl\/wp-content\/uploads\/2024\/07\/program-konferencji-481x1024.png\" alt=\"PROGRAM KONFERENCJI: \u201c30 lat wspierania spo\u0142ecze\u0144stwa obywatelskiego w wojew\u00f3dztwie \u015bl\u0105skim\u201d6 wrze\u015bnia 2024 r., Muzeum \u015al\u0105skie, ul. Dobrowolskiego 1, Katowice 9:00 \u2013 10:00 - Rejestracja i powitalna kawa 10:00 \u2013 10:15 \u2013 Powitanie i otwarcie konferencji 10:15 \u2013 11:25 \u2013 Panel I \u201eWolno\u015b\u0107, godno\u015b\u0107, solidarno\u015b\u0107: Jak NGO kszta\u0142tuj\u0105 zmiany w spo\u0142ecze\u0144stwie do\u015bwiadczenia i wyzwania\u201dPrelegenci: Marek Krawczyk - Wiceminister ds. Spo\u0142ecze\u0144stwa ObywatelskiegoKatarzyna Nowakowska - Wiceministra w Ministerstwie Rodziny, Pracy i Polityki Spo\u0142ecznejRafa\u0142 Adamczyk - Wicemarsza\u0142ek Wojew\u00f3dztwa Sl\u0105skiego\u0141ukasz Gorczy\u0144ski - Zast\u0119pca Prezydenta Miasta GliwiceKarolina Dreszer-Smalec - Prezeska Og\u00f3lnopolskiej federacji Organizacji Pozarz\u0105dowych w WarszawieAgnieszka Lis - Pe\u0142nomocnik Prezydenta Miasta Katowice ds. Organizacji Pozarz\u0105dowychKrzysztof Ho\u0142y\u0144ski - Prezes Stowarzyszenia MOST11:25 \u2013 11:35 - MOST \u0141\u0105czy - 30 lat wspierania spo\u0142ecze\u0144stwa obywatelskiego w wojew\u00f3dztwie \u015bl\u0105skim11:35 \u2013 12:25 - Panel II Wsp\u00f3lnie do warto\u015bci: Dlaczego wsp\u00f3\u0142praca NGO jest kluczem do zmianyMa\u0142gorzata Zieli\u0144ska - Cz\u0142onkini Zarz\u0105du Fundacji Rozwoju Demokracji LokalnejJustyna Och\u0119dzan - Prezeska Wielkopolskiej Rady Koordynacyjnej Zwi\u0105zku Organizacji Pozarz\u0105dowych Kazimierz S\u0142obodzian - Prezes \u015al\u0105skiego Forum Organizacji Pozarz\u0105dowych KAFOSAgnieszka Budzy\u0144ska - Prezeska Stowarzyszenia \u015al\u0105ska Sieci 3 SektoraMicha\u0142 Budny - Prezes Fundacji Instytut Inicjatyw Lokalnych im. Prof. Waleriana Pa\u0144kiRobert K\u0119pa - Wiceprezes \u015al\u0105skiego Forum Organizacji Pozarz\u0105dowych KAFOS12:25 \u2013 13:30 - Lunch 13:30 \u2013 15:00 - WarsztatySala A: Wsp\u00f3lnota i wsparcie: Jak lokalne NGO mog\u0105 razem budowa\u0107 lepsze spo\u0142ecze\u0144stwoProwadz\u0105ce: Patrycja Rojek - Kierownik WTZ przy Stowarzyszeniu UNIKATAgnieszka Lis - Pe\u0142nomocniczka Prezydenta Miasta Katowice ds. Organizacji Pozarz\u0105dowychJustyna Dec - Prezeska Fundacji Oko w Oko z rakiemEwa Mo\u0144ka-Mr\u00f3z - Fundacja Be-ArtistMonika Fedeli\u0144ska -Stowarzyszenie MOSTSala B: Wsp\u00f3lnie przeciwko dyskryminacji: Budowanie most\u00f3w mi\u0119dzykulturowych i obrona godno\u015bci migrant\u00f3wProwadz\u0105ce: Anna Zasada-Chorab - Dyrektorka Regionalnego O\u015brodka Polityki Spo\u0142ecznej Wojew\u00f3dztwa \u015al\u0105skiego Oksana Matyiai - Prezeska Fundacji Mi\u0119dzynarodowej Pomocy PsychologicznejKatarzyna Batko-To\u0142u\u0107- Fundacja dla Polski - Fundusz obywatelski im. Ludwiki i Henryka Wujc\u00f3wAleksandra Mosio\u0142ek - UNICEFMaria Pamu\u0142a - UNHCRAnneta Wojnarowicz - Stowarzyszenie MOSTSala C: Karta Praw Podstawowych w praktyce: Jak budowa\u0107 potencja\u0142 organizacji z wykorzystaniem \u015brodk\u00f3w z Unii EuropejskiejProwadz\u0105ca: Justyna Och\u0119dzan - Prezeska WRZOS - Wsp\u00f3lnota Robocza Zwi\u0105zk\u00f3w Organizacji Socjalnych\" class=\"wp-image-3428\" style=\"width:971px;height:auto\" srcset=\"https:\/\/www.mostkatowice.pl\/wp-content\/uploads\/2024\/07\/program-konferencji-481x1024.png 481w, https:\/\/www.mostkatowice.pl\/wp-content\/uploads\/2024\/07\/program-konferencji-141x300.png 141w, https:\/\/www.mostkatowice.pl\/wp-content\/uploads\/2024\/07\/program-konferencji-768x1635.png 768w, https:\/\/www.mostkatowice.pl\/wp-content\/uploads\/2024\/07\/program-konferencji-721x1536.png 721w, https:\/\/www.mostkatowice.pl\/wp-content\/uploads\/2024\/07\/program-konferencji-962x2048.png 962w, https:\/\/www.mostkatowice.pl\/wp-content\/uploads\/2024\/07\/program-konferencji-6x12.png 6w, https:\/\/www.mostkatowice.pl\/wp-content\/uploads\/2024\/07\/program-konferencji.png 1587w\" sizes=\"(max-width: 481px) 100vw, 481px\" \/><\/figure>\n\n\n\n<p>Zapisy na konferencj\u0119 s\u0105 mo\u017cliwe pod adresem: <a rel=\"noreferrer noopener\" href=\"https:\/\/crm.mostkatowice.pl\/form\/konferencja2024\" target=\"_blank\">https:\/\/crm.mostkatowice.pl\/form\/konferencja2024<\/a><\/p>\n\n\n\n<p><\/p>\n\n\n\n<p><strong>Drugi Dzie\u0144 Forum \u2013 XIII Festiwal Organizacji Pozarz\u0105dowych na Rynku w Katowicach<\/strong><\/p>\n\n\n\n<p>7 wrze\u015bnia 2024 roku, w godzinach od 11:00 do 16:00, na Rynku w Katowicach (nad Raw\u0105) odb\u0119dzie si\u0119 XIII Festiwal Organizacji Pozarz\u0105dowych. Mieszka\u0144cy Katowic b\u0119d\u0105 mieli okazj\u0119 zapozna\u0107 si\u0119 z dzia\u0142alno\u015bci\u0105 a\u017c 57 organizacji pozarz\u0105dowych z ca\u0142ego regionu. Festiwal ten to doskona\u0142a okazja do poznania inicjatyw spo\u0142ecznych, kt\u00f3re wp\u0142ywaj\u0105 na jako\u015b\u0107 \u017cycia lokalnych spo\u0142eczno\u015bci, a tak\u017ce do bezpo\u015bredniego kontaktu z osobami zaanga\u017cowanymi w te dzia\u0142ania.<\/p>\n\n\n\n<p>Festiwal ma na celu promowanie aktywno\u015bci obywatelskiej oraz zach\u0119canie mieszka\u0144c\u00f3w Katowic do anga\u017cowania si\u0119 w dzia\u0142ania na rzecz swojego otoczenia. Na uczestnik\u00f3w czeka wiele atrakcji, w tym warsztaty, pokazy oraz prezentacje projekt\u00f3w realizowanych przez organizacje pozarz\u0105dowe. To r\u00f3wnie\u017c doskona\u0142a okazja, by dowiedzie\u0107 si\u0119, jak mo\u017cna wesprze\u0107 te organizacje i aktywnie uczestniczy\u0107 w budowaniu dobra wsp\u00f3lnego.<\/p>\n\n\n\n<p><strong>Atrakcje:<\/strong><\/p>\n\n\n\n<ul class=\"wp-block-list\">\n<li>Kiermasze r\u0119kodzie\u0142a<\/li>\n\n\n\n<li>Warsztaty malarskie oraz r\u0119kodzielnicze (np. szyde\u0142kowanie)<\/li>\n\n\n\n<li>Konsultacje z doradc\u0105 zawodowym oraz porady prawne, mo\u017cliwo\u015b\u0107 spotkania z terapeut\u0105 uzale\u017cnie\u0144<\/li>\n\n\n\n<li>Pokazy pierwszej pomocy, zwiedzanie karetki<\/li>\n\n\n\n<li>Wystawa pojazd\u00f3w \u015al\u0105skiego Automobilklubu<\/li>\n\n\n\n<li>Bezp\u0142atne pomiary ci\u015bnienia i poziomu cukru, mo\u017cliwo\u015b\u0107 wykonania cytologii oraz spirometrii<\/li>\n\n\n\n<li>Puszczanie wielkich baniek mydlanych, malowanie buziek, robienie warkoczyk\u00f3w, zwierz\u0105tka z balon\u00f3w, przypinki i magnesy, tatua\u017ce<\/li>\n\n\n\n<li>Zabawy z chust\u0105 Klanza, zabawy plastyczne<\/li>\n\n\n\n<li>Warsztaty zumby i latino dla wszystkich<\/li>\n\n\n\n<li>Akademia telewizyjna \u2013 warsztaty dziennikarskie z TVS<\/li>\n\n\n\n<li>Wernisa\u017c prac Katowickich Tw\u00f3rc\u00f3w Intuicyjnych pt. \u201eKatowice Miasto Zieleni\u201d<\/li>\n\n\n\n<li>Pokaz Dawnych Europejskich Sztuk Walki<\/li>\n\n\n\n<li>Wyst\u0119p Ma\u017coretek, pokaz taneczno-gimnastyczny<\/li>\n\n\n\n<li>Konkurs graffiti \u2013 Katowice 2064<\/li>\n<\/ul>\n\n\n\n<p><\/p>\n\n\n\n<p>Serdecznie zapraszamy wszystkich mieszka\u0144c\u00f3w Katowic i okolic do wzi\u0119cia udzia\u0142u w tym wyj\u0105tkowym wydarzeniu, kt\u00f3re jest \u015bwi\u0119tem aktywno\u015bci obywatelskiej i solidarno\u015bci spo\u0142ecznej. To niepowtarzalna okazja, aby wsp\u00f3lnie dzia\u0142a\u0107 na rzecz lepszego jutra dla naszej lokalnej spo\u0142eczno\u015bci!<\/p>\n\n\n\n<p>Do\u0142\u0105cz do nas i wsp\u00f3\u0142tw\u00f3rz przysz\u0142o\u015b\u0107 spo\u0142ecze\u0144stwa obywatelskiego w wojew\u00f3dztwie \u015bl\u0105skim!<\/p>\n\n\n\n<p>Wsp\u00f3\u0142finansowane ze \u015brodk\u00f3w Unii Europejskiej, Wojew\u00f3dztwa \u015al\u0105skiego oraz Miasta Katowice.<\/p>\n\n\n\n<p>Projekt wsp\u00f3\u0142finansowany przez Komisj\u0119 Europejsk\u0105 w ramach Projektu \u201eBuilding Bridges &#8211; Civic Capital in Local Communities\u201d, realizowanego ze \u015brodk\u00f3w programu CERV finansowanego ze \u015brodk\u00f3w Komisji Europejskiej w ramach programu \u201eObywatele, R\u00f3wno\u015b\u0107, Prawa i Warto\u015bci\u201d na lata 2021 \u2013 2027.<\/p>","protected":false},"excerpt":{"rendered":"<p>Serdecznie zapraszamy do udzia\u0142u w Forum Organizacji Pozarz\u0105dowych. To wyj\u0105tkowe wydarzenie b\u0119dzie doskona\u0142\u0105 okazj\u0105 do \u015bwi\u0119towania trzech dekad wsparcia spo\u0142ecze\u0144stwa obywatelskiego oraz planowania kolejnych trzydziestu lat dzia\u0142a\u0144. Konferencja stanowi platform\u0119 do refleksji nad osi\u0105gni\u0119ciami, wymiany do\u015bwiadcze\u0144 oraz wsp\u00f3lnego wyznaczania przysz\u0142ych kierunk\u00f3w rozwoju organizacji pozarz\u0105dowych w naszym regionie. Stowarzyszenie MOST od 30 lat \u0142\u0105czy ludzi i [&hellip;]<\/p>","protected":false},"author":2,"featured_media":3422,"comment_status":"closed","ping_status":"closed","sticky":false,"template":"","format":"standard","meta":{"om_disable_all_campaigns":false,"_monsterinsights_skip_tracking":false,"_monsterinsights_sitenote_active":false,"_monsterinsights_sitenote_note":"","_monsterinsights_sitenote_category":0,"_uf_show_specific_survey":0,"_uf_disable_surveys":false,"footnotes":""},"categories":[5],"tags":[14,9],"class_list":["post-3087","post","type-post","status-publish","format-standard","has-post-thumbnail","hentry","category-aktualnosci","tag-katowice","tag-szkolenia"],"yoast_head":"<!-- This site is optimized with the Yoast SEO plugin v26.8 - https:\/\/yoast.com\/product\/yoast-seo-wordpress\/ -->\n<title>Zapraszamy na Forum Organizacji Pozarz\u0105dowych pod has\u0142em &quot;Wsp\u00f3lnie do warto\u015bci. &quot; - Stowarzyszenie MOST<\/title>\n<meta name=\"robots\" content=\"index, follow, max-snippet:-1, max-image-preview:large, max-video-preview:-1\" \/>\n<link rel=\"canonical\" href=\"https:\/\/www.mostkatowice.pl\/en\/30lastowarzyszeniamost\/\" \/>\n<meta property=\"og:locale\" content=\"en_US\" \/>\n<meta property=\"og:type\" content=\"article\" \/>\n<meta property=\"og:title\" content=\"Zapraszamy na Forum Organizacji Pozarz\u0105dowych pod has\u0142em &quot;Wsp\u00f3lnie do warto\u015bci. &quot; - Stowarzyszenie MOST\" \/>\n<meta property=\"og:description\" content=\"Serdecznie zapraszamy do udzia\u0142u w Forum Organizacji Pozarz\u0105dowych. To wyj\u0105tkowe wydarzenie b\u0119dzie doskona\u0142\u0105 okazj\u0105 do \u015bwi\u0119towania trzech dekad wsparcia spo\u0142ecze\u0144stwa obywatelskiego oraz planowania kolejnych trzydziestu lat dzia\u0142a\u0144. Konferencja stanowi platform\u0119 do refleksji nad osi\u0105gni\u0119ciami, wymiany do\u015bwiadcze\u0144 oraz wsp\u00f3lnego wyznaczania przysz\u0142ych kierunk\u00f3w rozwoju organizacji pozarz\u0105dowych w naszym regionie. Stowarzyszenie MOST od 30 lat \u0142\u0105czy ludzi i [&hellip;]\" \/>\n<meta property=\"og:url\" content=\"https:\/\/www.mostkatowice.pl\/en\/30lastowarzyszeniamost\/\" \/>\n<meta property=\"og:site_name\" content=\"Stowarzyszenie MOST\" \/>\n<meta property=\"article:publisher\" content=\"https:\/\/www.facebook.com\/mostkatowice\" \/>\n<meta property=\"article:published_time\" content=\"2024-07-31T13:44:58+00:00\" \/>\n<meta property=\"article:modified_time\" content=\"2024-08-30T16:59:22+00:00\" \/>\n<meta property=\"og:image\" content=\"http:\/\/www.mostkatowice.pl\/wp-content\/uploads\/2024\/07\/FOP.png\" \/>\n\t<meta property=\"og:image:width\" content=\"1250\" \/>\n\t<meta property=\"og:image:height\" content=\"625\" \/>\n\t<meta property=\"og:image:type\" content=\"image\/png\" \/>\n<meta name=\"author\" content=\"Agnieszka\" \/>\n<meta name=\"twitter:card\" content=\"summary_large_image\" \/>\n<meta name=\"twitter:label1\" content=\"Written by\" \/>\n\t<meta name=\"twitter:data1\" content=\"Agnieszka\" \/>\n\t<meta name=\"twitter:label2\" content=\"Est. reading time\" \/>\n\t<meta name=\"twitter:data2\" content=\"4 minutes\" \/>\n<script type=\"application\/ld+json\" class=\"yoast-schema-graph\">{\"@context\":\"https:\/\/schema.org\",\"@graph\":[{\"@type\":\"Article\",\"@id\":\"https:\/\/www.mostkatowice.pl\/30lastowarzyszeniamost\/#article\",\"isPartOf\":{\"@id\":\"https:\/\/www.mostkatowice.pl\/30lastowarzyszeniamost\/\"},\"author\":{\"name\":\"Agnieszka\",\"@id\":\"https:\/\/www.mostkatowice.pl\/#\/schema\/person\/c9027b32e55f8461a32c15d6a45c6c88\"},\"headline\":\"Zapraszamy na Forum Organizacji Pozarz\u0105dowych pod has\u0142em &#8222;Wsp\u00f3lnie do warto\u015bci. &#8222;\",\"datePublished\":\"2024-07-31T13:44:58+00:00\",\"dateModified\":\"2024-08-30T16:59:22+00:00\",\"mainEntityOfPage\":{\"@id\":\"https:\/\/www.mostkatowice.pl\/30lastowarzyszeniamost\/\"},\"wordCount\":740,\"publisher\":{\"@id\":\"https:\/\/www.mostkatowice.pl\/#organization\"},\"image\":{\"@id\":\"https:\/\/www.mostkatowice.pl\/30lastowarzyszeniamost\/#primaryimage\"},\"thumbnailUrl\":\"https:\/\/www.mostkatowice.pl\/wp-content\/uploads\/2024\/07\/FOP.png\",\"keywords\":[\"katowice\",\"szkolenia\"],\"articleSection\":[\"Aktualno\u015bci\"],\"inLanguage\":\"en-US\"},{\"@type\":\"WebPage\",\"@id\":\"https:\/\/www.mostkatowice.pl\/30lastowarzyszeniamost\/\",\"url\":\"https:\/\/www.mostkatowice.pl\/30lastowarzyszeniamost\/\",\"name\":\"Zapraszamy na Forum Organizacji Pozarz\u0105dowych pod has\u0142em \\\"Wsp\u00f3lnie do warto\u015bci. \\\" - Stowarzyszenie MOST\",\"isPartOf\":{\"@id\":\"https:\/\/www.mostkatowice.pl\/#website\"},\"primaryImageOfPage\":{\"@id\":\"https:\/\/www.mostkatowice.pl\/30lastowarzyszeniamost\/#primaryimage\"},\"image\":{\"@id\":\"https:\/\/www.mostkatowice.pl\/30lastowarzyszeniamost\/#primaryimage\"},\"thumbnailUrl\":\"https:\/\/www.mostkatowice.pl\/wp-content\/uploads\/2024\/07\/FOP.png\",\"datePublished\":\"2024-07-31T13:44:58+00:00\",\"dateModified\":\"2024-08-30T16:59:22+00:00\",\"breadcrumb\":{\"@id\":\"https:\/\/www.mostkatowice.pl\/30lastowarzyszeniamost\/#breadcrumb\"},\"inLanguage\":\"en-US\",\"potentialAction\":[{\"@type\":\"ReadAction\",\"target\":[\"https:\/\/www.mostkatowice.pl\/30lastowarzyszeniamost\/\"]}]},{\"@type\":\"ImageObject\",\"inLanguage\":\"en-US\",\"@id\":\"https:\/\/www.mostkatowice.pl\/30lastowarzyszeniamost\/#primaryimage\",\"url\":\"https:\/\/www.mostkatowice.pl\/wp-content\/uploads\/2024\/07\/FOP.png\",\"contentUrl\":\"https:\/\/www.mostkatowice.pl\/wp-content\/uploads\/2024\/07\/FOP.png\",\"width\":1250,\"height\":625,\"caption\":\"Forum Organizacji Pozarz\u0105dowych 6 wrze\u015bnia - 09:00-15:00 Muzeum \u015al\u0105skie Konferencja \\\"30 lat wspierania spo\u0142ecze\u0144stwa obywatelskiego w wojew\u00f3dztwie \u015bl\u0105skim\\\" 7 wrze\u015bnia 2024 11:00-16:00, Rynek Katowice nad Raw\u0105 XIII Festiwal Organizacji Pozarz\u0105dowych w Katowicach\"},{\"@type\":\"BreadcrumbList\",\"@id\":\"https:\/\/www.mostkatowice.pl\/30lastowarzyszeniamost\/#breadcrumb\",\"itemListElement\":[{\"@type\":\"ListItem\",\"position\":1,\"name\":\"Strona g\u0142\u00f3wna\",\"item\":\"https:\/\/www.mostkatowice.pl\/\"},{\"@type\":\"ListItem\",\"position\":2,\"name\":\"Zapraszamy na Forum Organizacji Pozarz\u0105dowych pod has\u0142em &#8222;Wsp\u00f3lnie do warto\u015bci. &#8222;\"}]},{\"@type\":\"WebSite\",\"@id\":\"https:\/\/www.mostkatowice.pl\/#website\",\"url\":\"https:\/\/www.mostkatowice.pl\/\",\"name\":\"Stowarzyszenie MOST\",\"description\":\"Most \u0142\u0105czy\",\"publisher\":{\"@id\":\"https:\/\/www.mostkatowice.pl\/#organization\"},\"potentialAction\":[{\"@type\":\"SearchAction\",\"target\":{\"@type\":\"EntryPoint\",\"urlTemplate\":\"https:\/\/www.mostkatowice.pl\/?s={search_term_string}\"},\"query-input\":{\"@type\":\"PropertyValueSpecification\",\"valueRequired\":true,\"valueName\":\"search_term_string\"}}],\"inLanguage\":\"en-US\"},{\"@type\":\"Organization\",\"@id\":\"https:\/\/www.mostkatowice.pl\/#organization\",\"name\":\"Stowarzyszenie MOST\",\"url\":\"https:\/\/www.mostkatowice.pl\/\",\"logo\":{\"@type\":\"ImageObject\",\"inLanguage\":\"en-US\",\"@id\":\"https:\/\/www.mostkatowice.pl\/#\/schema\/logo\/image\/\",\"url\":\"https:\/\/www.mostkatowice.pl\/wp-content\/uploads\/2022\/11\/cropped-cropped-cropped-MOST_Stowarzyszenie_Logo_RGB-03-4-e1667486323777.png\",\"contentUrl\":\"https:\/\/www.mostkatowice.pl\/wp-content\/uploads\/2022\/11\/cropped-cropped-cropped-MOST_Stowarzyszenie_Logo_RGB-03-4-e1667486323777.png\",\"width\":128,\"height\":89,\"caption\":\"Stowarzyszenie MOST\"},\"image\":{\"@id\":\"https:\/\/www.mostkatowice.pl\/#\/schema\/logo\/image\/\"},\"sameAs\":[\"https:\/\/www.facebook.com\/mostkatowice\",\"https:\/\/www.youtube.com\/@stowarzyszeniemost832\"]},{\"@type\":\"Person\",\"@id\":\"https:\/\/www.mostkatowice.pl\/#\/schema\/person\/c9027b32e55f8461a32c15d6a45c6c88\",\"name\":\"Agnieszka\",\"image\":{\"@type\":\"ImageObject\",\"inLanguage\":\"en-US\",\"@id\":\"https:\/\/www.mostkatowice.pl\/#\/schema\/person\/image\/\",\"url\":\"https:\/\/secure.gravatar.com\/avatar\/617166231e71f18303396375234f5ce451782dafb8e172fe30a510b70e1d7848?s=96&d=mm&r=g\",\"contentUrl\":\"https:\/\/secure.gravatar.com\/avatar\/617166231e71f18303396375234f5ce451782dafb8e172fe30a510b70e1d7848?s=96&d=mm&r=g\",\"caption\":\"Agnieszka\"},\"url\":\"https:\/\/www.mostkatowice.pl\/en\/author\/agnieszka\/\"}]}<\/script>\n<!-- \/ Yoast SEO plugin. -->","yoast_head_json":{"title":"Zapraszamy na Forum Organizacji Pozarz\u0105dowych pod has\u0142em \"Wsp\u00f3lnie do warto\u015bci. \" - Stowarzyszenie MOST","robots":{"index":"index","follow":"follow","max-snippet":"max-snippet:-1","max-image-preview":"max-image-preview:large","max-video-preview":"max-video-preview:-1"},"canonical":"https:\/\/www.mostkatowice.pl\/en\/30lastowarzyszeniamost\/","og_locale":"en_US","og_type":"article","og_title":"Zapraszamy na Forum Organizacji Pozarz\u0105dowych pod has\u0142em \"Wsp\u00f3lnie do warto\u015bci. \" - Stowarzyszenie MOST","og_description":"Serdecznie zapraszamy do udzia\u0142u w Forum Organizacji Pozarz\u0105dowych. To wyj\u0105tkowe wydarzenie b\u0119dzie doskona\u0142\u0105 okazj\u0105 do \u015bwi\u0119towania trzech dekad wsparcia spo\u0142ecze\u0144stwa obywatelskiego oraz planowania kolejnych trzydziestu lat dzia\u0142a\u0144. Konferencja stanowi platform\u0119 do refleksji nad osi\u0105gni\u0119ciami, wymiany do\u015bwiadcze\u0144 oraz wsp\u00f3lnego wyznaczania przysz\u0142ych kierunk\u00f3w rozwoju organizacji pozarz\u0105dowych w naszym regionie. Stowarzyszenie MOST od 30 lat \u0142\u0105czy ludzi i [&hellip;]","og_url":"https:\/\/www.mostkatowice.pl\/en\/30lastowarzyszeniamost\/","og_site_name":"Stowarzyszenie MOST","article_publisher":"https:\/\/www.facebook.com\/mostkatowice","article_published_time":"2024-07-31T13:44:58+00:00","article_modified_time":"2024-08-30T16:59:22+00:00","og_image":[{"width":1250,"height":625,"url":"http:\/\/www.mostkatowice.pl\/wp-content\/uploads\/2024\/07\/FOP.png","type":"image\/png"}],"author":"Agnieszka","twitter_card":"summary_large_image","twitter_misc":{"Written by":"Agnieszka","Est. reading time":"4 minutes"},"schema":{"@context":"https:\/\/schema.org","@graph":[{"@type":"Article","@id":"https:\/\/www.mostkatowice.pl\/30lastowarzyszeniamost\/#article","isPartOf":{"@id":"https:\/\/www.mostkatowice.pl\/30lastowarzyszeniamost\/"},"author":{"name":"Agnieszka","@id":"https:\/\/www.mostkatowice.pl\/#\/schema\/person\/c9027b32e55f8461a32c15d6a45c6c88"},"headline":"Zapraszamy na Forum Organizacji Pozarz\u0105dowych pod has\u0142em &#8222;Wsp\u00f3lnie do warto\u015bci. &#8222;","datePublished":"2024-07-31T13:44:58+00:00","dateModified":"2024-08-30T16:59:22+00:00","mainEntityOfPage":{"@id":"https:\/\/www.mostkatowice.pl\/30lastowarzyszeniamost\/"},"wordCount":740,"publisher":{"@id":"https:\/\/www.mostkatowice.pl\/#organization"},"image":{"@id":"https:\/\/www.mostkatowice.pl\/30lastowarzyszeniamost\/#primaryimage"},"thumbnailUrl":"https:\/\/www.mostkatowice.pl\/wp-content\/uploads\/2024\/07\/FOP.png","keywords":["katowice","szkolenia"],"articleSection":["Aktualno\u015bci"],"inLanguage":"en-US"},{"@type":"WebPage","@id":"https:\/\/www.mostkatowice.pl\/30lastowarzyszeniamost\/","url":"https:\/\/www.mostkatowice.pl\/30lastowarzyszeniamost\/","name":"Zapraszamy na Forum Organizacji Pozarz\u0105dowych pod has\u0142em \"Wsp\u00f3lnie do warto\u015bci. \" - Stowarzyszenie MOST","isPartOf":{"@id":"https:\/\/www.mostkatowice.pl\/#website"},"primaryImageOfPage":{"@id":"https:\/\/www.mostkatowice.pl\/30lastowarzyszeniamost\/#primaryimage"},"image":{"@id":"https:\/\/www.mostkatowice.pl\/30lastowarzyszeniamost\/#primaryimage"},"thumbnailUrl":"https:\/\/www.mostkatowice.pl\/wp-content\/uploads\/2024\/07\/FOP.png","datePublished":"2024-07-31T13:44:58+00:00","dateModified":"2024-08-30T16:59:22+00:00","breadcrumb":{"@id":"https:\/\/www.mostkatowice.pl\/30lastowarzyszeniamost\/#breadcrumb"},"inLanguage":"en-US","potentialAction":[{"@type":"ReadAction","target":["https:\/\/www.mostkatowice.pl\/30lastowarzyszeniamost\/"]}]},{"@type":"ImageObject","inLanguage":"en-US","@id":"https:\/\/www.mostkatowice.pl\/30lastowarzyszeniamost\/#primaryimage","url":"https:\/\/www.mostkatowice.pl\/wp-content\/uploads\/2024\/07\/FOP.png","contentUrl":"https:\/\/www.mostkatowice.pl\/wp-content\/uploads\/2024\/07\/FOP.png","width":1250,"height":625,"caption":"Forum Organizacji Pozarz\u0105dowych 6 wrze\u015bnia - 09:00-15:00 Muzeum \u015al\u0105skie Konferencja \"30 lat wspierania spo\u0142ecze\u0144stwa obywatelskiego w wojew\u00f3dztwie \u015bl\u0105skim\" 7 wrze\u015bnia 2024 11:00-16:00, Rynek Katowice nad Raw\u0105 XIII Festiwal Organizacji Pozarz\u0105dowych w Katowicach"},{"@type":"BreadcrumbList","@id":"https:\/\/www.mostkatowice.pl\/30lastowarzyszeniamost\/#breadcrumb","itemListElement":[{"@type":"ListItem","position":1,"name":"Strona g\u0142\u00f3wna","item":"https:\/\/www.mostkatowice.pl\/"},{"@type":"ListItem","position":2,"name":"Zapraszamy na Forum Organizacji Pozarz\u0105dowych pod has\u0142em &#8222;Wsp\u00f3lnie do warto\u015bci. &#8222;"}]},{"@type":"WebSite","@id":"https:\/\/www.mostkatowice.pl\/#website","url":"https:\/\/www.mostkatowice.pl\/","name":"Stowarzyszenie MOST","description":"Most \u0142\u0105czy","publisher":{"@id":"https:\/\/www.mostkatowice.pl\/#organization"},"potentialAction":[{"@type":"SearchAction","target":{"@type":"EntryPoint","urlTemplate":"https:\/\/www.mostkatowice.pl\/?s={search_term_string}"},"query-input":{"@type":"PropertyValueSpecification","valueRequired":true,"valueName":"search_term_string"}}],"inLanguage":"en-US"},{"@type":"Organization","@id":"https:\/\/www.mostkatowice.pl\/#organization","name":"Stowarzyszenie MOST","url":"https:\/\/www.mostkatowice.pl\/","logo":{"@type":"ImageObject","inLanguage":"en-US","@id":"https:\/\/www.mostkatowice.pl\/#\/schema\/logo\/image\/","url":"https:\/\/www.mostkatowice.pl\/wp-content\/uploads\/2022\/11\/cropped-cropped-cropped-MOST_Stowarzyszenie_Logo_RGB-03-4-e1667486323777.png","contentUrl":"https:\/\/www.mostkatowice.pl\/wp-content\/uploads\/2022\/11\/cropped-cropped-cropped-MOST_Stowarzyszenie_Logo_RGB-03-4-e1667486323777.png","width":128,"height":89,"caption":"Stowarzyszenie MOST"},"image":{"@id":"https:\/\/www.mostkatowice.pl\/#\/schema\/logo\/image\/"},"sameAs":["https:\/\/www.facebook.com\/mostkatowice","https:\/\/www.youtube.com\/@stowarzyszeniemost832"]},{"@type":"Person","@id":"https:\/\/www.mostkatowice.pl\/#\/schema\/person\/c9027b32e55f8461a32c15d6a45c6c88","name":"Agnieszka","image":{"@type":"ImageObject","inLanguage":"en-US","@id":"https:\/\/www.mostkatowice.pl\/#\/schema\/person\/image\/","url":"https:\/\/secure.gravatar.com\/avatar\/617166231e71f18303396375234f5ce451782dafb8e172fe30a510b70e1d7848?s=96&d=mm&r=g","contentUrl":"https:\/\/secure.gravatar.com\/avatar\/617166231e71f18303396375234f5ce451782dafb8e172fe30a510b70e1d7848?s=96&d=mm&r=g","caption":"Agnieszka"},"url":"https:\/\/www.mostkatowice.pl\/en\/author\/agnieszka\/"}]}},"_links":{"self":[{"href":"https:\/\/www.mostkatowice.pl\/en\/wp-json\/wp\/v2\/posts\/3087","targetHints":{"allow":["GET"]}}],"collection":[{"href":"https:\/\/www.mostkatowice.pl\/en\/wp-json\/wp\/v2\/posts"}],"about":[{"href":"https:\/\/www.mostkatowice.pl\/en\/wp-json\/wp\/v2\/types\/post"}],"author":[{"embeddable":true,"href":"https:\/\/www.mostkatowice.pl\/en\/wp-json\/wp\/v2\/users\/2"}],"replies":[{"embeddable":true,"href":"https:\/\/www.mostkatowice.pl\/en\/wp-json\/wp\/v2\/comments?post=3087"}],"version-history":[{"count":9,"href":"https:\/\/www.mostkatowice.pl\/en\/wp-json\/wp\/v2\/posts\/3087\/revisions"}],"predecessor-version":[{"id":3439,"href":"https:\/\/www.mostkatowice.pl\/en\/wp-json\/wp\/v2\/posts\/3087\/revisions\/3439"}],"wp:featuredmedia":[{"embeddable":true,"href":"https:\/\/www.mostkatowice.pl\/en\/wp-json\/wp\/v2\/media\/3422"}],"wp:attachment":[{"href":"https:\/\/www.mostkatowice.pl\/en\/wp-json\/wp\/v2\/media?parent=3087"}],"wp:term":[{"taxonomy":"category","embeddable":true,"href":"https:\/\/www.mostkatowice.pl\/en\/wp-json\/wp\/v2\/categories?post=3087"},{"taxonomy":"post_tag","embeddable":true,"href":"https:\/\/www.mostkatowice.pl\/en\/wp-json\/wp\/v2\/tags?post=3087"}],"curies":[{"name":"wp","href":"https:\/\/api.w.org\/{rel}","templated":true}]}}