{"id":2962,"date":"2024-02-27T12:50:07","date_gmt":"2024-02-27T10:50:07","guid":{"rendered":"https:\/\/www.mostkatowice.pl\/?p=2962"},"modified":"2024-03-20T16:33:54","modified_gmt":"2024-03-20T14:33:54","slug":"przelamujac-stereotypy-niepelnosprawni-czy-pelnosprawni","status":"publish","type":"post","link":"https:\/\/www.mostkatowice.pl\/en\/przelamujac-stereotypy-niepelnosprawni-czy-pelnosprawni\/","title":{"rendered":"Prze\u0142amuj\u0105c stereotypy &#8211; (nie)pe\u0142nosprawni czy pe\u0142nosprawni?"},"content":{"rendered":"<p>Serdecznie zapraszamy na spotkanie po\u015bwi\u0119cone osobom z niepe\u0142nosprawno\u015bciami, tematyce stereotyp\u00f3w i dost\u0119pno\u015bci. W trakcie spotkania nie tylko zdob\u0119dziesz wiedz\u0119 na temat r\u00f3\u017cnych aspekt\u00f3w niepe\u0142nosprawno\u015bci, podyskutujesz o tym, kto to jest osoba z niepe\u0142nosprawno\u015bci\u0105, a tak\u017ce we\u017amiesz udzia\u0142 w praktycznych \u0107wiczeniach dotycz\u0105cych prze\u0142amywania stereotyp\u00f3w i r\u00f3\u017cnego rodzaju barier, jakie napotykaj\u0105 osoby z niepe\u0142nosprawno\u015bciami.&nbsp;<strong>Na spotkanie zapraszamy w szczeg\u00f3lno\u015bci pracownik\u00f3w OPS-\u00f3w oraz osoby pracuj\u0105ce na rzecz \u015brodowiska os\u00f3b z niepe\u0142nosprawno\u015bciami.<\/strong>&nbsp;Zapraszamy te\u017c wszystkich tych, kt\u00f3rych interesuje tematyka dost\u0119pno\u015bci i os\u00f3b z niepe\u0142nosprawno\u015bciami.<\/p>\n\n\n\n<h2 class=\"wp-block-heading\"><strong>Przewidywany program spotkania:<\/strong><\/h2>\n\n\n\n<p>1. Kr\u00f3tkie wprowadzenie na temat niepe\u0142nosprawno\u015bci &#8211; rodzaje, aspekty niepe\u0142nosprawno\u015bci,<br>2. J\u0119zyk, jakim m\u00f3wimy o osobach i do os\u00f3b z niepe\u0142nosprawno\u015bciami,<br>3. Cz\u0119\u015b\u0107 warsztatowa: pokonywanie barier (komunikacyjnych i nie tylko) i prze\u0142amywanie stereotyp\u00f3w.<\/p>\n\n\n\n<h2 class=\"wp-block-heading\"><strong>Gdzie i kiedy?<\/strong><\/h2>\n\n\n\n<p>Spotkanie odb\u0119dzie si\u0119 w \u015brod\u0119 13 marca 2024 r., w godz. 17:00-18:30 w COP Katowice przy ul. Kopernika 14.<\/p>\n\n\n\n<h2 class=\"wp-block-heading\"><strong>Osoba prowadz\u0105ca:<\/strong><\/h2>\n\n\n\n<p>Dr n. ekon. Joanna Soworka-Wojniak \u2013 instruktorka aktywnej rehabilitacji, od wielu lat zaanga\u017cowana w dzia\u0142alno\u015b\u0107 Fundacji Aktywnej Rehabilitacji, wsp\u00f3\u0142pracuj\u0105ca z wieloma jednostkami administracji samorz\u0105dowej oraz rz\u0105dowej, zaanga\u017cowana w dzia\u0142ania na rzecz \u015brodowiska os\u00f3b z niepe\u0142nosprawno\u015bciami.<\/p>\n\n\n\n<h2 class=\"wp-block-heading\"><strong>Zg\u0142oszenia:<\/strong><\/h2>\n\n\n\n<p>Aby uczestniczy\u0107 w spotkaniu, nale\u017cy si\u0119 zg\u0142osi\u0107 przez\u00a0<strong>formularz zg\u0142oszeniowy:\u00a0<\/strong><a href=\"https:\/\/forms.gle\/Abd7t2itsoR7ieEG8\" target=\"_blank\" rel=\"noreferrer noopener\">https:\/\/forms.gle\/Abd7t2itsoR7ieEG8<\/a><br>O wpisaniu na list\u0119 decyduje\u00a0<strong>kolejno\u015b\u0107 zg\u0142osze\u0144<\/strong>. Liczba miejsc ograniczona.<\/p>","protected":false},"excerpt":{"rendered":"<p>Serdecznie zapraszamy na spotkanie po\u015bwi\u0119cone osobom z niepe\u0142nosprawno\u015bciami, tematyce stereotyp\u00f3w i dost\u0119pno\u015bci. W trakcie spotkania nie tylko zdob\u0119dziesz wiedz\u0119 na temat r\u00f3\u017cnych aspekt\u00f3w niepe\u0142nosprawno\u015bci, podyskutujesz o tym, kto to jest osoba z niepe\u0142nosprawno\u015bci\u0105, a tak\u017ce we\u017amiesz udzia\u0142 w praktycznych \u0107wiczeniach dotycz\u0105cych prze\u0142amywania stereotyp\u00f3w i r\u00f3\u017cnego rodzaju barier, jakie napotykaj\u0105 osoby z niepe\u0142nosprawno\u015bciami.&nbsp;Na spotkanie zapraszamy w [&hellip;]<\/p>","protected":false},"author":2,"featured_media":2963,"comment_status":"closed","ping_status":"closed","sticky":false,"template":"","format":"standard","meta":{"om_disable_all_campaigns":false,"_monsterinsights_skip_tracking":false,"_monsterinsights_sitenote_active":false,"_monsterinsights_sitenote_note":"","_monsterinsights_sitenote_category":0,"_uf_show_specific_survey":0,"_uf_disable_surveys":false,"footnotes":""},"categories":[5],"tags":[14,45,9,8],"class_list":["post-2962","post","type-post","status-publish","format-standard","has-post-thumbnail","hentry","category-aktualnosci","tag-katowice","tag-osoby-z-niepelnosprawnoscia","tag-szkolenia","tag-warsztaty"],"yoast_head":"<!-- This site is optimized with the Yoast SEO plugin v26.8 - https:\/\/yoast.com\/product\/yoast-seo-wordpress\/ -->\n<title>Prze\u0142amuj\u0105c stereotypy - (nie)pe\u0142nosprawni czy pe\u0142nosprawni? - Stowarzyszenie MOST<\/title>\n<meta name=\"robots\" content=\"index, follow, max-snippet:-1, max-image-preview:large, max-video-preview:-1\" \/>\n<link rel=\"canonical\" href=\"https:\/\/www.mostkatowice.pl\/en\/przelamujac-stereotypy-niepelnosprawni-czy-pelnosprawni\/\" \/>\n<meta property=\"og:locale\" content=\"en_US\" \/>\n<meta property=\"og:type\" content=\"article\" \/>\n<meta property=\"og:title\" content=\"Prze\u0142amuj\u0105c stereotypy - (nie)pe\u0142nosprawni czy pe\u0142nosprawni? - Stowarzyszenie MOST\" \/>\n<meta property=\"og:description\" content=\"Serdecznie zapraszamy na spotkanie po\u015bwi\u0119cone osobom z niepe\u0142nosprawno\u015bciami, tematyce stereotyp\u00f3w i dost\u0119pno\u015bci. W trakcie spotkania nie tylko zdob\u0119dziesz wiedz\u0119 na temat r\u00f3\u017cnych aspekt\u00f3w niepe\u0142nosprawno\u015bci, podyskutujesz o tym, kto to jest osoba z niepe\u0142nosprawno\u015bci\u0105, a tak\u017ce we\u017amiesz udzia\u0142 w praktycznych \u0107wiczeniach dotycz\u0105cych prze\u0142amywania stereotyp\u00f3w i r\u00f3\u017cnego rodzaju barier, jakie napotykaj\u0105 osoby z niepe\u0142nosprawno\u015bciami.&nbsp;Na spotkanie zapraszamy w [&hellip;]\" \/>\n<meta property=\"og:url\" content=\"https:\/\/www.mostkatowice.pl\/en\/przelamujac-stereotypy-niepelnosprawni-czy-pelnosprawni\/\" \/>\n<meta property=\"og:site_name\" content=\"Stowarzyszenie MOST\" \/>\n<meta property=\"article:publisher\" content=\"https:\/\/www.facebook.com\/mostkatowice\" \/>\n<meta property=\"article:published_time\" content=\"2024-02-27T10:50:07+00:00\" \/>\n<meta property=\"article:modified_time\" content=\"2024-03-20T14:33:54+00:00\" \/>\n<meta property=\"og:image\" content=\"http:\/\/www.mostkatowice.pl\/wp-content\/uploads\/2024\/02\/2022.03.13-PRZELAMUJAC-STEREOTYPY.jpg\" \/>\n\t<meta property=\"og:image:width\" content=\"1640\" \/>\n\t<meta property=\"og:image:height\" content=\"924\" \/>\n\t<meta property=\"og:image:type\" content=\"image\/jpeg\" \/>\n<meta name=\"author\" content=\"Agnieszka\" \/>\n<meta name=\"twitter:card\" content=\"summary_large_image\" \/>\n<meta name=\"twitter:label1\" content=\"Written by\" \/>\n\t<meta name=\"twitter:data1\" content=\"Agnieszka\" \/>\n\t<meta name=\"twitter:label2\" content=\"Est. reading time\" \/>\n\t<meta name=\"twitter:data2\" content=\"2 minutes\" \/>\n<script type=\"application\/ld+json\" class=\"yoast-schema-graph\">{\"@context\":\"https:\/\/schema.org\",\"@graph\":[{\"@type\":\"Article\",\"@id\":\"https:\/\/www.mostkatowice.pl\/przelamujac-stereotypy-niepelnosprawni-czy-pelnosprawni\/#article\",\"isPartOf\":{\"@id\":\"https:\/\/www.mostkatowice.pl\/przelamujac-stereotypy-niepelnosprawni-czy-pelnosprawni\/\"},\"author\":{\"name\":\"Agnieszka\",\"@id\":\"https:\/\/www.mostkatowice.pl\/#\/schema\/person\/c9027b32e55f8461a32c15d6a45c6c88\"},\"headline\":\"Prze\u0142amuj\u0105c stereotypy &#8211; (nie)pe\u0142nosprawni czy pe\u0142nosprawni?\",\"datePublished\":\"2024-02-27T10:50:07+00:00\",\"dateModified\":\"2024-03-20T14:33:54+00:00\",\"mainEntityOfPage\":{\"@id\":\"https:\/\/www.mostkatowice.pl\/przelamujac-stereotypy-niepelnosprawni-czy-pelnosprawni\/\"},\"wordCount\":275,\"publisher\":{\"@id\":\"https:\/\/www.mostkatowice.pl\/#organization\"},\"image\":{\"@id\":\"https:\/\/www.mostkatowice.pl\/przelamujac-stereotypy-niepelnosprawni-czy-pelnosprawni\/#primaryimage\"},\"thumbnailUrl\":\"https:\/\/www.mostkatowice.pl\/wp-content\/uploads\/2024\/02\/2022.03.13-PRZELAMUJAC-STEREOTYPY.jpg\",\"keywords\":[\"katowice\",\"osoby z niepe\u0142nosprawno\u015bci\u0105\",\"szkolenia\",\"warsztaty\"],\"articleSection\":[\"Aktualno\u015bci\"],\"inLanguage\":\"en-US\"},{\"@type\":\"WebPage\",\"@id\":\"https:\/\/www.mostkatowice.pl\/przelamujac-stereotypy-niepelnosprawni-czy-pelnosprawni\/\",\"url\":\"https:\/\/www.mostkatowice.pl\/przelamujac-stereotypy-niepelnosprawni-czy-pelnosprawni\/\",\"name\":\"Prze\u0142amuj\u0105c stereotypy - (nie)pe\u0142nosprawni czy pe\u0142nosprawni? - Stowarzyszenie MOST\",\"isPartOf\":{\"@id\":\"https:\/\/www.mostkatowice.pl\/#website\"},\"primaryImageOfPage\":{\"@id\":\"https:\/\/www.mostkatowice.pl\/przelamujac-stereotypy-niepelnosprawni-czy-pelnosprawni\/#primaryimage\"},\"image\":{\"@id\":\"https:\/\/www.mostkatowice.pl\/przelamujac-stereotypy-niepelnosprawni-czy-pelnosprawni\/#primaryimage\"},\"thumbnailUrl\":\"https:\/\/www.mostkatowice.pl\/wp-content\/uploads\/2024\/02\/2022.03.13-PRZELAMUJAC-STEREOTYPY.jpg\",\"datePublished\":\"2024-02-27T10:50:07+00:00\",\"dateModified\":\"2024-03-20T14:33:54+00:00\",\"breadcrumb\":{\"@id\":\"https:\/\/www.mostkatowice.pl\/przelamujac-stereotypy-niepelnosprawni-czy-pelnosprawni\/#breadcrumb\"},\"inLanguage\":\"en-US\",\"potentialAction\":[{\"@type\":\"ReadAction\",\"target\":[\"https:\/\/www.mostkatowice.pl\/przelamujac-stereotypy-niepelnosprawni-czy-pelnosprawni\/\"]}]},{\"@type\":\"ImageObject\",\"inLanguage\":\"en-US\",\"@id\":\"https:\/\/www.mostkatowice.pl\/przelamujac-stereotypy-niepelnosprawni-czy-pelnosprawni\/#primaryimage\",\"url\":\"https:\/\/www.mostkatowice.pl\/wp-content\/uploads\/2024\/02\/2022.03.13-PRZELAMUJAC-STEREOTYPY.jpg\",\"contentUrl\":\"https:\/\/www.mostkatowice.pl\/wp-content\/uploads\/2024\/02\/2022.03.13-PRZELAMUJAC-STEREOTYPY.jpg\",\"width\":1640,\"height\":924,\"caption\":\"Banner z zaproszeniemna spotkanie pt.: \\\"Prze\u0142amuj\u0105c stereotypy\\\"\"},{\"@type\":\"BreadcrumbList\",\"@id\":\"https:\/\/www.mostkatowice.pl\/przelamujac-stereotypy-niepelnosprawni-czy-pelnosprawni\/#breadcrumb\",\"itemListElement\":[{\"@type\":\"ListItem\",\"position\":1,\"name\":\"Strona g\u0142\u00f3wna\",\"item\":\"https:\/\/www.mostkatowice.pl\/\"},{\"@type\":\"ListItem\",\"position\":2,\"name\":\"Prze\u0142amuj\u0105c stereotypy &#8211; (nie)pe\u0142nosprawni czy pe\u0142nosprawni?\"}]},{\"@type\":\"WebSite\",\"@id\":\"https:\/\/www.mostkatowice.pl\/#website\",\"url\":\"https:\/\/www.mostkatowice.pl\/\",\"name\":\"Stowarzyszenie MOST\",\"description\":\"Most \u0142\u0105czy\",\"publisher\":{\"@id\":\"https:\/\/www.mostkatowice.pl\/#organization\"},\"potentialAction\":[{\"@type\":\"SearchAction\",\"target\":{\"@type\":\"EntryPoint\",\"urlTemplate\":\"https:\/\/www.mostkatowice.pl\/?s={search_term_string}\"},\"query-input\":{\"@type\":\"PropertyValueSpecification\",\"valueRequired\":true,\"valueName\":\"search_term_string\"}}],\"inLanguage\":\"en-US\"},{\"@type\":\"Organization\",\"@id\":\"https:\/\/www.mostkatowice.pl\/#organization\",\"name\":\"Stowarzyszenie MOST\",\"url\":\"https:\/\/www.mostkatowice.pl\/\",\"logo\":{\"@type\":\"ImageObject\",\"inLanguage\":\"en-US\",\"@id\":\"https:\/\/www.mostkatowice.pl\/#\/schema\/logo\/image\/\",\"url\":\"https:\/\/www.mostkatowice.pl\/wp-content\/uploads\/2022\/11\/cropped-cropped-cropped-MOST_Stowarzyszenie_Logo_RGB-03-4-e1667486323777.png\",\"contentUrl\":\"https:\/\/www.mostkatowice.pl\/wp-content\/uploads\/2022\/11\/cropped-cropped-cropped-MOST_Stowarzyszenie_Logo_RGB-03-4-e1667486323777.png\",\"width\":128,\"height\":89,\"caption\":\"Stowarzyszenie MOST\"},\"image\":{\"@id\":\"https:\/\/www.mostkatowice.pl\/#\/schema\/logo\/image\/\"},\"sameAs\":[\"https:\/\/www.facebook.com\/mostkatowice\",\"https:\/\/www.youtube.com\/@stowarzyszeniemost832\"]},{\"@type\":\"Person\",\"@id\":\"https:\/\/www.mostkatowice.pl\/#\/schema\/person\/c9027b32e55f8461a32c15d6a45c6c88\",\"name\":\"Agnieszka\",\"image\":{\"@type\":\"ImageObject\",\"inLanguage\":\"en-US\",\"@id\":\"https:\/\/www.mostkatowice.pl\/#\/schema\/person\/image\/\",\"url\":\"https:\/\/secure.gravatar.com\/avatar\/617166231e71f18303396375234f5ce451782dafb8e172fe30a510b70e1d7848?s=96&d=mm&r=g\",\"contentUrl\":\"https:\/\/secure.gravatar.com\/avatar\/617166231e71f18303396375234f5ce451782dafb8e172fe30a510b70e1d7848?s=96&d=mm&r=g\",\"caption\":\"Agnieszka\"},\"url\":\"https:\/\/www.mostkatowice.pl\/en\/author\/agnieszka\/\"}]}<\/script>\n<!-- \/ Yoast SEO plugin. -->","yoast_head_json":{"title":"Prze\u0142amuj\u0105c stereotypy - (nie)pe\u0142nosprawni czy pe\u0142nosprawni? - Stowarzyszenie MOST","robots":{"index":"index","follow":"follow","max-snippet":"max-snippet:-1","max-image-preview":"max-image-preview:large","max-video-preview":"max-video-preview:-1"},"canonical":"https:\/\/www.mostkatowice.pl\/en\/przelamujac-stereotypy-niepelnosprawni-czy-pelnosprawni\/","og_locale":"en_US","og_type":"article","og_title":"Prze\u0142amuj\u0105c stereotypy - (nie)pe\u0142nosprawni czy pe\u0142nosprawni? - Stowarzyszenie MOST","og_description":"Serdecznie zapraszamy na spotkanie po\u015bwi\u0119cone osobom z niepe\u0142nosprawno\u015bciami, tematyce stereotyp\u00f3w i dost\u0119pno\u015bci. W trakcie spotkania nie tylko zdob\u0119dziesz wiedz\u0119 na temat r\u00f3\u017cnych aspekt\u00f3w niepe\u0142nosprawno\u015bci, podyskutujesz o tym, kto to jest osoba z niepe\u0142nosprawno\u015bci\u0105, a tak\u017ce we\u017amiesz udzia\u0142 w praktycznych \u0107wiczeniach dotycz\u0105cych prze\u0142amywania stereotyp\u00f3w i r\u00f3\u017cnego rodzaju barier, jakie napotykaj\u0105 osoby z niepe\u0142nosprawno\u015bciami.&nbsp;Na spotkanie zapraszamy w [&hellip;]","og_url":"https:\/\/www.mostkatowice.pl\/en\/przelamujac-stereotypy-niepelnosprawni-czy-pelnosprawni\/","og_site_name":"Stowarzyszenie MOST","article_publisher":"https:\/\/www.facebook.com\/mostkatowice","article_published_time":"2024-02-27T10:50:07+00:00","article_modified_time":"2024-03-20T14:33:54+00:00","og_image":[{"width":1640,"height":924,"url":"http:\/\/www.mostkatowice.pl\/wp-content\/uploads\/2024\/02\/2022.03.13-PRZELAMUJAC-STEREOTYPY.jpg","type":"image\/jpeg"}],"author":"Agnieszka","twitter_card":"summary_large_image","twitter_misc":{"Written by":"Agnieszka","Est. reading time":"2 minutes"},"schema":{"@context":"https:\/\/schema.org","@graph":[{"@type":"Article","@id":"https:\/\/www.mostkatowice.pl\/przelamujac-stereotypy-niepelnosprawni-czy-pelnosprawni\/#article","isPartOf":{"@id":"https:\/\/www.mostkatowice.pl\/przelamujac-stereotypy-niepelnosprawni-czy-pelnosprawni\/"},"author":{"name":"Agnieszka","@id":"https:\/\/www.mostkatowice.pl\/#\/schema\/person\/c9027b32e55f8461a32c15d6a45c6c88"},"headline":"Prze\u0142amuj\u0105c stereotypy &#8211; (nie)pe\u0142nosprawni czy pe\u0142nosprawni?","datePublished":"2024-02-27T10:50:07+00:00","dateModified":"2024-03-20T14:33:54+00:00","mainEntityOfPage":{"@id":"https:\/\/www.mostkatowice.pl\/przelamujac-stereotypy-niepelnosprawni-czy-pelnosprawni\/"},"wordCount":275,"publisher":{"@id":"https:\/\/www.mostkatowice.pl\/#organization"},"image":{"@id":"https:\/\/www.mostkatowice.pl\/przelamujac-stereotypy-niepelnosprawni-czy-pelnosprawni\/#primaryimage"},"thumbnailUrl":"https:\/\/www.mostkatowice.pl\/wp-content\/uploads\/2024\/02\/2022.03.13-PRZELAMUJAC-STEREOTYPY.jpg","keywords":["katowice","osoby z niepe\u0142nosprawno\u015bci\u0105","szkolenia","warsztaty"],"articleSection":["Aktualno\u015bci"],"inLanguage":"en-US"},{"@type":"WebPage","@id":"https:\/\/www.mostkatowice.pl\/przelamujac-stereotypy-niepelnosprawni-czy-pelnosprawni\/","url":"https:\/\/www.mostkatowice.pl\/przelamujac-stereotypy-niepelnosprawni-czy-pelnosprawni\/","name":"Prze\u0142amuj\u0105c stereotypy - (nie)pe\u0142nosprawni czy pe\u0142nosprawni? - Stowarzyszenie MOST","isPartOf":{"@id":"https:\/\/www.mostkatowice.pl\/#website"},"primaryImageOfPage":{"@id":"https:\/\/www.mostkatowice.pl\/przelamujac-stereotypy-niepelnosprawni-czy-pelnosprawni\/#primaryimage"},"image":{"@id":"https:\/\/www.mostkatowice.pl\/przelamujac-stereotypy-niepelnosprawni-czy-pelnosprawni\/#primaryimage"},"thumbnailUrl":"https:\/\/www.mostkatowice.pl\/wp-content\/uploads\/2024\/02\/2022.03.13-PRZELAMUJAC-STEREOTYPY.jpg","datePublished":"2024-02-27T10:50:07+00:00","dateModified":"2024-03-20T14:33:54+00:00","breadcrumb":{"@id":"https:\/\/www.mostkatowice.pl\/przelamujac-stereotypy-niepelnosprawni-czy-pelnosprawni\/#breadcrumb"},"inLanguage":"en-US","potentialAction":[{"@type":"ReadAction","target":["https:\/\/www.mostkatowice.pl\/przelamujac-stereotypy-niepelnosprawni-czy-pelnosprawni\/"]}]},{"@type":"ImageObject","inLanguage":"en-US","@id":"https:\/\/www.mostkatowice.pl\/przelamujac-stereotypy-niepelnosprawni-czy-pelnosprawni\/#primaryimage","url":"https:\/\/www.mostkatowice.pl\/wp-content\/uploads\/2024\/02\/2022.03.13-PRZELAMUJAC-STEREOTYPY.jpg","contentUrl":"https:\/\/www.mostkatowice.pl\/wp-content\/uploads\/2024\/02\/2022.03.13-PRZELAMUJAC-STEREOTYPY.jpg","width":1640,"height":924,"caption":"Banner z zaproszeniemna spotkanie pt.: \"Prze\u0142amuj\u0105c stereotypy\""},{"@type":"BreadcrumbList","@id":"https:\/\/www.mostkatowice.pl\/przelamujac-stereotypy-niepelnosprawni-czy-pelnosprawni\/#breadcrumb","itemListElement":[{"@type":"ListItem","position":1,"name":"Strona g\u0142\u00f3wna","item":"https:\/\/www.mostkatowice.pl\/"},{"@type":"ListItem","position":2,"name":"Prze\u0142amuj\u0105c stereotypy &#8211; (nie)pe\u0142nosprawni czy pe\u0142nosprawni?"}]},{"@type":"WebSite","@id":"https:\/\/www.mostkatowice.pl\/#website","url":"https:\/\/www.mostkatowice.pl\/","name":"Stowarzyszenie MOST","description":"Most \u0142\u0105czy","publisher":{"@id":"https:\/\/www.mostkatowice.pl\/#organization"},"potentialAction":[{"@type":"SearchAction","target":{"@type":"EntryPoint","urlTemplate":"https:\/\/www.mostkatowice.pl\/?s={search_term_string}"},"query-input":{"@type":"PropertyValueSpecification","valueRequired":true,"valueName":"search_term_string"}}],"inLanguage":"en-US"},{"@type":"Organization","@id":"https:\/\/www.mostkatowice.pl\/#organization","name":"Stowarzyszenie MOST","url":"https:\/\/www.mostkatowice.pl\/","logo":{"@type":"ImageObject","inLanguage":"en-US","@id":"https:\/\/www.mostkatowice.pl\/#\/schema\/logo\/image\/","url":"https:\/\/www.mostkatowice.pl\/wp-content\/uploads\/2022\/11\/cropped-cropped-cropped-MOST_Stowarzyszenie_Logo_RGB-03-4-e1667486323777.png","contentUrl":"https:\/\/www.mostkatowice.pl\/wp-content\/uploads\/2022\/11\/cropped-cropped-cropped-MOST_Stowarzyszenie_Logo_RGB-03-4-e1667486323777.png","width":128,"height":89,"caption":"Stowarzyszenie MOST"},"image":{"@id":"https:\/\/www.mostkatowice.pl\/#\/schema\/logo\/image\/"},"sameAs":["https:\/\/www.facebook.com\/mostkatowice","https:\/\/www.youtube.com\/@stowarzyszeniemost832"]},{"@type":"Person","@id":"https:\/\/www.mostkatowice.pl\/#\/schema\/person\/c9027b32e55f8461a32c15d6a45c6c88","name":"Agnieszka","image":{"@type":"ImageObject","inLanguage":"en-US","@id":"https:\/\/www.mostkatowice.pl\/#\/schema\/person\/image\/","url":"https:\/\/secure.gravatar.com\/avatar\/617166231e71f18303396375234f5ce451782dafb8e172fe30a510b70e1d7848?s=96&d=mm&r=g","contentUrl":"https:\/\/secure.gravatar.com\/avatar\/617166231e71f18303396375234f5ce451782dafb8e172fe30a510b70e1d7848?s=96&d=mm&r=g","caption":"Agnieszka"},"url":"https:\/\/www.mostkatowice.pl\/en\/author\/agnieszka\/"}]}},"_links":{"self":[{"href":"https:\/\/www.mostkatowice.pl\/en\/wp-json\/wp\/v2\/posts\/2962","targetHints":{"allow":["GET"]}}],"collection":[{"href":"https:\/\/www.mostkatowice.pl\/en\/wp-json\/wp\/v2\/posts"}],"about":[{"href":"https:\/\/www.mostkatowice.pl\/en\/wp-json\/wp\/v2\/types\/post"}],"author":[{"embeddable":true,"href":"https:\/\/www.mostkatowice.pl\/en\/wp-json\/wp\/v2\/users\/2"}],"replies":[{"embeddable":true,"href":"https:\/\/www.mostkatowice.pl\/en\/wp-json\/wp\/v2\/comments?post=2962"}],"version-history":[{"count":1,"href":"https:\/\/www.mostkatowice.pl\/en\/wp-json\/wp\/v2\/posts\/2962\/revisions"}],"predecessor-version":[{"id":2964,"href":"https:\/\/www.mostkatowice.pl\/en\/wp-json\/wp\/v2\/posts\/2962\/revisions\/2964"}],"wp:featuredmedia":[{"embeddable":true,"href":"https:\/\/www.mostkatowice.pl\/en\/wp-json\/wp\/v2\/media\/2963"}],"wp:attachment":[{"href":"https:\/\/www.mostkatowice.pl\/en\/wp-json\/wp\/v2\/media?parent=2962"}],"wp:term":[{"taxonomy":"category","embeddable":true,"href":"https:\/\/www.mostkatowice.pl\/en\/wp-json\/wp\/v2\/categories?post=2962"},{"taxonomy":"post_tag","embeddable":true,"href":"https:\/\/www.mostkatowice.pl\/en\/wp-json\/wp\/v2\/tags?post=2962"}],"curies":[{"name":"wp","href":"https:\/\/api.w.org\/{rel}","templated":true}]}}