{"id":1457,"date":"2023-04-11T10:48:17","date_gmt":"2023-04-11T08:48:17","guid":{"rendered":"https:\/\/www.mostkatowice.pl\/?p=1457"},"modified":"2023-04-07T11:52:24","modified_gmt":"2023-04-07T09:52:24","slug":"ekokato-inicjatywa-mlodziezowa-cam-katowice-15-kwietnia","status":"publish","type":"post","link":"https:\/\/www.mostkatowice.pl\/en\/ekokato-inicjatywa-mlodziezowa-cam-katowice-15-kwietnia\/","title":{"rendered":"EkoKato. Inicjatywa m\u0142odzie\u017cowa CAM Katowice &#8211; 15 kwietnia"},"content":{"rendered":"<p>W imieniu&nbsp;<strong>grupy inicjatywnej z Centrum Aktywno\u015bci M\u0142odzie\u017cowej<\/strong>&nbsp;pragn\u0119&nbsp;<strong>WSZYSTKICH<\/strong>&nbsp;zaprosi\u0107 na&nbsp;<strong>fina\u0142&nbsp;<\/strong>kolejnej<strong>&nbsp;inicjatywy m\u0142odzie\u017cowej<\/strong>&nbsp;&#8211;&nbsp;<strong>EkoKato<\/strong>&nbsp;skupi si\u0119 na blisko\u015bci z natur\u0105 i dbaniu o przyrod\u0119.&nbsp;<strong>Fina\u0142 odb\u0119dzie si\u0119 na Placu Andrzeja w Katowicach 15 kwietnia, tj. sobota, w godzinach 11:00-14:00.<\/strong><\/p>\n\n\n\n<p>Nasza grupa inicjatywna dzielnie pracuje nad&nbsp;<strong>budow\u0105 drewnianych donic<\/strong>&nbsp;(wszystko robi\u0105 w\u0142asnor\u0119cznie!), w kt\u00f3rych ju\u017c 15 kwietnia zostan\u0105 zasadzone ro\u015blinki &#8211; mamy nadziej\u0119, \u017ce b\u0119d\u0105 s\u0142u\u017cy\u0107 mieszka\u0144com, a nasza m\u0142odzie\u017c istotnie si\u0119 do tego przyczyni \ud83d\ude42<\/p>\n\n\n\n<p>Przy okazji odb\u0119dzie si\u0119\u00a0<strong>piknik<\/strong>, a wi\u0119c mn\u00f3stwo atrakcji i pysznego jedzenia, tak\u017ce trzymajmy kciuki za pogod\u0119 (gdyby by\u0142o niezno\u015bnie, to wydarzenie zostanie przeniesione na 22 kwietnia)!<\/p>\n\n\n\n<p><strong>Jeszcze raz serdecznie zapraszam, zabierajcie bliskich i dalszych i do zobaczenia 15 kwietnia!<\/strong><\/p>\n\n\n\n<p><a rel=\"noreferrer noopener\" href=\"https:\/\/www.facebook.com\/events\/880470063027869\" target=\"_blank\">Link do wydarzenia na Facebooku<\/a><\/p>\n\n\n\n<figure class=\"wp-block-image size-large\"><img fetchpriority=\"high\" decoding=\"async\" width=\"724\" height=\"1024\" src=\"https:\/\/www.mostkatowice.pl\/wp-content\/uploads\/2023\/04\/plakat-EkoKato-724x1024.png\" alt=\"\" class=\"wp-image-1459\" srcset=\"https:\/\/www.mostkatowice.pl\/wp-content\/uploads\/2023\/04\/plakat-EkoKato-724x1024.png 724w, https:\/\/www.mostkatowice.pl\/wp-content\/uploads\/2023\/04\/plakat-EkoKato-212x300.png 212w, https:\/\/www.mostkatowice.pl\/wp-content\/uploads\/2023\/04\/plakat-EkoKato-768x1086.png 768w, https:\/\/www.mostkatowice.pl\/wp-content\/uploads\/2023\/04\/plakat-EkoKato-1086x1536.png 1086w, https:\/\/www.mostkatowice.pl\/wp-content\/uploads\/2023\/04\/plakat-EkoKato-8x12.png 8w, https:\/\/www.mostkatowice.pl\/wp-content\/uploads\/2023\/04\/plakat-EkoKato.png 1414w\" sizes=\"(max-width: 724px) 100vw, 724px\" \/><\/figure>","protected":false},"excerpt":{"rendered":"<p>W imieniu&nbsp;grupy inicjatywnej z Centrum Aktywno\u015bci M\u0142odzie\u017cowej&nbsp;pragn\u0119&nbsp;WSZYSTKICH&nbsp;zaprosi\u0107 na&nbsp;fina\u0142&nbsp;kolejnej&nbsp;inicjatywy m\u0142odzie\u017cowej&nbsp;&#8211;&nbsp;EkoKato&nbsp;skupi si\u0119 na blisko\u015bci z natur\u0105 i dbaniu o przyrod\u0119.&nbsp;Fina\u0142 odb\u0119dzie si\u0119 na Placu Andrzeja w Katowicach 15 kwietnia, tj. sobota, w godzinach 11:00-14:00. Nasza grupa inicjatywna dzielnie pracuje nad&nbsp;budow\u0105 drewnianych donic&nbsp;(wszystko robi\u0105 w\u0142asnor\u0119cznie!), w kt\u00f3rych ju\u017c 15 kwietnia zostan\u0105 zasadzone ro\u015blinki &#8211; mamy nadziej\u0119, \u017ce b\u0119d\u0105 [&hellip;]<\/p>","protected":false},"author":2,"featured_media":1458,"comment_status":"open","ping_status":"open","sticky":false,"template":"","format":"standard","meta":{"om_disable_all_campaigns":false,"_monsterinsights_skip_tracking":false,"_monsterinsights_sitenote_active":false,"_monsterinsights_sitenote_note":"","_monsterinsights_sitenote_category":0,"_uf_show_specific_survey":0,"_uf_disable_surveys":false,"footnotes":""},"categories":[5],"tags":[18,17,16,14,19,15],"class_list":["post-1457","post","type-post","status-publish","format-standard","has-post-thumbnail","hentry","category-aktualnosci","tag-cam","tag-ekologia","tag-inicjatywa","tag-katowice","tag-mlodziez","tag-piknik"],"yoast_head":"<!-- This site is optimized with the Yoast SEO plugin v26.8 - https:\/\/yoast.com\/product\/yoast-seo-wordpress\/ -->\n<title>EkoKato. Inicjatywa m\u0142odzie\u017cowa CAM Katowice - 15 kwietnia - Stowarzyszenie MOST<\/title>\n<meta name=\"robots\" content=\"index, follow, max-snippet:-1, max-image-preview:large, max-video-preview:-1\" \/>\n<link rel=\"canonical\" href=\"https:\/\/www.mostkatowice.pl\/en\/ekokato-inicjatywa-mlodziezowa-cam-katowice-15-kwietnia\/\" \/>\n<meta property=\"og:locale\" content=\"en_US\" \/>\n<meta property=\"og:type\" content=\"article\" \/>\n<meta property=\"og:title\" content=\"EkoKato. Inicjatywa m\u0142odzie\u017cowa CAM Katowice - 15 kwietnia - Stowarzyszenie MOST\" \/>\n<meta property=\"og:description\" content=\"W imieniu&nbsp;grupy inicjatywnej z Centrum Aktywno\u015bci M\u0142odzie\u017cowej&nbsp;pragn\u0119&nbsp;WSZYSTKICH&nbsp;zaprosi\u0107 na&nbsp;fina\u0142&nbsp;kolejnej&nbsp;inicjatywy m\u0142odzie\u017cowej&nbsp;&#8211;&nbsp;EkoKato&nbsp;skupi si\u0119 na blisko\u015bci z natur\u0105 i dbaniu o przyrod\u0119.&nbsp;Fina\u0142 odb\u0119dzie si\u0119 na Placu Andrzeja w Katowicach 15 kwietnia, tj. sobota, w godzinach 11:00-14:00. Nasza grupa inicjatywna dzielnie pracuje nad&nbsp;budow\u0105 drewnianych donic&nbsp;(wszystko robi\u0105 w\u0142asnor\u0119cznie!), w kt\u00f3rych ju\u017c 15 kwietnia zostan\u0105 zasadzone ro\u015blinki &#8211; mamy nadziej\u0119, \u017ce b\u0119d\u0105 [&hellip;]\" \/>\n<meta property=\"og:url\" content=\"https:\/\/www.mostkatowice.pl\/en\/ekokato-inicjatywa-mlodziezowa-cam-katowice-15-kwietnia\/\" \/>\n<meta property=\"og:site_name\" content=\"Stowarzyszenie MOST\" \/>\n<meta property=\"article:publisher\" content=\"https:\/\/www.facebook.com\/mostkatowice\" \/>\n<meta property=\"article:published_time\" content=\"2023-04-11T08:48:17+00:00\" \/>\n<meta property=\"og:image\" content=\"https:\/\/www.mostkatowice.pl\/wp-content\/uploads\/2023\/04\/grafika-EkoKato.png\" \/>\n\t<meta property=\"og:image:width\" content=\"1640\" \/>\n\t<meta property=\"og:image:height\" content=\"1056\" \/>\n\t<meta property=\"og:image:type\" content=\"image\/png\" \/>\n<meta name=\"author\" content=\"Agnieszka\" \/>\n<meta name=\"twitter:card\" content=\"summary_large_image\" \/>\n<meta name=\"twitter:label1\" content=\"Written by\" \/>\n\t<meta name=\"twitter:data1\" content=\"Agnieszka\" \/>\n\t<meta name=\"twitter:label2\" content=\"Est. reading time\" \/>\n\t<meta name=\"twitter:data2\" content=\"1 minute\" \/>\n<script type=\"application\/ld+json\" class=\"yoast-schema-graph\">{\"@context\":\"https:\/\/schema.org\",\"@graph\":[{\"@type\":\"Article\",\"@id\":\"https:\/\/www.mostkatowice.pl\/ekokato-inicjatywa-mlodziezowa-cam-katowice-15-kwietnia\/#article\",\"isPartOf\":{\"@id\":\"https:\/\/www.mostkatowice.pl\/ekokato-inicjatywa-mlodziezowa-cam-katowice-15-kwietnia\/\"},\"author\":{\"name\":\"Agnieszka\",\"@id\":\"https:\/\/www.mostkatowice.pl\/#\/schema\/person\/c9027b32e55f8461a32c15d6a45c6c88\"},\"headline\":\"EkoKato. Inicjatywa m\u0142odzie\u017cowa CAM Katowice &#8211; 15 kwietnia\",\"datePublished\":\"2023-04-11T08:48:17+00:00\",\"mainEntityOfPage\":{\"@id\":\"https:\/\/www.mostkatowice.pl\/ekokato-inicjatywa-mlodziezowa-cam-katowice-15-kwietnia\/\"},\"wordCount\":163,\"commentCount\":0,\"publisher\":{\"@id\":\"https:\/\/www.mostkatowice.pl\/#organization\"},\"image\":{\"@id\":\"https:\/\/www.mostkatowice.pl\/ekokato-inicjatywa-mlodziezowa-cam-katowice-15-kwietnia\/#primaryimage\"},\"thumbnailUrl\":\"https:\/\/www.mostkatowice.pl\/wp-content\/uploads\/2023\/04\/grafika-EkoKato.png\",\"keywords\":[\"CAM\",\"ekologia\",\"inicjatywa\",\"katowice\",\"m\u0142odzie\u017c\",\"piknik\"],\"articleSection\":[\"Aktualno\u015bci\"],\"inLanguage\":\"en-US\",\"potentialAction\":[{\"@type\":\"CommentAction\",\"name\":\"Comment\",\"target\":[\"https:\/\/www.mostkatowice.pl\/ekokato-inicjatywa-mlodziezowa-cam-katowice-15-kwietnia\/#respond\"]}]},{\"@type\":\"WebPage\",\"@id\":\"https:\/\/www.mostkatowice.pl\/ekokato-inicjatywa-mlodziezowa-cam-katowice-15-kwietnia\/\",\"url\":\"https:\/\/www.mostkatowice.pl\/ekokato-inicjatywa-mlodziezowa-cam-katowice-15-kwietnia\/\",\"name\":\"EkoKato. Inicjatywa m\u0142odzie\u017cowa CAM Katowice - 15 kwietnia - Stowarzyszenie MOST\",\"isPartOf\":{\"@id\":\"https:\/\/www.mostkatowice.pl\/#website\"},\"primaryImageOfPage\":{\"@id\":\"https:\/\/www.mostkatowice.pl\/ekokato-inicjatywa-mlodziezowa-cam-katowice-15-kwietnia\/#primaryimage\"},\"image\":{\"@id\":\"https:\/\/www.mostkatowice.pl\/ekokato-inicjatywa-mlodziezowa-cam-katowice-15-kwietnia\/#primaryimage\"},\"thumbnailUrl\":\"https:\/\/www.mostkatowice.pl\/wp-content\/uploads\/2023\/04\/grafika-EkoKato.png\",\"datePublished\":\"2023-04-11T08:48:17+00:00\",\"breadcrumb\":{\"@id\":\"https:\/\/www.mostkatowice.pl\/ekokato-inicjatywa-mlodziezowa-cam-katowice-15-kwietnia\/#breadcrumb\"},\"inLanguage\":\"en-US\",\"potentialAction\":[{\"@type\":\"ReadAction\",\"target\":[\"https:\/\/www.mostkatowice.pl\/ekokato-inicjatywa-mlodziezowa-cam-katowice-15-kwietnia\/\"]}]},{\"@type\":\"ImageObject\",\"inLanguage\":\"en-US\",\"@id\":\"https:\/\/www.mostkatowice.pl\/ekokato-inicjatywa-mlodziezowa-cam-katowice-15-kwietnia\/#primaryimage\",\"url\":\"https:\/\/www.mostkatowice.pl\/wp-content\/uploads\/2023\/04\/grafika-EkoKato.png\",\"contentUrl\":\"https:\/\/www.mostkatowice.pl\/wp-content\/uploads\/2023\/04\/grafika-EkoKato.png\",\"width\":1640,\"height\":1056},{\"@type\":\"BreadcrumbList\",\"@id\":\"https:\/\/www.mostkatowice.pl\/ekokato-inicjatywa-mlodziezowa-cam-katowice-15-kwietnia\/#breadcrumb\",\"itemListElement\":[{\"@type\":\"ListItem\",\"position\":1,\"name\":\"Strona g\u0142\u00f3wna\",\"item\":\"https:\/\/www.mostkatowice.pl\/\"},{\"@type\":\"ListItem\",\"position\":2,\"name\":\"EkoKato. Inicjatywa m\u0142odzie\u017cowa CAM Katowice &#8211; 15 kwietnia\"}]},{\"@type\":\"WebSite\",\"@id\":\"https:\/\/www.mostkatowice.pl\/#website\",\"url\":\"https:\/\/www.mostkatowice.pl\/\",\"name\":\"Stowarzyszenie MOST\",\"description\":\"Most \u0142\u0105czy\",\"publisher\":{\"@id\":\"https:\/\/www.mostkatowice.pl\/#organization\"},\"potentialAction\":[{\"@type\":\"SearchAction\",\"target\":{\"@type\":\"EntryPoint\",\"urlTemplate\":\"https:\/\/www.mostkatowice.pl\/?s={search_term_string}\"},\"query-input\":{\"@type\":\"PropertyValueSpecification\",\"valueRequired\":true,\"valueName\":\"search_term_string\"}}],\"inLanguage\":\"en-US\"},{\"@type\":\"Organization\",\"@id\":\"https:\/\/www.mostkatowice.pl\/#organization\",\"name\":\"Stowarzyszenie MOST\",\"url\":\"https:\/\/www.mostkatowice.pl\/\",\"logo\":{\"@type\":\"ImageObject\",\"inLanguage\":\"en-US\",\"@id\":\"https:\/\/www.mostkatowice.pl\/#\/schema\/logo\/image\/\",\"url\":\"https:\/\/www.mostkatowice.pl\/wp-content\/uploads\/2022\/11\/cropped-cropped-cropped-MOST_Stowarzyszenie_Logo_RGB-03-4-e1667486323777.png\",\"contentUrl\":\"https:\/\/www.mostkatowice.pl\/wp-content\/uploads\/2022\/11\/cropped-cropped-cropped-MOST_Stowarzyszenie_Logo_RGB-03-4-e1667486323777.png\",\"width\":128,\"height\":89,\"caption\":\"Stowarzyszenie MOST\"},\"image\":{\"@id\":\"https:\/\/www.mostkatowice.pl\/#\/schema\/logo\/image\/\"},\"sameAs\":[\"https:\/\/www.facebook.com\/mostkatowice\",\"https:\/\/www.youtube.com\/@stowarzyszeniemost832\"]},{\"@type\":\"Person\",\"@id\":\"https:\/\/www.mostkatowice.pl\/#\/schema\/person\/c9027b32e55f8461a32c15d6a45c6c88\",\"name\":\"Agnieszka\",\"image\":{\"@type\":\"ImageObject\",\"inLanguage\":\"en-US\",\"@id\":\"https:\/\/www.mostkatowice.pl\/#\/schema\/person\/image\/\",\"url\":\"https:\/\/secure.gravatar.com\/avatar\/617166231e71f18303396375234f5ce451782dafb8e172fe30a510b70e1d7848?s=96&d=mm&r=g\",\"contentUrl\":\"https:\/\/secure.gravatar.com\/avatar\/617166231e71f18303396375234f5ce451782dafb8e172fe30a510b70e1d7848?s=96&d=mm&r=g\",\"caption\":\"Agnieszka\"},\"url\":\"https:\/\/www.mostkatowice.pl\/en\/author\/agnieszka\/\"}]}<\/script>\n<!-- \/ Yoast SEO plugin. -->","yoast_head_json":{"title":"EkoKato. Inicjatywa m\u0142odzie\u017cowa CAM Katowice - 15 kwietnia - Stowarzyszenie MOST","robots":{"index":"index","follow":"follow","max-snippet":"max-snippet:-1","max-image-preview":"max-image-preview:large","max-video-preview":"max-video-preview:-1"},"canonical":"https:\/\/www.mostkatowice.pl\/en\/ekokato-inicjatywa-mlodziezowa-cam-katowice-15-kwietnia\/","og_locale":"en_US","og_type":"article","og_title":"EkoKato. Inicjatywa m\u0142odzie\u017cowa CAM Katowice - 15 kwietnia - Stowarzyszenie MOST","og_description":"W imieniu&nbsp;grupy inicjatywnej z Centrum Aktywno\u015bci M\u0142odzie\u017cowej&nbsp;pragn\u0119&nbsp;WSZYSTKICH&nbsp;zaprosi\u0107 na&nbsp;fina\u0142&nbsp;kolejnej&nbsp;inicjatywy m\u0142odzie\u017cowej&nbsp;&#8211;&nbsp;EkoKato&nbsp;skupi si\u0119 na blisko\u015bci z natur\u0105 i dbaniu o przyrod\u0119.&nbsp;Fina\u0142 odb\u0119dzie si\u0119 na Placu Andrzeja w Katowicach 15 kwietnia, tj. sobota, w godzinach 11:00-14:00. Nasza grupa inicjatywna dzielnie pracuje nad&nbsp;budow\u0105 drewnianych donic&nbsp;(wszystko robi\u0105 w\u0142asnor\u0119cznie!), w kt\u00f3rych ju\u017c 15 kwietnia zostan\u0105 zasadzone ro\u015blinki &#8211; mamy nadziej\u0119, \u017ce b\u0119d\u0105 [&hellip;]","og_url":"https:\/\/www.mostkatowice.pl\/en\/ekokato-inicjatywa-mlodziezowa-cam-katowice-15-kwietnia\/","og_site_name":"Stowarzyszenie MOST","article_publisher":"https:\/\/www.facebook.com\/mostkatowice","article_published_time":"2023-04-11T08:48:17+00:00","og_image":[{"width":1640,"height":1056,"url":"https:\/\/www.mostkatowice.pl\/wp-content\/uploads\/2023\/04\/grafika-EkoKato.png","type":"image\/png"}],"author":"Agnieszka","twitter_card":"summary_large_image","twitter_misc":{"Written by":"Agnieszka","Est. reading time":"1 minute"},"schema":{"@context":"https:\/\/schema.org","@graph":[{"@type":"Article","@id":"https:\/\/www.mostkatowice.pl\/ekokato-inicjatywa-mlodziezowa-cam-katowice-15-kwietnia\/#article","isPartOf":{"@id":"https:\/\/www.mostkatowice.pl\/ekokato-inicjatywa-mlodziezowa-cam-katowice-15-kwietnia\/"},"author":{"name":"Agnieszka","@id":"https:\/\/www.mostkatowice.pl\/#\/schema\/person\/c9027b32e55f8461a32c15d6a45c6c88"},"headline":"EkoKato. Inicjatywa m\u0142odzie\u017cowa CAM Katowice &#8211; 15 kwietnia","datePublished":"2023-04-11T08:48:17+00:00","mainEntityOfPage":{"@id":"https:\/\/www.mostkatowice.pl\/ekokato-inicjatywa-mlodziezowa-cam-katowice-15-kwietnia\/"},"wordCount":163,"commentCount":0,"publisher":{"@id":"https:\/\/www.mostkatowice.pl\/#organization"},"image":{"@id":"https:\/\/www.mostkatowice.pl\/ekokato-inicjatywa-mlodziezowa-cam-katowice-15-kwietnia\/#primaryimage"},"thumbnailUrl":"https:\/\/www.mostkatowice.pl\/wp-content\/uploads\/2023\/04\/grafika-EkoKato.png","keywords":["CAM","ekologia","inicjatywa","katowice","m\u0142odzie\u017c","piknik"],"articleSection":["Aktualno\u015bci"],"inLanguage":"en-US","potentialAction":[{"@type":"CommentAction","name":"Comment","target":["https:\/\/www.mostkatowice.pl\/ekokato-inicjatywa-mlodziezowa-cam-katowice-15-kwietnia\/#respond"]}]},{"@type":"WebPage","@id":"https:\/\/www.mostkatowice.pl\/ekokato-inicjatywa-mlodziezowa-cam-katowice-15-kwietnia\/","url":"https:\/\/www.mostkatowice.pl\/ekokato-inicjatywa-mlodziezowa-cam-katowice-15-kwietnia\/","name":"EkoKato. Inicjatywa m\u0142odzie\u017cowa CAM Katowice - 15 kwietnia - Stowarzyszenie MOST","isPartOf":{"@id":"https:\/\/www.mostkatowice.pl\/#website"},"primaryImageOfPage":{"@id":"https:\/\/www.mostkatowice.pl\/ekokato-inicjatywa-mlodziezowa-cam-katowice-15-kwietnia\/#primaryimage"},"image":{"@id":"https:\/\/www.mostkatowice.pl\/ekokato-inicjatywa-mlodziezowa-cam-katowice-15-kwietnia\/#primaryimage"},"thumbnailUrl":"https:\/\/www.mostkatowice.pl\/wp-content\/uploads\/2023\/04\/grafika-EkoKato.png","datePublished":"2023-04-11T08:48:17+00:00","breadcrumb":{"@id":"https:\/\/www.mostkatowice.pl\/ekokato-inicjatywa-mlodziezowa-cam-katowice-15-kwietnia\/#breadcrumb"},"inLanguage":"en-US","potentialAction":[{"@type":"ReadAction","target":["https:\/\/www.mostkatowice.pl\/ekokato-inicjatywa-mlodziezowa-cam-katowice-15-kwietnia\/"]}]},{"@type":"ImageObject","inLanguage":"en-US","@id":"https:\/\/www.mostkatowice.pl\/ekokato-inicjatywa-mlodziezowa-cam-katowice-15-kwietnia\/#primaryimage","url":"https:\/\/www.mostkatowice.pl\/wp-content\/uploads\/2023\/04\/grafika-EkoKato.png","contentUrl":"https:\/\/www.mostkatowice.pl\/wp-content\/uploads\/2023\/04\/grafika-EkoKato.png","width":1640,"height":1056},{"@type":"BreadcrumbList","@id":"https:\/\/www.mostkatowice.pl\/ekokato-inicjatywa-mlodziezowa-cam-katowice-15-kwietnia\/#breadcrumb","itemListElement":[{"@type":"ListItem","position":1,"name":"Strona g\u0142\u00f3wna","item":"https:\/\/www.mostkatowice.pl\/"},{"@type":"ListItem","position":2,"name":"EkoKato. Inicjatywa m\u0142odzie\u017cowa CAM Katowice &#8211; 15 kwietnia"}]},{"@type":"WebSite","@id":"https:\/\/www.mostkatowice.pl\/#website","url":"https:\/\/www.mostkatowice.pl\/","name":"Stowarzyszenie MOST","description":"Most \u0142\u0105czy","publisher":{"@id":"https:\/\/www.mostkatowice.pl\/#organization"},"potentialAction":[{"@type":"SearchAction","target":{"@type":"EntryPoint","urlTemplate":"https:\/\/www.mostkatowice.pl\/?s={search_term_string}"},"query-input":{"@type":"PropertyValueSpecification","valueRequired":true,"valueName":"search_term_string"}}],"inLanguage":"en-US"},{"@type":"Organization","@id":"https:\/\/www.mostkatowice.pl\/#organization","name":"Stowarzyszenie MOST","url":"https:\/\/www.mostkatowice.pl\/","logo":{"@type":"ImageObject","inLanguage":"en-US","@id":"https:\/\/www.mostkatowice.pl\/#\/schema\/logo\/image\/","url":"https:\/\/www.mostkatowice.pl\/wp-content\/uploads\/2022\/11\/cropped-cropped-cropped-MOST_Stowarzyszenie_Logo_RGB-03-4-e1667486323777.png","contentUrl":"https:\/\/www.mostkatowice.pl\/wp-content\/uploads\/2022\/11\/cropped-cropped-cropped-MOST_Stowarzyszenie_Logo_RGB-03-4-e1667486323777.png","width":128,"height":89,"caption":"Stowarzyszenie MOST"},"image":{"@id":"https:\/\/www.mostkatowice.pl\/#\/schema\/logo\/image\/"},"sameAs":["https:\/\/www.facebook.com\/mostkatowice","https:\/\/www.youtube.com\/@stowarzyszeniemost832"]},{"@type":"Person","@id":"https:\/\/www.mostkatowice.pl\/#\/schema\/person\/c9027b32e55f8461a32c15d6a45c6c88","name":"Agnieszka","image":{"@type":"ImageObject","inLanguage":"en-US","@id":"https:\/\/www.mostkatowice.pl\/#\/schema\/person\/image\/","url":"https:\/\/secure.gravatar.com\/avatar\/617166231e71f18303396375234f5ce451782dafb8e172fe30a510b70e1d7848?s=96&d=mm&r=g","contentUrl":"https:\/\/secure.gravatar.com\/avatar\/617166231e71f18303396375234f5ce451782dafb8e172fe30a510b70e1d7848?s=96&d=mm&r=g","caption":"Agnieszka"},"url":"https:\/\/www.mostkatowice.pl\/en\/author\/agnieszka\/"}]}},"_links":{"self":[{"href":"https:\/\/www.mostkatowice.pl\/en\/wp-json\/wp\/v2\/posts\/1457","targetHints":{"allow":["GET"]}}],"collection":[{"href":"https:\/\/www.mostkatowice.pl\/en\/wp-json\/wp\/v2\/posts"}],"about":[{"href":"https:\/\/www.mostkatowice.pl\/en\/wp-json\/wp\/v2\/types\/post"}],"author":[{"embeddable":true,"href":"https:\/\/www.mostkatowice.pl\/en\/wp-json\/wp\/v2\/users\/2"}],"replies":[{"embeddable":true,"href":"https:\/\/www.mostkatowice.pl\/en\/wp-json\/wp\/v2\/comments?post=1457"}],"version-history":[{"count":1,"href":"https:\/\/www.mostkatowice.pl\/en\/wp-json\/wp\/v2\/posts\/1457\/revisions"}],"predecessor-version":[{"id":1460,"href":"https:\/\/www.mostkatowice.pl\/en\/wp-json\/wp\/v2\/posts\/1457\/revisions\/1460"}],"wp:featuredmedia":[{"embeddable":true,"href":"https:\/\/www.mostkatowice.pl\/en\/wp-json\/wp\/v2\/media\/1458"}],"wp:attachment":[{"href":"https:\/\/www.mostkatowice.pl\/en\/wp-json\/wp\/v2\/media?parent=1457"}],"wp:term":[{"taxonomy":"category","embeddable":true,"href":"https:\/\/www.mostkatowice.pl\/en\/wp-json\/wp\/v2\/categories?post=1457"},{"taxonomy":"post_tag","embeddable":true,"href":"https:\/\/www.mostkatowice.pl\/en\/wp-json\/wp\/v2\/tags?post=1457"}],"curies":[{"name":"wp","href":"https:\/\/api.w.org\/{rel}","templated":true}]}}